{"id":24417,"date":"2021-02-17T11:12:23","date_gmt":"2021-02-17T14:12:23","guid":{"rendered":"https:\/\/atecordoba.org\/?p=24417"},"modified":"2021-02-17T11:12:23","modified_gmt":"2021-02-17T14:12:23","slug":"pami-ate-logro-tres-pases-a-planta-permanente-en-cordoba","status":"publish","type":"post","link":"https:\/\/atecordoba.org\/?p=24417","title":{"rendered":"PAMI: ATE logr\u00f3 tres pases a planta permanente en C\u00f3rdoba"},"content":{"rendered":"<p><img loading=\"lazy\" decoding=\"async\" class=\" wp-image-24414 aligncenter\" src=\"https:\/\/atecordoba.org\/wp-content\/uploads\/2021\/02\/ate-pami-300x164.jpg\" alt=\"\" width=\"585\" height=\"320\" srcset=\"https:\/\/atecordoba.org\/wp-content\/uploads\/2021\/02\/ate-pami-300x164.jpg 300w, https:\/\/atecordoba.org\/wp-content\/uploads\/2021\/02\/ate-pami.jpg 303w\" sizes=\"auto, (max-width: 585px) 100vw, 585px\" \/>A partir de la intervenci\u00f3n de ATE con las autoridades de PAMI, tres trabajadores y trabajadoras del organismo en C\u00f3rdoba pasaron a planta permanente en la obra social de los jubilados.<\/p>\n<p>Se trata de un anhelo cumplido de las y los compa\u00f1eros que ese ven\u00edan desempe\u00f1ando hace a\u00f1os como contratados, sin acceder a ese derecho fundamental de toda\u00a0 y todo trabajador estatal.<\/p>\n<p>Para tal fin, se cont\u00f3 con la gesti\u00f3n fundamental del coordinador Nacional de ATE PAMI, Ram\u00f3n Farias, y el aval expl\u00edcito del secretario General del CDP C\u00f3rdoba, Federico Giuliani.<\/p>\n<p><strong>Vacunaci\u00f3n<\/strong><\/p>\n<p>En una nota elevada el viernes pasado a la Directora Ejecutiva del PAMI, Luana Volnovich, el Consejo Directivo Provincial (CDP) y la Coordinaci\u00f3n Nacional de ATE PAMI solicitaron que sea vacunada contra el Covid-19 la totalidad del personal del organismo.<\/p>\n<p>El pedido se funda en la exposici\u00f3n que las y los trabajadores tienen al momento de realizar la atenci\u00f3n de las y los afiliados y que los mismos constituyen el grupo de riesgo m\u00e1s problem\u00e1tico en la pandemia.<\/p>\n<p>En la misma nota, ATE solicita tambi\u00e9n que se implemente un cronograma para &#8220;trabajadores esenciales de efectores propios y trabajadores presenciales con el fin de dar cumplimiento a protocolos emanados por el Ministerio de Salud&#8221;.<\/p>\n<p>De esta forma, ATE contin\u00faa llevando a la pr\u00e1ctica su compromiso en defensa de la salud y el cuidado de las y los trabajadores y de la comunidad en general.<\/p>\n<p><img loading=\"lazy\" decoding=\"async\" class=\" wp-image-24413 aligncenter\" src=\"https:\/\/atecordoba.org\/wp-content\/uploads\/2021\/02\/IMG-20210217-WA0022-215x300.jpg\" alt=\"\" width=\"416\" height=\"580\" srcset=\"https:\/\/atecordoba.org\/wp-content\/uploads\/2021\/02\/IMG-20210217-WA0022-215x300.jpg 215w, https:\/\/atecordoba.org\/wp-content\/uploads\/2021\/02\/IMG-20210217-WA0022.jpg 733w\" sizes=\"auto, (max-width: 416px) 100vw, 416px\" \/><\/p>\n","protected":false},"excerpt":{"rendered":"<p>A partir de la intervenci\u00f3n de ATE con las autoridades de PAMI, tres trabajadores y trabajadoras del organismo en C\u00f3rdoba pasaron a planta permanente en la obra social de los jubilados. Se trata de un anhelo cumplido de las y los compa\u00f1eros que ese ven\u00edan desempe\u00f1ando hace a\u00f1os como contratados, sin acceder a ese derecho [&hellip;]<\/p>\n","protected":false},"author":7,"featured_media":24414,"comment_status":"open","ping_status":"open","sticky":true,"template":"","format":"standard","meta":{"_exactmetrics_skip_tracking":false,"_exactmetrics_sitenote_active":false,"_exactmetrics_sitenote_note":"","_exactmetrics_sitenote_category":0,"jnews-multi-image_gallery":[],"jnews_single_post":{"source_name":"","source_url":"","via_name":"","via_url":"","override_template":"0","override":[{"template":"1","single_blog_custom":"","parallax":"1","fullscreen":"0","layout":"right-sidebar","sidebar":"default-sidebar","second_sidebar":"default-sidebar","sticky_sidebar":"1","share_position":"top","share_float_style":"share-monocrhome","show_share_counter":"1","show_view_counter":"1","show_featured":"1","show_post_meta":"1","show_post_author":"1","show_post_author_image":"1","show_post_date":"1","post_date_format":"default","post_date_format_custom":"Y\/m\/d","show_post_category":"1","show_post_reading_time":"0","post_reading_time_wpm":"300","show_zoom_button":"0","zoom_button_out_step":"2","zoom_button_in_step":"3","show_post_tag":"1","show_prev_next_post":"1","show_popup_post":"1","number_popup_post":"1","show_author_box":"0","show_post_related":"0","show_inline_post_related":"0"}],"override_image_size":"0","image_override":[{"single_post_thumbnail_size":"crop-500","single_post_gallery_size":"crop-500"}],"trending_post":"0","trending_post_position":"meta","trending_post_label":"Trending","sponsored_post":"0","sponsored_post_label":"Sponsored by","sponsored_post_name":"","sponsored_post_url":"","sponsored_post_logo_enable":"0","sponsored_post_logo":"","sponsored_post_desc":""},"jnews_primary_category":{"id":""},"jnews_social_meta":{"fb_title":"","fb_description":"","fb_image":"","twitter_title":"","twitter_description":"","twitter_image":""},"jnews_review":[],"enable_review":"0","type":"percentage","name":"","summary":"","brand":"","sku":"","good":[{"good_text":""}],"bad":[{"bad_text":""}],"score_override":"","override_value":"","rating":[{"rating_text":"","rating_number":"10"}],"price":[{"shop":"","price":"","link":"","icon":""}],"jnews_override_counter":{"override_view_counter":"0","view_counter_number":"0","override_share_counter":"0","share_counter_number":"0","override_like_counter":"0","like_counter_number":"0","override_dislike_counter":"0","dislike_counter_number":"0"},"jnews_post_split":{"enable_post_split":"0","post_split":[{"template":"1","tag":"h2","numbering":"asc","mode":"normal"}]},"footnotes":""},"categories":[18],"tags":[57],"class_list":["post-24417","post","type-post","status-publish","format-standard","has-post-thumbnail","hentry","category-nacionales","tag-pami"],"jetpack_featured_media_url":"https:\/\/atecordoba.org\/wp-content\/uploads\/2021\/02\/ate-pami.jpg","_links":{"self":[{"href":"https:\/\/atecordoba.org\/index.php?rest_route=\/wp\/v2\/posts\/24417","targetHints":{"allow":["GET"]}}],"collection":[{"href":"https:\/\/atecordoba.org\/index.php?rest_route=\/wp\/v2\/posts"}],"about":[{"href":"https:\/\/atecordoba.org\/index.php?rest_route=\/wp\/v2\/types\/post"}],"author":[{"embeddable":true,"href":"https:\/\/atecordoba.org\/index.php?rest_route=\/wp\/v2\/users\/7"}],"replies":[{"embeddable":true,"href":"https:\/\/atecordoba.org\/index.php?rest_route=%2Fwp%2Fv2%2Fcomments&post=24417"}],"version-history":[{"count":1,"href":"https:\/\/atecordoba.org\/index.php?rest_route=\/wp\/v2\/posts\/24417\/revisions"}],"predecessor-version":[{"id":24418,"href":"https:\/\/atecordoba.org\/index.php?rest_route=\/wp\/v2\/posts\/24417\/revisions\/24418"}],"wp:featuredmedia":[{"embeddable":true,"href":"https:\/\/atecordoba.org\/index.php?rest_route=\/wp\/v2\/media\/24414"}],"wp:attachment":[{"href":"https:\/\/atecordoba.org\/index.php?rest_route=%2Fwp%2Fv2%2Fmedia&parent=24417"}],"wp:term":[{"taxonomy":"category","embeddable":true,"href":"https:\/\/atecordoba.org\/index.php?rest_route=%2Fwp%2Fv2%2Fcategories&post=24417"},{"taxonomy":"post_tag","embeddable":true,"href":"https:\/\/atecordoba.org\/index.php?rest_route=%2Fwp%2Fv2%2Ftags&post=24417"}],"curies":[{"name":"wp","href":"https:\/\/api.w.org\/{rel}","templated":true}]}}