{"id":24409,"date":"2021-02-17T10:23:49","date_gmt":"2021-02-17T13:23:49","guid":{"rendered":"https:\/\/atecordoba.org\/?p=24409"},"modified":"2021-02-17T10:23:49","modified_gmt":"2021-02-17T13:23:49","slug":"upc-asamblea-definira-nuevas-medidas-de-accion-gremial","status":"publish","type":"post","link":"https:\/\/atecordoba.org\/?p=24409","title":{"rendered":"UPC: asamblea definir\u00e1 nuevas medidas de acci\u00f3n gremial"},"content":{"rendered":"<div><img loading=\"lazy\" decoding=\"async\" class=\" wp-image-24410 aligncenter\" src=\"https:\/\/atecordoba.org\/wp-content\/uploads\/2021\/02\/IMG-20210216-WA0021-300x300.jpg\" alt=\"\" width=\"533\" height=\"533\" srcset=\"https:\/\/atecordoba.org\/wp-content\/uploads\/2021\/02\/IMG-20210216-WA0021-300x300.jpg 300w, https:\/\/atecordoba.org\/wp-content\/uploads\/2021\/02\/IMG-20210216-WA0021-1024x1024.jpg 1024w, https:\/\/atecordoba.org\/wp-content\/uploads\/2021\/02\/IMG-20210216-WA0021-150x150.jpg 150w, https:\/\/atecordoba.org\/wp-content\/uploads\/2021\/02\/IMG-20210216-WA0021-768x768.jpg 768w, https:\/\/atecordoba.org\/wp-content\/uploads\/2021\/02\/IMG-20210216-WA0021-560x560.jpg 560w, https:\/\/atecordoba.org\/wp-content\/uploads\/2021\/02\/IMG-20210216-WA0021-75x75.jpg 75w, https:\/\/atecordoba.org\/wp-content\/uploads\/2021\/02\/IMG-20210216-WA0021-750x750.jpg 750w, https:\/\/atecordoba.org\/wp-content\/uploads\/2021\/02\/IMG-20210216-WA0021-1140x1140.jpg 1140w, https:\/\/atecordoba.org\/wp-content\/uploads\/2021\/02\/IMG-20210216-WA0021.jpg 1280w\" sizes=\"auto, (max-width: 533px) 100vw, 533px\" \/>Frente a los despidos y la persecuci\u00f3n que las autoridades de la Universidad Provincial de C\u00f3rdoba impuso desde diciembre pasado, en el marco de las tensiones entre la patronal y la comunidad educativa por la normalizaci\u00f3n de la casa de estudios, est\u00e1s convocada una asamblea v\u00eda virtual para el pr\u00f3ximo viernes a las 18.30, a lso fines de determinar los pasos a seguir.<\/div>\n<div>Los interesados puede ingresar a la asamblea, por medio de google meet a trav\u00e9s del link <a href=\"https:\/\/meet.google.com\/ixc-wufs-tyt\" target=\"_blank\" rel=\"noopener noreferrer\" data-saferedirecturl=\"https:\/\/www.google.com\/url?q=https:\/\/meet.google.com\/ixc-wufs-tyt&amp;source=gmail&amp;ust=1613651797505000&amp;usg=AFQjCNHlBSzliXh8EkDYfRgmdKmYnuNVxw\">https:\/\/meet.google.com\/ixc-<wbr \/>wufs-tyt<\/a><\/div>\n<div>En la oportunidad se reprogramar\u00e1 la clase p\u00fablica, para promover la participaci\u00f3n en la marcha convocada por el colectivo<strong> Ni Una Menos<\/strong>.<\/div>\n<h3>Retrato de un despido<\/h3>\n<div>\n<p>El colectivo editorial La Tinta realiz\u00f3 una cr\u00f3nica de la situaci\u00f3n que atraviesa el delegado normalizador Juan Valfr\u00e9, despedido en abierta ilegalidad ya que lo protege el tutela sindical para preservar su derecho y el de sus compa\u00f1eras y compa\u00f1eros representados.<\/p>\n<p>La siguiente es su mirada sobre el conflicto:<\/p>\n<p>\u201cEn la primera semana de febrero, la comunidad universitaria instal\u00f3 la \u201cCarpa por la Democracia, el Trabajo y los Derechos Humanos\u201d. La iniciativa impulsada por ATE buscaba\u00a0lograr la reincorporaci\u00f3n del delegado gremial y la renuncia del vicerrector Enrique Bambozzi.\u00a0El sindicato asegura en su\u00a0comunicado\u00a0que \u201cel car\u00e1cter represivo de la medida atenta contra la libertad sindical y sienta un grav\u00edsimo precedente de atropello a los derechos humanos y laborales. Las represalias est\u00e1n prohibidas por el derecho Nacional e Internacional, y son repudiadas, tambi\u00e9n, por la comunidad universitaria\u201d.<\/p>\n<p>La situaci\u00f3n contin\u00faa sin cambios. Valfr\u00e9 expresa que la \u00fanica diferencia es que, en estos d\u00edas, se presentar\u00e1 una acci\u00f3n de amparo reclamando la reinstalaci\u00f3n laboral por \u201cel despido discriminatorio y persecutorio de car\u00e1cter antisindical e ideol\u00f3gico realizado por el Vicerrector, en medio del receso por vacaciones y estando cerrada la Universidad\u201d.<\/p>\n<p>\u201cEl Estado mismo est\u00e1 incurriendo en fraude laboral y tiene la mayor\u00eda de sus docentes, codocentes y personal no docente en negro, contratado, lo cual genera incertidumbre e incumple con las legislaciones laborales vigentes y, sobre todo, con lo que dice la Constituci\u00f3n Nacional de la estabilidad laboral en lo p\u00fablico\u201d, fueron las palabras del secretario general de ATE C\u00f3rdoba, Federico Giuliani, ante algunos medios.<\/p>\n<p>El reclamo \u201cmedular\u201d que atenta contra la democracia de la UPC tiene que ver con la demora en regularizar la normalizaci\u00f3n de la universidad. La actual rectora, Raquel Krawchik, fue elegida por el Ejecutivo y deb\u00eda estar en su cargo, como m\u00e1ximo -y seg\u00fan el Art\u00edculo 49 de la Ley de Educaci\u00f3n Superior- cuatro a\u00f1os, y este es el s\u00e9ptimo ciclo lectivo, \u201cmanejando la universidad como un feudo, con familiares trabajando sin concursar\u201d, seg\u00fan Giuliani.<\/p>\n<p>Junto al Gremio,\u00a0estudiantes, docentes y egresadxs organizadxs\u00a0est\u00e1n pidiendo que haya elecciones en donde participen todos los estamentos, lo antes posible. Esta semana, se llevar\u00e1n a cabo clases p\u00fablicas en la explanada del Patio Olmos y una Asamblea Interestamentaria para definir nuevas medidas de acci\u00f3n\u201d.<\/p>\n<p>&nbsp;<\/p>\n<p>&nbsp;<\/p>\n<\/div>\n","protected":false},"excerpt":{"rendered":"<p>Frente a los despidos y la persecuci\u00f3n que las autoridades de la Universidad Provincial de C\u00f3rdoba impuso desde diciembre pasado, en el marco de las tensiones entre la patronal y la comunidad educativa por la normalizaci\u00f3n de la casa de estudios, est\u00e1s convocada una asamblea v\u00eda virtual para el pr\u00f3ximo viernes a las 18.30, a [&hellip;]<\/p>\n","protected":false},"author":7,"featured_media":24410,"comment_status":"open","ping_status":"open","sticky":true,"template":"","format":"standard","meta":{"_exactmetrics_skip_tracking":false,"_exactmetrics_sitenote_active":false,"_exactmetrics_sitenote_note":"","_exactmetrics_sitenote_category":0,"jnews-multi-image_gallery":[],"jnews_single_post":{"source_name":"","source_url":"","via_name":"","via_url":"","override_template":"0","override":[{"template":"1","single_blog_custom":"","parallax":"1","fullscreen":"0","layout":"right-sidebar","sidebar":"default-sidebar","second_sidebar":"default-sidebar","sticky_sidebar":"1","share_position":"top","share_float_style":"share-monocrhome","show_share_counter":"1","show_view_counter":"1","show_featured":"1","show_post_meta":"1","show_post_author":"1","show_post_author_image":"1","show_post_date":"1","post_date_format":"default","post_date_format_custom":"Y\/m\/d","show_post_category":"1","show_post_reading_time":"0","post_reading_time_wpm":"300","show_zoom_button":"0","zoom_button_out_step":"2","zoom_button_in_step":"3","show_post_tag":"1","show_prev_next_post":"1","show_popup_post":"1","number_popup_post":"1","show_author_box":"0","show_post_related":"0","show_inline_post_related":"0"}],"override_image_size":"0","image_override":[{"single_post_thumbnail_size":"crop-500","single_post_gallery_size":"crop-500"}],"trending_post":"0","trending_post_position":"meta","trending_post_label":"Trending","sponsored_post":"0","sponsored_post_label":"Sponsored by","sponsored_post_name":"","sponsored_post_url":"","sponsored_post_logo_enable":"0","sponsored_post_logo":"","sponsored_post_desc":""},"jnews_primary_category":{"id":""},"jnews_social_meta":{"fb_title":"","fb_description":"","fb_image":"","twitter_title":"","twitter_description":"","twitter_image":""},"jnews_review":[],"enable_review":"0","type":"percentage","name":"","summary":"","brand":"","sku":"","good":[{"good_text":""}],"bad":[{"bad_text":""}],"score_override":"","override_value":"","rating":[{"rating_text":"","rating_number":"10"}],"price":[{"shop":"","price":"","link":"","icon":""}],"jnews_override_counter":{"override_view_counter":"0","view_counter_number":"0","override_share_counter":"0","share_counter_number":"0","override_like_counter":"0","like_counter_number":"0","override_dislike_counter":"0","dislike_counter_number":"0"},"jnews_post_split":{"enable_post_split":"0","post_split":[{"template":"1","tag":"h2","numbering":"asc","mode":"normal"}]},"footnotes":""},"categories":[8],"tags":[729],"class_list":["post-24409","post","type-post","status-publish","format-standard","has-post-thumbnail","hentry","category-provinciales","tag-universidad-provincial-de-cordoba"],"jetpack_featured_media_url":"https:\/\/atecordoba.org\/wp-content\/uploads\/2021\/02\/IMG-20210216-WA0021.jpg","_links":{"self":[{"href":"https:\/\/atecordoba.org\/index.php?rest_route=\/wp\/v2\/posts\/24409","targetHints":{"allow":["GET"]}}],"collection":[{"href":"https:\/\/atecordoba.org\/index.php?rest_route=\/wp\/v2\/posts"}],"about":[{"href":"https:\/\/atecordoba.org\/index.php?rest_route=\/wp\/v2\/types\/post"}],"author":[{"embeddable":true,"href":"https:\/\/atecordoba.org\/index.php?rest_route=\/wp\/v2\/users\/7"}],"replies":[{"embeddable":true,"href":"https:\/\/atecordoba.org\/index.php?rest_route=%2Fwp%2Fv2%2Fcomments&post=24409"}],"version-history":[{"count":1,"href":"https:\/\/atecordoba.org\/index.php?rest_route=\/wp\/v2\/posts\/24409\/revisions"}],"predecessor-version":[{"id":24411,"href":"https:\/\/atecordoba.org\/index.php?rest_route=\/wp\/v2\/posts\/24409\/revisions\/24411"}],"wp:featuredmedia":[{"embeddable":true,"href":"https:\/\/atecordoba.org\/index.php?rest_route=\/wp\/v2\/media\/24410"}],"wp:attachment":[{"href":"https:\/\/atecordoba.org\/index.php?rest_route=%2Fwp%2Fv2%2Fmedia&parent=24409"}],"wp:term":[{"taxonomy":"category","embeddable":true,"href":"https:\/\/atecordoba.org\/index.php?rest_route=%2Fwp%2Fv2%2Fcategories&post=24409"},{"taxonomy":"post_tag","embeddable":true,"href":"https:\/\/atecordoba.org\/index.php?rest_route=%2Fwp%2Fv2%2Ftags&post=24409"}],"curies":[{"name":"wp","href":"https:\/\/api.w.org\/{rel}","templated":true}]}}