{"id":24400,"date":"2021-02-17T09:00:10","date_gmt":"2021-02-17T12:00:10","guid":{"rendered":"https:\/\/atecordoba.org\/?p=24400"},"modified":"2021-02-17T09:20:18","modified_gmt":"2021-02-17T12:20:18","slug":"municipales-ate-cierra-el-ano-salarial-en-freyre-con-un-36-de-aumento","status":"publish","type":"post","link":"https:\/\/atecordoba.org\/?p=24400","title":{"rendered":"Municipales: ATE cierra el a\u00f1o salarial en Freyre con un 36% de aumento"},"content":{"rendered":"<div style='display:none' class=\"jeg_preview_slider gallery_1\" data-selector='gallery_1'>\n                        <div class=\"jeg_preview_holder\">\n                            <div class=\"jeg_preview_media\">\n                        <div class=\"jeg_preview_media_holder\">\n                            <h3>&nbsp;<\/h3>\n                            <div class=\"fullscreen-switch\">\n                                <i class=\"fa\"><\/i>\n                            <\/div>\n                            <div class=\"jeg_preview_media_content\">\n                                <div class=\"jeg_preview_media_content_holder_padding\">\n                                    <div class=\"jeg_preview_media_content_holder\"><\/div>\n                                <\/div>\n                                <div class=\"jeg_preview_media_content_navigation\">\n                                    <div class=\"prev\">\n\t\t\t\t\t\t\t\t\t\t<i class=\"fa\"><\/i>\n\t\t\t\t\t\t\t\t\t<\/div>\n                                    <div class=\"next\">\n\t\t\t\t\t\t\t\t\t\t<i class=\"fa\"><\/i>\n\t\t\t\t\t\t\t\t\t<\/div>\n                                <\/div>\n                                <div class='preview-slider-overlay'>\n                                    <div class='preloader_type preloader_dot'>\n                                        <div class=\"module-preloader jeg_preloader dot\">\n                                            <span><\/span><span><\/span><span><\/span>\n                                        <\/div>\n                                        <div class=\"module-preloader jeg_preloader circle\">\n                                            <div class=\"jnews_preloader_circle_outer\">\n                                                <div class=\"jnews_preloader_circle_inner\"><\/div>\n                                            <\/div>\n                                        <\/div>\n                                        <div class=\"module-preloader jeg_preloader square\">\n                                            <div class=\"jeg_square\">\n                                                <div class=\"jeg_square_inner\"><\/div>\n                                            <\/div>\n                                        <\/div>\n                                    <\/div>\n                                <\/div>\n                            <\/div>\n                            <div class=\"jeg_preview_control\">\n                                <div class=\"left_control\">\n                                    <div class=\"counter\"><span class=\"current\">1<\/span> de  2<\/div>\n                                    <div class=\"subtitle\"><\/div>\n                                <\/div>\n                                <div class=\"zoom\">\n                                    <span class=\"reduce\">-<\/span>\n                                    <span class=\"increase\">+<\/span>\n                                <\/div>\n                            <\/div>\n                        <\/div>\n                    <\/div>\n\n                    <div class=\"jeg_preview_bottom_slider\">\n                        <a data-id=\"0\" data-title=\"\" data-image=\"https:\/\/atecordoba.org\/wp-content\/uploads\/2021\/02\/FB_IMG_1613493234349.jpg\" href=\"https:\/\/atecordoba.org\/wp-content\/uploads\/2021\/02\/FB_IMG_1613493234349.jpg\" class=\"jeg_preview_item active\">\n                            <div class=\"jeg_preview_item_thumbnail\">\n                                <img loading=\"lazy\" decoding=\"async\" width=\"120\" height=\"86\" src=\"https:\/\/atecordoba.org\/wp-content\/uploads\/2021\/02\/FB_IMG_1613493234349-120x86.jpg\" class=\"attachment-jnews-120x86 size-jnews-120x86\" alt=\"\" srcset=\"https:\/\/atecordoba.org\/wp-content\/uploads\/2021\/02\/FB_IMG_1613493234349-120x86.jpg 120w, https:\/\/atecordoba.org\/wp-content\/uploads\/2021\/02\/FB_IMG_1613493234349-350x250.jpg 350w, https:\/\/atecordoba.org\/wp-content\/uploads\/2021\/02\/FB_IMG_1613493234349-750x536.jpg 750w\" sizes=\"auto, (max-width: 120px) 100vw, 120px\" \/>\n                            <\/div>\n                        <\/a><a data-id=\"1\" data-title=\"\" data-image=\"https:\/\/atecordoba.org\/wp-content\/uploads\/2021\/02\/FB_IMG_1613493218125-1.jpg\" href=\"https:\/\/atecordoba.org\/wp-content\/uploads\/2021\/02\/FB_IMG_1613493218125-1.jpg\" class=\"jeg_preview_item \">\n                            <div class=\"jeg_preview_item_thumbnail\">\n                                <img loading=\"lazy\" decoding=\"async\" width=\"120\" height=\"86\" src=\"https:\/\/atecordoba.org\/wp-content\/uploads\/2021\/02\/FB_IMG_1613493218125-1-120x86.jpg\" class=\"attachment-jnews-120x86 size-jnews-120x86\" alt=\"\" srcset=\"https:\/\/atecordoba.org\/wp-content\/uploads\/2021\/02\/FB_IMG_1613493218125-1-120x86.jpg 120w, https:\/\/atecordoba.org\/wp-content\/uploads\/2021\/02\/FB_IMG_1613493218125-1-350x250.jpg 350w\" sizes=\"auto, (max-width: 120px) 100vw, 120px\" \/>\n                            <\/div>\n                        <\/a>\n                    <\/div>\n                        <\/div>\n                        <div class=\"jeg_preview_description\">\n                            \n                            <div class=\"jeg_preview_description_wrapper\">\n                            \n                            <\/div>\n                        <\/div>\n                        <script>\n                            var gallery_1 = {\n                                rtl: false,\n                                native_zoom: false,\n                                zoom_max: 5,\n                                zoom_step: 40,\n                                image_sequence: [{\"src\":\"https:\\\/\\\/atecordoba.org\\\/wp-content\\\/uploads\\\/2021\\\/02\\\/FB_IMG_1613493234349.jpg\",\"w\":960,\"h\":719,\"title\":\"\"},{\"src\":\"https:\\\/\\\/atecordoba.org\\\/wp-content\\\/uploads\\\/2021\\\/02\\\/FB_IMG_1613493218125-1.jpg\",\"w\":720,\"h\":960,\"title\":\"\"}]\n                            };\n                        <\/script>\n                    <\/div>\n<p>Despu\u00e9s de gestiones iniciadas por la Seccional ATE San Francisco en la localidad de Freyre, se alcanz\u00f3 un acuerdo con el Ejecutivo municipal de la localidad que implica un incremento salarial del 11% que impactar\u00e1 en el b\u00e1sico de los haberes del sector.<\/p>\n<p>De esta forma, sumado al 25 % que se ven\u00eda abonando previamente, la seccional inform\u00f3 que se termina cerrando el a\u00f1o 2020 con un 36% de aumento, equiparando la inflaci\u00f3n general.<\/p>\n<p>Tambi\u00e9n por medio de gestiones hechas desde \u00a0ATE\u00a0 se abord\u00f3 la soluci\u00f3n del problema surgido por los descuentos que tuvieron algunos compa\u00f1eros y compa\u00f1eras en los bancos donde cobran el sueldo.<\/p>\n<p>En la oportunidad, la comuna se comprometi\u00f3 a reparar y modificar totalmente los ba\u00f1os del Corral\u00f3n, muy deteriorados, tanto para varones como mujeres.<\/p>\n<p>Por \u00faltimo, la Seccional ATE San Francisco detall\u00f3 que a partir de los primeros d\u00edas de marzo hay pactada una reuni\u00f3n con el Ejecutivo municipal para tratar una grilla de temas como el aumento salarial 2021, as\u00ed como las recategorizaciones pendientes y dem\u00e1s \u00edtems que vayan surgiendo.<\/p>\n<p><strong>Devoto<\/strong><\/p>\n<p>Continuando con el recorrido por el Departamento San justo, las y los compa\u00f1eros de la seccional visitaron la localidad de Devoto para recorrer las distintas \u00e1reas municipales y escuchar las propuestas e inquietudes de las y los compa\u00f1eros, sumando mas afiliaciones y finalizando la jornada con la visita a dos medios radiales de comunicaci\u00f3n y el canal local.<\/p>\n","protected":false},"excerpt":{"rendered":"<p>Despu\u00e9s de gestiones iniciadas por la Seccional ATE San Francisco en la localidad de Freyre, se alcanz\u00f3 un acuerdo con el Ejecutivo municipal de la localidad que implica un incremento salarial del 11% que impactar\u00e1 en el b\u00e1sico de los haberes del sector. De esta forma, sumado al 25 % que se ven\u00eda abonando previamente, [&hellip;]<\/p>\n","protected":false},"author":7,"featured_media":24402,"comment_status":"open","ping_status":"open","sticky":true,"template":"","format":"standard","meta":{"_exactmetrics_skip_tracking":false,"_exactmetrics_sitenote_active":false,"_exactmetrics_sitenote_note":"","_exactmetrics_sitenote_category":0,"jnews-multi-image_gallery":[],"jnews_single_post":{"source_name":"","source_url":"","via_name":"","via_url":"","override_template":"0","override":[{"template":"1","single_blog_custom":"","parallax":"1","fullscreen":"0","layout":"right-sidebar","sidebar":"default-sidebar","second_sidebar":"default-sidebar","sticky_sidebar":"1","share_position":"top","share_float_style":"share-monocrhome","show_share_counter":"1","show_view_counter":"1","show_featured":"1","show_post_meta":"1","show_post_author":"1","show_post_author_image":"1","show_post_date":"1","post_date_format":"default","post_date_format_custom":"Y\/m\/d","show_post_category":"1","show_post_reading_time":"0","post_reading_time_wpm":"300","show_zoom_button":"0","zoom_button_out_step":"2","zoom_button_in_step":"3","show_post_tag":"1","show_prev_next_post":"1","show_popup_post":"1","number_popup_post":"1","show_author_box":"0","show_post_related":"0","show_inline_post_related":"0"}],"override_image_size":"0","image_override":[{"single_post_thumbnail_size":"crop-500","single_post_gallery_size":"crop-500"}],"trending_post":"0","trending_post_position":"meta","trending_post_label":"Trending","sponsored_post":"0","sponsored_post_label":"Sponsored by","sponsored_post_name":"","sponsored_post_url":"","sponsored_post_logo_enable":"0","sponsored_post_logo":"","sponsored_post_desc":""},"jnews_primary_category":{"id":""},"jnews_social_meta":{"fb_title":"","fb_description":"","fb_image":"","twitter_title":"","twitter_description":"","twitter_image":""},"jnews_review":[],"enable_review":"0","type":"percentage","name":"","summary":"","brand":"","sku":"","good":[{"good_text":""}],"bad":[{"bad_text":""}],"score_override":"","override_value":"","rating":[{"rating_text":"","rating_number":"10"}],"price":[{"shop":"","price":"","link":"","icon":""}],"jnews_override_counter":{"override_view_counter":"0","view_counter_number":"0","override_share_counter":"0","share_counter_number":"0","override_like_counter":"0","like_counter_number":"0","override_dislike_counter":"0","dislike_counter_number":"0"},"jnews_post_split":{"enable_post_split":"0","post_split":[{"template":"1","tag":"h2","numbering":"asc","mode":"normal"}]},"footnotes":""},"categories":[20,148],"tags":[705,770],"class_list":["post-24400","post","type-post","status-publish","format-standard","has-post-thumbnail","hentry","category-municipales","category-san-justo","tag-devoto","tag-freyre"],"jetpack_featured_media_url":"https:\/\/atecordoba.org\/wp-content\/uploads\/2021\/02\/FB_IMG_1613493218125-1.jpg","_links":{"self":[{"href":"https:\/\/atecordoba.org\/index.php?rest_route=\/wp\/v2\/posts\/24400","targetHints":{"allow":["GET"]}}],"collection":[{"href":"https:\/\/atecordoba.org\/index.php?rest_route=\/wp\/v2\/posts"}],"about":[{"href":"https:\/\/atecordoba.org\/index.php?rest_route=\/wp\/v2\/types\/post"}],"author":[{"embeddable":true,"href":"https:\/\/atecordoba.org\/index.php?rest_route=\/wp\/v2\/users\/7"}],"replies":[{"embeddable":true,"href":"https:\/\/atecordoba.org\/index.php?rest_route=%2Fwp%2Fv2%2Fcomments&post=24400"}],"version-history":[{"count":2,"href":"https:\/\/atecordoba.org\/index.php?rest_route=\/wp\/v2\/posts\/24400\/revisions"}],"predecessor-version":[{"id":24406,"href":"https:\/\/atecordoba.org\/index.php?rest_route=\/wp\/v2\/posts\/24400\/revisions\/24406"}],"wp:featuredmedia":[{"embeddable":true,"href":"https:\/\/atecordoba.org\/index.php?rest_route=\/wp\/v2\/media\/24402"}],"wp:attachment":[{"href":"https:\/\/atecordoba.org\/index.php?rest_route=%2Fwp%2Fv2%2Fmedia&parent=24400"}],"wp:term":[{"taxonomy":"category","embeddable":true,"href":"https:\/\/atecordoba.org\/index.php?rest_route=%2Fwp%2Fv2%2Fcategories&post=24400"},{"taxonomy":"post_tag","embeddable":true,"href":"https:\/\/atecordoba.org\/index.php?rest_route=%2Fwp%2Fv2%2Ftags&post=24400"}],"curies":[{"name":"wp","href":"https:\/\/api.w.org\/{rel}","templated":true}]}}