{"id":24393,"date":"2021-02-12T15:18:06","date_gmt":"2021-02-12T18:18:06","guid":{"rendered":"https:\/\/atecordoba.org\/?p=24393"},"modified":"2021-02-12T15:18:06","modified_gmt":"2021-02-12T18:18:06","slug":"clase-publica-ciudadania-y-democracia-universitaria","status":"publish","type":"post","link":"https:\/\/atecordoba.org\/?p=24393","title":{"rendered":"Clase P\u00fablica \u201cCiudadan\u00eda y democracia universitaria\u201d"},"content":{"rendered":"<p><img loading=\"lazy\" decoding=\"async\" class=\" wp-image-24394 aligncenter\" src=\"https:\/\/atecordoba.org\/wp-content\/uploads\/2021\/02\/upc-300x300.jpeg\" alt=\"\" width=\"543\" height=\"543\" srcset=\"https:\/\/atecordoba.org\/wp-content\/uploads\/2021\/02\/upc-300x300.jpeg 300w, https:\/\/atecordoba.org\/wp-content\/uploads\/2021\/02\/upc-1024x1024.jpeg 1024w, https:\/\/atecordoba.org\/wp-content\/uploads\/2021\/02\/upc-150x150.jpeg 150w, https:\/\/atecordoba.org\/wp-content\/uploads\/2021\/02\/upc-768x768.jpeg 768w, https:\/\/atecordoba.org\/wp-content\/uploads\/2021\/02\/upc-560x560.jpeg 560w, https:\/\/atecordoba.org\/wp-content\/uploads\/2021\/02\/upc-75x75.jpeg 75w, https:\/\/atecordoba.org\/wp-content\/uploads\/2021\/02\/upc-750x750.jpeg 750w, https:\/\/atecordoba.org\/wp-content\/uploads\/2021\/02\/upc-1140x1140.jpeg 1140w, https:\/\/atecordoba.org\/wp-content\/uploads\/2021\/02\/upc.jpeg 1280w\" sizes=\"auto, (max-width: 543px) 100vw, 543px\" \/>En la explanada del Patio Olmos, Av. V\u00e9lez Sarsfield 361, se llevar\u00e1 a cabo una clase p\u00fablica, en el marco del plan de lucha de ATE en la Universidad Provincial de C\u00f3rdoba.<\/p>\n<p>Disertar\u00e1n:<\/p>\n<ul>\n<li>Representantes del Movimiento Estudiantil FAD-UPC.<\/li>\n<li>Dra. Alejandra Peri\u00e9- Docente de la UNC y la UPC.<\/li>\n<li>Dr. Eugenio Biafore- Abogado Especialista en Derecho Laboral Individual y Colectivo.<\/li>\n<li>Dra. Viviana Fernandez &#8211; Docente de la UNLAR y de la UPC.<\/li>\n<li>\u00a1Sigamos luchando juntxs por una Universidad Provincial P\u00fablica, Gratuita, Popular y Democr\u00e1tica!<\/li>\n<\/ul>\n<p>#UPCEnMovimiento<\/p>\n<p>#DemocraciaYA<\/p>\n","protected":false},"excerpt":{"rendered":"<p>En la explanada del Patio Olmos, Av. V\u00e9lez Sarsfield 361, se llevar\u00e1 a cabo una clase p\u00fablica, en el marco del plan de lucha de ATE en la Universidad Provincial de C\u00f3rdoba. Disertar\u00e1n: Representantes del Movimiento Estudiantil FAD-UPC. Dra. Alejandra Peri\u00e9- Docente de la UNC y la UPC. Dr. Eugenio Biafore- Abogado Especialista en Derecho [&hellip;]<\/p>\n","protected":false},"author":7,"featured_media":24394,"comment_status":"open","ping_status":"open","sticky":true,"template":"","format":"standard","meta":{"_exactmetrics_skip_tracking":false,"_exactmetrics_sitenote_active":false,"_exactmetrics_sitenote_note":"","_exactmetrics_sitenote_category":0,"jnews-multi-image_gallery":[],"jnews_single_post":{"source_name":"","source_url":"","via_name":"","via_url":"","override_template":"0","override":[{"template":"1","single_blog_custom":"","parallax":"1","fullscreen":"0","layout":"right-sidebar","sidebar":"default-sidebar","second_sidebar":"default-sidebar","sticky_sidebar":"1","share_position":"top","share_float_style":"share-monocrhome","show_share_counter":"1","show_view_counter":"1","show_featured":"1","show_post_meta":"1","show_post_author":"1","show_post_author_image":"1","show_post_date":"1","post_date_format":"default","post_date_format_custom":"Y\/m\/d","show_post_category":"1","show_post_reading_time":"0","post_reading_time_wpm":"300","show_zoom_button":"0","zoom_button_out_step":"2","zoom_button_in_step":"3","show_post_tag":"1","show_prev_next_post":"1","show_popup_post":"1","number_popup_post":"1","show_author_box":"0","show_post_related":"0","show_inline_post_related":"0"}],"override_image_size":"0","image_override":[{"single_post_thumbnail_size":"crop-500","single_post_gallery_size":"crop-500"}],"trending_post":"0","trending_post_position":"meta","trending_post_label":"Trending","sponsored_post":"0","sponsored_post_label":"Sponsored by","sponsored_post_name":"","sponsored_post_url":"","sponsored_post_logo_enable":"0","sponsored_post_logo":"","sponsored_post_desc":""},"jnews_primary_category":{"id":""},"jnews_social_meta":{"fb_title":"","fb_description":"","fb_image":"","twitter_title":"","twitter_description":"","twitter_image":""},"jnews_review":[],"enable_review":"0","type":"percentage","name":"","summary":"","brand":"","sku":"","good":[{"good_text":""}],"bad":[{"bad_text":""}],"score_override":"","override_value":"","rating":[{"rating_text":"","rating_number":"10"}],"price":[{"shop":"","price":"","link":"","icon":""}],"jnews_override_counter":{"override_view_counter":"0","view_counter_number":"0","override_share_counter":"0","share_counter_number":"0","override_like_counter":"0","like_counter_number":"0","override_dislike_counter":"0","dislike_counter_number":"0"},"jnews_post_split":{"enable_post_split":"0","post_split":[{"template":"1","tag":"h2","numbering":"asc","mode":"normal"}]},"footnotes":""},"categories":[8],"tags":[729],"class_list":["post-24393","post","type-post","status-publish","format-standard","has-post-thumbnail","hentry","category-provinciales","tag-universidad-provincial-de-cordoba"],"jetpack_featured_media_url":"https:\/\/atecordoba.org\/wp-content\/uploads\/2021\/02\/upc.jpeg","_links":{"self":[{"href":"https:\/\/atecordoba.org\/index.php?rest_route=\/wp\/v2\/posts\/24393","targetHints":{"allow":["GET"]}}],"collection":[{"href":"https:\/\/atecordoba.org\/index.php?rest_route=\/wp\/v2\/posts"}],"about":[{"href":"https:\/\/atecordoba.org\/index.php?rest_route=\/wp\/v2\/types\/post"}],"author":[{"embeddable":true,"href":"https:\/\/atecordoba.org\/index.php?rest_route=\/wp\/v2\/users\/7"}],"replies":[{"embeddable":true,"href":"https:\/\/atecordoba.org\/index.php?rest_route=%2Fwp%2Fv2%2Fcomments&post=24393"}],"version-history":[{"count":1,"href":"https:\/\/atecordoba.org\/index.php?rest_route=\/wp\/v2\/posts\/24393\/revisions"}],"predecessor-version":[{"id":24395,"href":"https:\/\/atecordoba.org\/index.php?rest_route=\/wp\/v2\/posts\/24393\/revisions\/24395"}],"wp:featuredmedia":[{"embeddable":true,"href":"https:\/\/atecordoba.org\/index.php?rest_route=\/wp\/v2\/media\/24394"}],"wp:attachment":[{"href":"https:\/\/atecordoba.org\/index.php?rest_route=%2Fwp%2Fv2%2Fmedia&parent=24393"}],"wp:term":[{"taxonomy":"category","embeddable":true,"href":"https:\/\/atecordoba.org\/index.php?rest_route=%2Fwp%2Fv2%2Fcategories&post=24393"},{"taxonomy":"post_tag","embeddable":true,"href":"https:\/\/atecordoba.org\/index.php?rest_route=%2Fwp%2Fv2%2Ftags&post=24393"}],"curies":[{"name":"wp","href":"https:\/\/api.w.org\/{rel}","templated":true}]}}