{"id":24385,"date":"2021-02-12T12:39:18","date_gmt":"2021-02-12T15:39:18","guid":{"rendered":"https:\/\/atecordoba.org\/?p=24385"},"modified":"2021-02-12T13:45:05","modified_gmt":"2021-02-12T16:45:05","slug":"german-abdala-el-militante-popular-que-marco-la-historia-de-ate","status":"publish","type":"post","link":"https:\/\/atecordoba.org\/?p=24385","title":{"rendered":"Germ\u00e1n Abdala, el militante popular que marc\u00f3 la historia de ATE"},"content":{"rendered":"<p><img loading=\"lazy\" decoding=\"async\" class=\" wp-image-24386 alignleft\" src=\"https:\/\/atecordoba.org\/wp-content\/uploads\/2021\/02\/144557474_10159039618664805_3548172239587622734_n-1-225x300.jpg\" alt=\"\" width=\"367\" height=\"489\" srcset=\"https:\/\/atecordoba.org\/wp-content\/uploads\/2021\/02\/144557474_10159039618664805_3548172239587622734_n-1-225x300.jpg 225w, https:\/\/atecordoba.org\/wp-content\/uploads\/2021\/02\/144557474_10159039618664805_3548172239587622734_n-1-768x1024.jpg 768w, https:\/\/atecordoba.org\/wp-content\/uploads\/2021\/02\/144557474_10159039618664805_3548172239587622734_n-1-750x1000.jpg 750w, https:\/\/atecordoba.org\/wp-content\/uploads\/2021\/02\/144557474_10159039618664805_3548172239587622734_n-1.jpg 900w\" sizes=\"auto, (max-width: 367px) 100vw, 367px\" \/>\u201cMe llamo Germ\u00e1n Abdala, hijo de Manzur Abdala y de Ana Mercedes Fulca. Nac\u00ed el 12 de febrero de 1955\u201d, comienza una de las tantas semblanzas del fundador de la Agrupaci\u00f3n Anusate, que conduce ATE desde la recuperaci\u00f3n de la democracia, arrancando al gremio de los estatales de las garras de los bur\u00f3cratas colaboracionistas de la dictadura. No muchos pueden decir lo mismo.<\/p>\n<p>Hincha de Boca Juniors, peronista de origen y frentista por vocaci\u00f3n, morocho y argentino, su madre lo dio a luz en Santa Teresita, all\u00e1 en el sur de la provincia de Buenos Aires, justo donde empieza el sur del mar Atl\u00e1ntico. \u201cCamin\u00e9 por muchos oficios tocando de o\u00eddo en todas partes, pero eso s\u00ed, dej\u00e1 bien asentado que por sobre todo fui y soy un militante popular\u201d, supo relatar.<\/p>\n<p>Junto a compa\u00f1eros insignes como V\u00edctor de Gennaro, H\u00e9ctor Quagliaro, o m\u00e1s ac\u00e1 en C\u00f3rdoba Oscar Cacho Mengarelli, Abdala no solo recuper\u00f3 ATE para el campo popular sino que estableci\u00f3 una l\u00ednea dentro de movimiento obrero, que derivar\u00eda en la lucha de la CGT en los \u201980 contra el FMI, la resistencia al neoliberalismo y la fundaci\u00f3n de la CTA durante el menemismo, el protagonismo de las luchas populares con la ca\u00edda de la Convertibilidad y el 19 y 20 de diciembre y la gestaci\u00f3n de una doctrina de defensa del Estado bajo la consigna \u201cfortalecer el Estado para liberar la Naci\u00f3n\u201d.<\/p>\n<p>Su padre era comerciante como el abuelo, ten\u00eda negocio de ramos generales en ese entonces, como todos los turcos, y despu\u00e9s se fue a Santa Teresita y puso un negocio. \u201cAh\u00ed nacimos mis dos hermanas, Anal\u00eda y Mirta, y yo; tuvimos una infancia muy linda la verdad, una infancia con mucho contacto con la naturaleza, eso de andar en patas todo el d\u00eda&#8230; Cerca del mar, hermoso, con gusto a sal todo el d\u00eda\u201d.<\/p>\n<p>Se traslad\u00f3 a Buenos Aires y la d\u00e9cada del \u201970 lo encuentra militando con los secundarios, form\u00e1ndose como cuadro pol\u00edtico en las lecturas de todo Per\u00f3n, Cooke o Mao. \u201cPor ah\u00ed anda, en alg\u00fan lugar perdido, una tapa de la revista El Descamisado donde aparezco con los compa\u00f1eros de la villa, llevando una bandera a Ezeiza el d\u00eda que volvi\u00f3 Per\u00f3n, el 20 de junio de 1973.Tuvimos coraje y huevos para enfrentar a los fachos que tiraban desde el palco pero cuando volv\u00eda a casa, casi a la media-noche, y mi vieja me vio todo embarrado, sucio y dolido por dentro y por fuera, volv\u00ed a ser un pibe mientras ella me gritaba: \u201c\u00bfAd\u00f3nde estuviste, Germ\u00e1n? \u00a1Mir\u00e1 c\u00f3mo viniste! \u00a1Ya te vas a ba\u00f1ar y cambiar de ropa inmediatamente!\u201d. La an\u00e9cdota pinta una postal de una generaci\u00f3n donde Germ\u00e1n est\u00e1 presente y que forjar\u00eda como bandera la resistencia a la dictadura y la defensa del Estado como bien com\u00fan de las y los argentinos.<\/p>\n<p>Esta semblanza, al cumplirse un nuevo aniversario de su cumplea\u00f1os puede finalizar, para aquellos afiliados y militantes de ATE que no lo conocieron o que apenas tienen una referencia de su figura, a partir de sus propias palabras, traducidas en acci\u00f3n concreta, que ense\u00f1an de compromiso y sentido de clase para los estatales.<\/p>\n<p>\u201cComo todos, empec\u00e9 a militar como parte de un compromiso social concreto, como parte de una m\u00edstica, como parte de una utop\u00eda y como parte de un compromiso de lucha de poder. Camin\u00e9 por muchos oficios (pintor de autos, encordador de raquetas de tenis, alba\u00f1il, instalador de vidrios, hasta llegar a ser estatal) tocando de o\u00eddo en todas partes, pero eso s\u00ed, por sobre todo fui y soy un militante popular. Y siempre he sentido esto como lo que es, un acto de entrega permanente\u201d.<\/p>\n<p><em>Los interesados pueden profundizar sobre la figura de Germ\u00e1n Abdala consultando el libro <strong>&#8220;Germ\u00e1n Abdala aun nos gu\u00eda&#8221;<\/strong>, del historiador Marcelo Paredes, <a href=\"https:\/\/issuu.com\/catedrabadala\/docs\/germ__n_b3f66d4f73e3dd\">ingresando aqu\u00ed.<\/a>\u00a0<\/em><\/p>\n","protected":false},"excerpt":{"rendered":"<p>\u201cMe llamo Germ\u00e1n Abdala, hijo de Manzur Abdala y de Ana Mercedes Fulca. Nac\u00ed el 12 de febrero de 1955\u201d, comienza una de las tantas semblanzas del fundador de la Agrupaci\u00f3n Anusate, que conduce ATE desde la recuperaci\u00f3n de la democracia, arrancando al gremio de los estatales de las garras de los bur\u00f3cratas colaboracionistas de [&hellip;]<\/p>\n","protected":false},"author":7,"featured_media":24387,"comment_status":"open","ping_status":"open","sticky":true,"template":"","format":"standard","meta":{"_exactmetrics_skip_tracking":false,"_exactmetrics_sitenote_active":false,"_exactmetrics_sitenote_note":"","_exactmetrics_sitenote_category":0,"jnews-multi-image_gallery":[],"jnews_single_post":{"source_name":"","source_url":"","via_name":"","via_url":"","override_template":"0","override":[{"template":"1","single_blog_custom":"","parallax":"1","fullscreen":"0","layout":"right-sidebar","sidebar":"default-sidebar","second_sidebar":"default-sidebar","sticky_sidebar":"1","share_position":"top","share_float_style":"share-monocrhome","show_share_counter":"1","show_view_counter":"1","show_featured":"1","show_post_meta":"1","show_post_author":"1","show_post_author_image":"1","show_post_date":"1","post_date_format":"default","post_date_format_custom":"Y\/m\/d","show_post_category":"1","show_post_reading_time":"0","post_reading_time_wpm":"300","show_zoom_button":"0","zoom_button_out_step":"2","zoom_button_in_step":"3","show_post_tag":"1","show_prev_next_post":"1","show_popup_post":"1","number_popup_post":"1","show_author_box":"0","show_post_related":"0","show_inline_post_related":"0"}],"override_image_size":"0","image_override":[{"single_post_thumbnail_size":"crop-500","single_post_gallery_size":"crop-500"}],"trending_post":"0","trending_post_position":"meta","trending_post_label":"Trending","sponsored_post":"0","sponsored_post_label":"Sponsored by","sponsored_post_name":"","sponsored_post_url":"","sponsored_post_logo_enable":"0","sponsored_post_logo":"","sponsored_post_desc":""},"jnews_primary_category":{"id":""},"jnews_social_meta":{"fb_title":"","fb_description":"","fb_image":"","twitter_title":"","twitter_description":"","twitter_image":""},"jnews_review":[],"enable_review":"0","type":"percentage","name":"","summary":"","brand":"","sku":"","good":[{"good_text":""}],"bad":[{"bad_text":""}],"score_override":"","override_value":"","rating":[{"rating_text":"","rating_number":"10"}],"price":[{"shop":"","price":"","link":"","icon":""}],"jnews_override_counter":{"override_view_counter":"0","view_counter_number":"0","override_share_counter":"0","share_counter_number":"0","override_like_counter":"0","like_counter_number":"0","override_dislike_counter":"0","dislike_counter_number":"0"},"jnews_post_split":{"enable_post_split":"0","post_split":[{"template":"1","tag":"h2","numbering":"asc","mode":"normal"}]},"footnotes":""},"categories":[10],"tags":[769],"class_list":["post-24385","post","type-post","status-publish","format-standard","has-post-thumbnail","hentry","category-accion-politica","tag-aniversario-german-abdala"],"jetpack_featured_media_url":"https:\/\/atecordoba.org\/wp-content\/uploads\/2021\/02\/german.jpg","_links":{"self":[{"href":"https:\/\/atecordoba.org\/index.php?rest_route=\/wp\/v2\/posts\/24385","targetHints":{"allow":["GET"]}}],"collection":[{"href":"https:\/\/atecordoba.org\/index.php?rest_route=\/wp\/v2\/posts"}],"about":[{"href":"https:\/\/atecordoba.org\/index.php?rest_route=\/wp\/v2\/types\/post"}],"author":[{"embeddable":true,"href":"https:\/\/atecordoba.org\/index.php?rest_route=\/wp\/v2\/users\/7"}],"replies":[{"embeddable":true,"href":"https:\/\/atecordoba.org\/index.php?rest_route=%2Fwp%2Fv2%2Fcomments&post=24385"}],"version-history":[{"count":2,"href":"https:\/\/atecordoba.org\/index.php?rest_route=\/wp\/v2\/posts\/24385\/revisions"}],"predecessor-version":[{"id":24389,"href":"https:\/\/atecordoba.org\/index.php?rest_route=\/wp\/v2\/posts\/24385\/revisions\/24389"}],"wp:featuredmedia":[{"embeddable":true,"href":"https:\/\/atecordoba.org\/index.php?rest_route=\/wp\/v2\/media\/24387"}],"wp:attachment":[{"href":"https:\/\/atecordoba.org\/index.php?rest_route=%2Fwp%2Fv2%2Fmedia&parent=24385"}],"wp:term":[{"taxonomy":"category","embeddable":true,"href":"https:\/\/atecordoba.org\/index.php?rest_route=%2Fwp%2Fv2%2Fcategories&post=24385"},{"taxonomy":"post_tag","embeddable":true,"href":"https:\/\/atecordoba.org\/index.php?rest_route=%2Fwp%2Fv2%2Ftags&post=24385"}],"curies":[{"name":"wp","href":"https:\/\/api.w.org\/{rel}","templated":true}]}}