{"id":24376,"date":"2021-02-12T10:28:10","date_gmt":"2021-02-12T13:28:10","guid":{"rendered":"https:\/\/atecordoba.org\/?p=24376"},"modified":"2021-02-12T10:51:52","modified_gmt":"2021-02-12T13:51:52","slug":"municipales-30-de-aumento-salarial-en-jovita","status":"publish","type":"post","link":"https:\/\/atecordoba.org\/?p=24376","title":{"rendered":"Municipales: 30% de aumento salarial en Jovita"},"content":{"rendered":"<p><img loading=\"lazy\" decoding=\"async\" class=\" wp-image-24377 aligncenter\" src=\"https:\/\/atecordoba.org\/wp-content\/uploads\/2021\/02\/WhatsApp-Image-2021-02-12-at-09.39.36-1-225x300.jpeg\" alt=\"\" width=\"366\" height=\"488\" srcset=\"https:\/\/atecordoba.org\/wp-content\/uploads\/2021\/02\/WhatsApp-Image-2021-02-12-at-09.39.36-1-225x300.jpeg 225w, https:\/\/atecordoba.org\/wp-content\/uploads\/2021\/02\/WhatsApp-Image-2021-02-12-at-09.39.36-1-768x1024.jpeg 768w, https:\/\/atecordoba.org\/wp-content\/uploads\/2021\/02\/WhatsApp-Image-2021-02-12-at-09.39.36-1-750x1000.jpeg 750w, https:\/\/atecordoba.org\/wp-content\/uploads\/2021\/02\/WhatsApp-Image-2021-02-12-at-09.39.36-1-rotated.jpeg 774w\" sizes=\"auto, (max-width: 366px) 100vw, 366px\" \/>En una audiencia con ATE realizada hoy el intendente de Jovita acord\u00f3 otorgar a los trabajadores municipales de la localidad una recomposici\u00f3n salarial del 30% para el 2021. El aumento se llevar\u00e1 a cabo en dos tramos no acumulativos a trav\u00e9s de 15% a pagar con el sueldos de febrero y otro 15% en agosto.<\/p>\n<p>En representaci\u00f3n de nuestro gremio comand\u00f3 las negociaciones el secretario General Adjunto de la seccional ATE Adelia Mar\u00eda, Roberto S\u00e1nchez.<\/p>\n<p>La paritaria municipal de Jovita tambi\u00e9n incluy\u00f3 el blanqueo de un aumento no remunerativo del 10%\u00a0 otorgado en octubre pasado, monto que se incorpora al b\u00e1sico salarial este mes.<\/p>\n<p>Adem\u00e1s, ATE logr\u00f3 el compromiso del Ejecutivo municipal para avanzar en las recategorizaciones pendientes entre el personal.<\/p>\n<p>Por \u00faltimo, ATE incluy\u00f3 en el acta acuerdo que la Municipalidad se comprometa a revisar la pauta salarial si la inflaci\u00f3n de 2021 el 30%.<\/p>\n<p><img loading=\"lazy\" decoding=\"async\" class=\" wp-image-24378 aligncenter\" src=\"https:\/\/atecordoba.org\/wp-content\/uploads\/2021\/02\/WhatsApp-Image-2021-02-12-at-09.39.36-169x300.jpeg\" alt=\"\" width=\"467\" height=\"829\" srcset=\"https:\/\/atecordoba.org\/wp-content\/uploads\/2021\/02\/WhatsApp-Image-2021-02-12-at-09.39.36-169x300.jpeg 169w, https:\/\/atecordoba.org\/wp-content\/uploads\/2021\/02\/WhatsApp-Image-2021-02-12-at-09.39.36-576x1024.jpeg 576w, https:\/\/atecordoba.org\/wp-content\/uploads\/2021\/02\/WhatsApp-Image-2021-02-12-at-09.39.36.jpeg 720w\" sizes=\"auto, (max-width: 467px) 100vw, 467px\" \/><\/p>\n","protected":false},"excerpt":{"rendered":"<p>En una audiencia con ATE realizada hoy el intendente de Jovita acord\u00f3 otorgar a los trabajadores municipales de la localidad una recomposici\u00f3n salarial del 30% para el 2021. El aumento se llevar\u00e1 a cabo en dos tramos no acumulativos a trav\u00e9s de 15% a pagar con el sueldos de febrero y otro 15% en agosto. [&hellip;]<\/p>\n","protected":false},"author":7,"featured_media":24382,"comment_status":"open","ping_status":"open","sticky":true,"template":"","format":"standard","meta":{"_exactmetrics_skip_tracking":false,"_exactmetrics_sitenote_active":false,"_exactmetrics_sitenote_note":"","_exactmetrics_sitenote_category":0,"jnews-multi-image_gallery":[],"jnews_single_post":{"source_name":"","source_url":"","via_name":"","via_url":"","override_template":"0","override":[{"template":"1","single_blog_custom":"","parallax":"1","fullscreen":"0","layout":"right-sidebar","sidebar":"default-sidebar","second_sidebar":"default-sidebar","sticky_sidebar":"1","share_position":"top","share_float_style":"share-monocrhome","show_share_counter":"1","show_view_counter":"1","show_featured":"1","show_post_meta":"1","show_post_author":"1","show_post_author_image":"1","show_post_date":"1","post_date_format":"default","post_date_format_custom":"Y\/m\/d","show_post_category":"1","show_post_reading_time":"0","post_reading_time_wpm":"300","show_zoom_button":"0","zoom_button_out_step":"2","zoom_button_in_step":"3","show_post_tag":"1","show_prev_next_post":"1","show_popup_post":"1","number_popup_post":"1","show_author_box":"0","show_post_related":"0","show_inline_post_related":"0"}],"override_image_size":"0","image_override":[{"single_post_thumbnail_size":"crop-500","single_post_gallery_size":"crop-500"}],"trending_post":"0","trending_post_position":"meta","trending_post_label":"Trending","sponsored_post":"0","sponsored_post_label":"Sponsored by","sponsored_post_name":"","sponsored_post_url":"","sponsored_post_logo_enable":"0","sponsored_post_logo":"","sponsored_post_desc":""},"jnews_primary_category":{"id":""},"jnews_social_meta":{"fb_title":"","fb_description":"","fb_image":"","twitter_title":"","twitter_description":"","twitter_image":""},"jnews_review":[],"enable_review":"0","type":"percentage","name":"","summary":"","brand":"","sku":"","good":[{"good_text":""}],"bad":[{"bad_text":""}],"score_override":"","override_value":"","rating":[{"rating_text":"","rating_number":"10"}],"price":[{"shop":"","price":"","link":"","icon":""}],"jnews_override_counter":{"override_view_counter":"0","view_counter_number":"0","override_share_counter":"0","share_counter_number":"0","override_like_counter":"0","like_counter_number":"0","override_dislike_counter":"0","dislike_counter_number":"0"},"jnews_post_split":{"enable_post_split":"0","post_split":[{"template":"1","tag":"h2","numbering":"asc","mode":"normal"}]},"footnotes":""},"categories":[20],"tags":[768],"class_list":["post-24376","post","type-post","status-publish","format-standard","has-post-thumbnail","hentry","category-municipales","tag-jovita"],"jetpack_featured_media_url":"https:\/\/atecordoba.org\/wp-content\/uploads\/2021\/02\/jovita-2.png","_links":{"self":[{"href":"https:\/\/atecordoba.org\/index.php?rest_route=\/wp\/v2\/posts\/24376","targetHints":{"allow":["GET"]}}],"collection":[{"href":"https:\/\/atecordoba.org\/index.php?rest_route=\/wp\/v2\/posts"}],"about":[{"href":"https:\/\/atecordoba.org\/index.php?rest_route=\/wp\/v2\/types\/post"}],"author":[{"embeddable":true,"href":"https:\/\/atecordoba.org\/index.php?rest_route=\/wp\/v2\/users\/7"}],"replies":[{"embeddable":true,"href":"https:\/\/atecordoba.org\/index.php?rest_route=%2Fwp%2Fv2%2Fcomments&post=24376"}],"version-history":[{"count":3,"href":"https:\/\/atecordoba.org\/index.php?rest_route=\/wp\/v2\/posts\/24376\/revisions"}],"predecessor-version":[{"id":24381,"href":"https:\/\/atecordoba.org\/index.php?rest_route=\/wp\/v2\/posts\/24376\/revisions\/24381"}],"wp:featuredmedia":[{"embeddable":true,"href":"https:\/\/atecordoba.org\/index.php?rest_route=\/wp\/v2\/media\/24382"}],"wp:attachment":[{"href":"https:\/\/atecordoba.org\/index.php?rest_route=%2Fwp%2Fv2%2Fmedia&parent=24376"}],"wp:term":[{"taxonomy":"category","embeddable":true,"href":"https:\/\/atecordoba.org\/index.php?rest_route=%2Fwp%2Fv2%2Fcategories&post=24376"},{"taxonomy":"post_tag","embeddable":true,"href":"https:\/\/atecordoba.org\/index.php?rest_route=%2Fwp%2Fv2%2Ftags&post=24376"}],"curies":[{"name":"wp","href":"https:\/\/api.w.org\/{rel}","templated":true}]}}