{"id":24352,"date":"2021-02-11T13:34:23","date_gmt":"2021-02-11T16:34:23","guid":{"rendered":"https:\/\/atecordoba.org\/?p=24352"},"modified":"2021-02-11T14:52:06","modified_gmt":"2021-02-11T17:52:06","slug":"buscamos-una-solucion-integral-para-el-conflicto-en-quilino","status":"publish","type":"post","link":"https:\/\/atecordoba.org\/?p=24352","title":{"rendered":"&#8220;Buscamos una soluci\u00f3n integral para el conflicto en Quilino&#8221;"},"content":{"rendered":"<figure id=\"attachment_24354\" aria-describedby=\"caption-attachment-24354\" style=\"width: 598px\" class=\"wp-caption aligncenter\"><img loading=\"lazy\" decoding=\"async\" class=\"wp-image-24354\" src=\"https:\/\/atecordoba.org\/wp-content\/uploads\/2021\/02\/quilino-bandera-750x472-1-300x189.jpg\" alt=\"\" width=\"598\" height=\"377\" srcset=\"https:\/\/atecordoba.org\/wp-content\/uploads\/2021\/02\/quilino-bandera-750x472-1-300x189.jpg 300w, https:\/\/atecordoba.org\/wp-content\/uploads\/2021\/02\/quilino-bandera-750x472-1.jpg 750w\" sizes=\"auto, (max-width: 598px) 100vw, 598px\" \/><figcaption id=\"caption-attachment-24354\" class=\"wp-caption-text\">El secretario de Formaci\u00f3n, C\u00e9sar Theaux, (extremo izquierdo) junto a afiliados municipales de Quilino en diciembre pasado (archivo).<\/figcaption><\/figure>\n<p>El secretario de Formaci\u00f3n del Consejo Directivo Provincial, C\u00e9sar Theaux, dio una entrevista a una radio de la localidad de Quilino, donde explic\u00f3 en qu\u00e9 estado se encuentra la relaci\u00f3n con la Municipalidad que gestiona la intendenta Mabel Alejandra Godoy.<\/p>\n<p>Theaux fue requerido por radio FM 100.1 para conocer cual es la respuesta dada por el Ejecutivo despu\u00e9s de las reuniones mantenidas con el contador y el asesor letrado comunal, ante los reclamos de ATE por falta de liquidaci\u00f3n de la cuota gremial de los afiliados.<\/p>\n<p>&#8220;Actualmente tenemos 36 afiliados en la municipalidad de Quilino. Cuando en\u00a0noviembre estuvimos\u00a0 reunidos con representantes de la municipalidad, planteamos problemas hist\u00f3ricos como la falta de rendici\u00f3n de la cuota sindical que pagan los afiliados. Desde marzo de 2020 la gesti\u00f3n no liquida los aportes al sindicato a pesar que se los retiene a los trabajadores&#8221;, detall\u00f3 el dirigente.<\/p>\n<p>Y agreg\u00f3: &#8220;en una nueva reuni\u00f3n en diciembre informamos a la municipalidad cu\u00e1les son los afiliados, tal como nos lo requirieron porque parece que no lo sab\u00edan. Pero nunca cumplieron, evidentemente no hay voluntad pol\u00edtica de entregarle al gremio lo que le corresponde&#8221;.<\/p>\n<p>Para Theaux, queda claro que el problema reside en que el Ejecutivo cuestiona la representaci\u00f3n gremial de las y los trabajadores debido a que est\u00e1 acostumbrado a tratar con el gremio oficial de la ciudad, que cuenta solo una parte m\u00ednima de afiliados, contra los 36 de ATE. &#8220;Hay que hacer historia. Finalizada la dictadura c\u00edvico-militar, cada municipio creo su propio gremio municipal para adaptarlo a sus necesidades. En el caso de Quilino hoy no debe tener m\u00e1s de seis afiliados de los 60 que la Municipalidad reconoce en su planta de personal, porque no reconoce a aquellos que cumplen funciones bajo figuras precarizadas que reducen a las y los compa\u00f1eros a formas de trabajo casi esclavizadas y que alcanzan casi los 400 trabajadores&#8221;.<\/p>\n<p><strong>Salarios, paritaria y presupuesto<\/strong><\/p>\n<p>Consultado sobre el bajo nivel salarial de los municipales de Quilino, Theaux se\u00f1al\u00f3 que ATE est\u00e1 reclamando en general a los estados municipales una recomposici\u00f3n salarial que revierta la p\u00e9rdida de poder adquisitivo que sufri\u00f3 la clase trabajadora durante toda la epata macrista, que se suma a la p\u00e9rdida del 2020.<\/p>\n<p>Pero adem\u00e1s, Theaux apunt\u00f3 razones estructurales propias de ciertos municipios. &#8220;En Quilino, como en otras ciudades del interior provincial, se pagan salarios de hambre porque la municipalidad no discute sueldos sino que informa al gremio oficial cuanto va a abonar y no hay discusi\u00f3n de ning\u00fan tipo. Entonces, por un lado solo reconoce al gremio minoritario, no implementa paritaria, retiene los aportes de nuestros afiliados y pretende disponer de partidas presupuestarias como si fueran la posici\u00f3n de la representaci\u00f3n sindical. Esto no puede ser as\u00ed&#8221;, denunci\u00f3.<\/p>\n<p>&#8220;Las y los intendentes se manejan como patrones de estancias. En Quilino hay dos delegadas que el Ejecutivo no reconoce, Estela Jord\u00e1n y Alejandra Coronel, que son becarias y han sido despedidas. Tampoco atiende a los delegados que son parte de la planta permanente del municipio, por lo que estamos planteando una negociaci\u00f3n estructural con la intendenta que resuelva el conjunto de los problemas que existen en Quilino entre la Municipalidad y ATE&#8221;, concluy\u00f3.<\/p>\n","protected":false},"excerpt":{"rendered":"<p>El secretario de Formaci\u00f3n del Consejo Directivo Provincial, C\u00e9sar Theaux, dio una entrevista a una radio de la localidad de Quilino, donde explic\u00f3 en qu\u00e9 estado se encuentra la relaci\u00f3n con la Municipalidad que gestiona la intendenta Mabel Alejandra Godoy. Theaux fue requerido por radio FM 100.1 para conocer cual es la respuesta dada por [&hellip;]<\/p>\n","protected":false},"author":7,"featured_media":24354,"comment_status":"open","ping_status":"open","sticky":false,"template":"","format":"standard","meta":{"_exactmetrics_skip_tracking":false,"_exactmetrics_sitenote_active":false,"_exactmetrics_sitenote_note":"","_exactmetrics_sitenote_category":0,"jnews-multi-image_gallery":[],"jnews_single_post":{"source_name":"","source_url":"","via_name":"","via_url":"","override_template":"0","override":[{"template":"1","single_blog_custom":"","parallax":"1","fullscreen":"0","layout":"right-sidebar","sidebar":"default-sidebar","second_sidebar":"default-sidebar","sticky_sidebar":"1","share_position":"top","share_float_style":"share-monocrhome","show_share_counter":"1","show_view_counter":"1","show_featured":"1","show_post_meta":"1","show_post_author":"1","show_post_author_image":"1","show_post_date":"1","post_date_format":"default","post_date_format_custom":"Y\/m\/d","show_post_category":"1","show_post_reading_time":"0","post_reading_time_wpm":"300","show_zoom_button":"0","zoom_button_out_step":"2","zoom_button_in_step":"3","show_post_tag":"1","show_prev_next_post":"1","show_popup_post":"1","number_popup_post":"1","show_author_box":"0","show_post_related":"0","show_inline_post_related":"0"}],"override_image_size":"0","image_override":[{"single_post_thumbnail_size":"crop-500","single_post_gallery_size":"crop-500"}],"trending_post":"0","trending_post_position":"meta","trending_post_label":"Trending","sponsored_post":"0","sponsored_post_label":"Sponsored by","sponsored_post_name":"","sponsored_post_url":"","sponsored_post_logo_enable":"0","sponsored_post_logo":"","sponsored_post_desc":""},"jnews_primary_category":{"id":""},"jnews_social_meta":{"fb_title":"","fb_description":"","fb_image":"","twitter_title":"","twitter_description":"","twitter_image":""},"jnews_review":[],"enable_review":"0","type":"percentage","name":"","summary":"","brand":"","sku":"","good":[{"good_text":""}],"bad":[{"bad_text":""}],"score_override":"","override_value":"","rating":[{"rating_text":"","rating_number":"10"}],"price":[{"shop":"","price":"","link":"","icon":""}],"jnews_override_counter":{"override_view_counter":"0","view_counter_number":"0","override_share_counter":"0","share_counter_number":"0","override_like_counter":"0","like_counter_number":"0","override_dislike_counter":"0","dislike_counter_number":"0"},"jnews_post_split":{"enable_post_split":"0","post_split":[{"template":"1","tag":"h2","numbering":"asc","mode":"normal"}]},"footnotes":""},"categories":[20,1],"tags":[655],"class_list":["post-24352","post","type-post","status-publish","format-standard","has-post-thumbnail","hentry","category-municipales","category-sin-categoria","tag-quilino"],"jetpack_featured_media_url":"https:\/\/atecordoba.org\/wp-content\/uploads\/2021\/02\/quilino-bandera-750x472-1.jpg","_links":{"self":[{"href":"https:\/\/atecordoba.org\/index.php?rest_route=\/wp\/v2\/posts\/24352","targetHints":{"allow":["GET"]}}],"collection":[{"href":"https:\/\/atecordoba.org\/index.php?rest_route=\/wp\/v2\/posts"}],"about":[{"href":"https:\/\/atecordoba.org\/index.php?rest_route=\/wp\/v2\/types\/post"}],"author":[{"embeddable":true,"href":"https:\/\/atecordoba.org\/index.php?rest_route=\/wp\/v2\/users\/7"}],"replies":[{"embeddable":true,"href":"https:\/\/atecordoba.org\/index.php?rest_route=%2Fwp%2Fv2%2Fcomments&post=24352"}],"version-history":[{"count":3,"href":"https:\/\/atecordoba.org\/index.php?rest_route=\/wp\/v2\/posts\/24352\/revisions"}],"predecessor-version":[{"id":24356,"href":"https:\/\/atecordoba.org\/index.php?rest_route=\/wp\/v2\/posts\/24352\/revisions\/24356"}],"wp:featuredmedia":[{"embeddable":true,"href":"https:\/\/atecordoba.org\/index.php?rest_route=\/wp\/v2\/media\/24354"}],"wp:attachment":[{"href":"https:\/\/atecordoba.org\/index.php?rest_route=%2Fwp%2Fv2%2Fmedia&parent=24352"}],"wp:term":[{"taxonomy":"category","embeddable":true,"href":"https:\/\/atecordoba.org\/index.php?rest_route=%2Fwp%2Fv2%2Fcategories&post=24352"},{"taxonomy":"post_tag","embeddable":true,"href":"https:\/\/atecordoba.org\/index.php?rest_route=%2Fwp%2Fv2%2Ftags&post=24352"}],"curies":[{"name":"wp","href":"https:\/\/api.w.org\/{rel}","templated":true}]}}