{"id":24345,"date":"2021-02-11T10:46:29","date_gmt":"2021-02-11T13:46:29","guid":{"rendered":"https:\/\/atecordoba.org\/?p=24345"},"modified":"2021-02-11T10:46:29","modified_gmt":"2021-02-11T13:46:29","slug":"la-junta-interna-de-la-guarnicion-aerea-arranca-el-ano-con-recorrida-de-los-sectores-y-reuniones-con-las-autoridades","status":"publish","type":"post","link":"https:\/\/atecordoba.org\/?p=24345","title":{"rendered":"La Junta Interna de la Guarnici\u00f3n A\u00e9rea arranca el a\u00f1o con recorrida de los sectores y reuniones con las autoridades"},"content":{"rendered":"<p><img loading=\"lazy\" decoding=\"async\" class=\" wp-image-24346 aligncenter\" src=\"https:\/\/atecordoba.org\/wp-content\/uploads\/2021\/02\/WhatsApp-Image-2021-02-11-at-10.24.21-300x225.jpeg\" alt=\"\" width=\"599\" height=\"449\" srcset=\"https:\/\/atecordoba.org\/wp-content\/uploads\/2021\/02\/WhatsApp-Image-2021-02-11-at-10.24.21-300x225.jpeg 300w, https:\/\/atecordoba.org\/wp-content\/uploads\/2021\/02\/WhatsApp-Image-2021-02-11-at-10.24.21-1024x768.jpeg 1024w, https:\/\/atecordoba.org\/wp-content\/uploads\/2021\/02\/WhatsApp-Image-2021-02-11-at-10.24.21-768x576.jpeg 768w, https:\/\/atecordoba.org\/wp-content\/uploads\/2021\/02\/WhatsApp-Image-2021-02-11-at-10.24.21-750x563.jpeg 750w, https:\/\/atecordoba.org\/wp-content\/uploads\/2021\/02\/WhatsApp-Image-2021-02-11-at-10.24.21.jpeg 1040w\" sizes=\"auto, (max-width: 599px) 100vw, 599px\" \/>En el marco de un comienzo de a\u00f1o complicado por la pandemia y en procura de garantizar los protocolos y medidas de seguridad necesarios para un retorno al trabajo presencial cada vez m\u00e1s inminente, la Junta Interna de ATE Guarnici\u00f3n A\u00e9rea C\u00f3rdoba, en conjunto con los delegados de cada sector de trabajo, viene sosteniendo reuniones y conversaciones con las autoridades de las distintas dependencias que componen la guarnici\u00f3n.<\/p>\n<p>\u201cHay que tomar en cuenta que, si bien las tareas de las distintas dependencias de la Guarnici\u00f3n son variadas, la misma constituye el polo educativo m\u00e1s importante de la Fuerza A\u00e9rea Argentina y de la Universidad de la Defensa Nacional, con lo cual no es ajena a la discusi\u00f3n del retorno a la presencialidad escolar\u201d, indico Alejandro Charra, Secretario General de la Junta Interna.<\/p>\n<p>As\u00ed, el d\u00eda 8 de febrero se mantuvo una reuni\u00f3n con la Asesora Jur\u00eddica de la Escuela de Suboficiales de la Fuerza A\u00e9rea (ESFA), capit\u00e1n Centeno. Participaron adem\u00e1s de Charra, Javier Bracamonte, secretario Gremial de la Junta Interna y las delegadas de sector Natacha Peruzzi e Ivana Guevara, quienes plantearon inquietudes respecto de las modalidades de convocatoria al personal civil y docente, sobre los tiempos necesarios y recomendados para ventilar las aulas y los c\u00f3mputos de la licencias del personal.<\/p>\n<p>\u201cLa capit\u00e1n se mostr\u00f3 receptiva a nuestras inquietudes y sugerencias, lo que nos esperanza en un momento tan complicado y nos hace creer que las autoridades han comprendido que el camino es el dialogo en este momento y que el objetivo es poder llevar seguridad y tranquilidad a los trabajadores y trabajadoras\u201d, consider\u00f3 Natacha Peruzzi, quien es docente de esa Instituci\u00f3n.<\/p>\n<p>A su tiempo, Ivana Guevara, abnegada trabajadora del lavadero autom\u00e1tico de la Escuela, uno de los sectores que m\u00e1s preocupan por su riesgo de contagio, explic\u00f3: \u201chay que tener presente que aqu\u00ed los alumnos no solo pasan un par de horas sino que viven durante toda la semana, y a veces, por varios meses. Nuestro trabajo nos va a poner en contacto con ellos y su entorno permanentemente, como el caso del lavadero, donde se procesa toda la ropa de cama y dem\u00e1s, de varios cientos de aspirantes a cabo que adem\u00e1s vienen de todo el pa\u00eds, lo que nos pone en contacto con las realidades epidemiol\u00f3gicas de cada una de sus ciudades y pueblos de origen. Es muy <img loading=\"lazy\" decoding=\"async\" class=\" wp-image-24347 alignleft\" src=\"https:\/\/atecordoba.org\/wp-content\/uploads\/2021\/02\/WhatsApp-Image-2021-02-11-at-10.24.22-300x225.jpeg\" alt=\"\" width=\"429\" height=\"322\" srcset=\"https:\/\/atecordoba.org\/wp-content\/uploads\/2021\/02\/WhatsApp-Image-2021-02-11-at-10.24.22-300x225.jpeg 300w, https:\/\/atecordoba.org\/wp-content\/uploads\/2021\/02\/WhatsApp-Image-2021-02-11-at-10.24.22-1024x768.jpeg 1024w, https:\/\/atecordoba.org\/wp-content\/uploads\/2021\/02\/WhatsApp-Image-2021-02-11-at-10.24.22-768x576.jpeg 768w, https:\/\/atecordoba.org\/wp-content\/uploads\/2021\/02\/WhatsApp-Image-2021-02-11-at-10.24.22-750x563.jpeg 750w, https:\/\/atecordoba.org\/wp-content\/uploads\/2021\/02\/WhatsApp-Image-2021-02-11-at-10.24.22.jpeg 1040w\" sizes=\"auto, (max-width: 429px) 100vw, 429px\" \/>complejo\u201d. De esta reuni\u00f3n qued\u00f3 pendiente una recorrida para la semana pr\u00f3xima para constatar las condiciones y la implementaci\u00f3n de las medidas que figuran en los protocolos facilitados a nuestra representaci\u00f3n por parte de la patronal.<\/p>\n<p><strong>En la Escuela de Aviaci\u00f3n Militar tambi\u00e9n<\/strong><\/p>\n<p>El d\u00eda 9 el director de la Escuela de Aviaci\u00f3n Militar y jefe de la Guarnici\u00f3n A\u00e9rea C\u00f3rdoba Brigadier, Gustavo Alejandro P\u00e9rez Ortiz, recibi\u00f3 a una comitiva de ATE integrada por los ya mencionados Charra y Bracamonte y dos de las delegadas de la Escuela Alejandra Manzoti y Noelia Martino.<\/p>\n<p>En esta oportunidad se plante\u00f3 la necesidad de conocer m\u00e1s a fondo los protocolos a aplicar por parte de la Escuela, que se comprometi\u00f3 a acercar un material con m\u00e1s detalle a este respecto y se aclar\u00f3 que no es intenci\u00f3n de la Direcci\u00f3n un inmediato retorno masivo de los trabajadores, si no que se va a ir incorporando al personal en medida que el servicio lo requiera.<\/p>\n<p>El brigadier reafirm\u00f3 que la actividad gremial no va a ser entorpecida de ninguna manera y que, siempre siguiendo los protocolos y tomando las medidas de seguridad necesarias, todas las actividades gremiales amparadas por la Constituci\u00f3n Nacional, los Tratados Internacionales, la Ley de Asociaciones Sindicales y el Convenio Colectivo de Trabajo ser\u00e1n garantizadas.<\/p>\n<p><strong>La mirada del experto<\/strong><\/p>\n<p>Respecto de lo que se espera conseguir con estas recorridas Javier Bracamonte consider\u00f3 que \u201cel objetivo principal de las recorridas va a ser constatar que se hayan viabilizado los medios para que se cumplan los protocolos que las distintas jefaturas nos han hecho llegar. De nada le sirve a los trabajadores que el protocolo sea fenomenal en los papeles pero luego no haya jab\u00f3n en el ba\u00f1o y eso es lo que vamos a garantizar. Con respecto a la vuelta a los lugares de trabajo nuestra postura es clara y as\u00ed lo expresamos en ambas reuniones, los compa\u00f1eros que son grupo de riesgo no van a volver, por lo menos en esta primera etapa.\u201d<\/p>\n<p>Bracamonte, quien adem\u00e1s se desempe\u00f1a como uno de los dos representantes de ATE en la Comisi\u00f3n de Condiciones y Medio Ambiente de Trabajo (CyMAT) Subjurisdicci\u00f3n Fuerza A\u00e9rea (Instituto del Convenio Colectivo de Trabajo Sectorial Decreto 2539\/15 con poder vinculante respecto de esta materia y en la que ATE ejerce pro tempore la Secretaria Administrativa), concluy\u00f3 que \u201csi bien las dos escuelas son sectores muy importantes, nuestro compromiso es con los m\u00e1s de 1300 trabajadores civiles y docentes de la Guarnici\u00f3n, por lo cual las audiencias con autoridades y recorridos van a continuar. El compa\u00f1ero Charra me ha asegurado que ya hay preacordada una reuni\u00f3n y recorrido en el Instituto Universitario Aeron\u00e1utico y vamos a buscar estas instancias hasta en la \u00faltima dependencia donde trabaje un civil\u201d.<\/p>\n<p>&nbsp;<\/p>\n","protected":false},"excerpt":{"rendered":"<p>En el marco de un comienzo de a\u00f1o complicado por la pandemia y en procura de garantizar los protocolos y medidas de seguridad necesarios para un retorno al trabajo presencial cada vez m\u00e1s inminente, la Junta Interna de ATE Guarnici\u00f3n A\u00e9rea C\u00f3rdoba, en conjunto con los delegados de cada sector de trabajo, viene sosteniendo reuniones [&hellip;]<\/p>\n","protected":false},"author":7,"featured_media":24346,"comment_status":"open","ping_status":"open","sticky":true,"template":"","format":"standard","meta":{"_exactmetrics_skip_tracking":false,"_exactmetrics_sitenote_active":false,"_exactmetrics_sitenote_note":"","_exactmetrics_sitenote_category":0,"jnews-multi-image_gallery":[],"jnews_single_post":{"source_name":"","source_url":"","via_name":"","via_url":"","override_template":"0","override":[{"template":"1","single_blog_custom":"","parallax":"1","fullscreen":"0","layout":"right-sidebar","sidebar":"default-sidebar","second_sidebar":"default-sidebar","sticky_sidebar":"1","share_position":"top","share_float_style":"share-monocrhome","show_share_counter":"1","show_view_counter":"1","show_featured":"1","show_post_meta":"1","show_post_author":"1","show_post_author_image":"1","show_post_date":"1","post_date_format":"default","post_date_format_custom":"Y\/m\/d","show_post_category":"1","show_post_reading_time":"0","post_reading_time_wpm":"300","show_zoom_button":"0","zoom_button_out_step":"2","zoom_button_in_step":"3","show_post_tag":"1","show_prev_next_post":"1","show_popup_post":"1","number_popup_post":"1","show_author_box":"0","show_post_related":"0","show_inline_post_related":"0"}],"override_image_size":"0","image_override":[{"single_post_thumbnail_size":"crop-500","single_post_gallery_size":"crop-500"}],"trending_post":"0","trending_post_position":"meta","trending_post_label":"Trending","sponsored_post":"0","sponsored_post_label":"Sponsored by","sponsored_post_name":"","sponsored_post_url":"","sponsored_post_logo_enable":"0","sponsored_post_logo":"","sponsored_post_desc":""},"jnews_primary_category":{"id":""},"jnews_social_meta":{"fb_title":"","fb_description":"","fb_image":"","twitter_title":"","twitter_description":"","twitter_image":""},"jnews_review":[],"enable_review":"0","type":"percentage","name":"","summary":"","brand":"","sku":"","good":[{"good_text":""}],"bad":[{"bad_text":""}],"score_override":"","override_value":"","rating":[{"rating_text":"","rating_number":"10"}],"price":[{"shop":"","price":"","link":"","icon":""}],"jnews_override_counter":{"override_view_counter":"0","view_counter_number":"0","override_share_counter":"0","share_counter_number":"0","override_like_counter":"0","like_counter_number":"0","override_dislike_counter":"0","dislike_counter_number":"0"},"jnews_post_split":{"enable_post_split":"0","post_split":[{"template":"1","tag":"h2","numbering":"asc","mode":"normal"}]},"footnotes":""},"categories":[18],"tags":[765],"class_list":["post-24345","post","type-post","status-publish","format-standard","has-post-thumbnail","hentry","category-nacionales","tag-junta-interna-de-la-guarnicion-aerea-cordoba"],"jetpack_featured_media_url":"https:\/\/atecordoba.org\/wp-content\/uploads\/2021\/02\/WhatsApp-Image-2021-02-11-at-10.24.21.jpeg","_links":{"self":[{"href":"https:\/\/atecordoba.org\/index.php?rest_route=\/wp\/v2\/posts\/24345","targetHints":{"allow":["GET"]}}],"collection":[{"href":"https:\/\/atecordoba.org\/index.php?rest_route=\/wp\/v2\/posts"}],"about":[{"href":"https:\/\/atecordoba.org\/index.php?rest_route=\/wp\/v2\/types\/post"}],"author":[{"embeddable":true,"href":"https:\/\/atecordoba.org\/index.php?rest_route=\/wp\/v2\/users\/7"}],"replies":[{"embeddable":true,"href":"https:\/\/atecordoba.org\/index.php?rest_route=%2Fwp%2Fv2%2Fcomments&post=24345"}],"version-history":[{"count":1,"href":"https:\/\/atecordoba.org\/index.php?rest_route=\/wp\/v2\/posts\/24345\/revisions"}],"predecessor-version":[{"id":24348,"href":"https:\/\/atecordoba.org\/index.php?rest_route=\/wp\/v2\/posts\/24345\/revisions\/24348"}],"wp:featuredmedia":[{"embeddable":true,"href":"https:\/\/atecordoba.org\/index.php?rest_route=\/wp\/v2\/media\/24346"}],"wp:attachment":[{"href":"https:\/\/atecordoba.org\/index.php?rest_route=%2Fwp%2Fv2%2Fmedia&parent=24345"}],"wp:term":[{"taxonomy":"category","embeddable":true,"href":"https:\/\/atecordoba.org\/index.php?rest_route=%2Fwp%2Fv2%2Fcategories&post=24345"},{"taxonomy":"post_tag","embeddable":true,"href":"https:\/\/atecordoba.org\/index.php?rest_route=%2Fwp%2Fv2%2Ftags&post=24345"}],"curies":[{"name":"wp","href":"https:\/\/api.w.org\/{rel}","templated":true}]}}