{"id":24342,"date":"2021-02-11T09:29:32","date_gmt":"2021-02-11T12:29:32","guid":{"rendered":"https:\/\/atecordoba.org\/?p=24342"},"modified":"2021-02-11T09:29:32","modified_gmt":"2021-02-11T12:29:32","slug":"ministerio-de-la-mujer-abusos-con-el-uso-de-monotributos-y-cambios-necesarios-en-la-organizacion-del-sector","status":"publish","type":"post","link":"https:\/\/atecordoba.org\/?p=24342","title":{"rendered":"Ministerio de la Mujer: abusos con el uso de monotributos y cambios necesarios en la organizaci\u00f3n del sector"},"content":{"rendered":"<figure id=\"attachment_24343\" aria-describedby=\"caption-attachment-24343\" style=\"width: 575px\" class=\"wp-caption aligncenter\"><img loading=\"lazy\" decoding=\"async\" class=\"wp-image-24343\" src=\"https:\/\/atecordoba.org\/wp-content\/uploads\/2021\/02\/polo-mujer.jpg\" alt=\"\" width=\"575\" height=\"322\" \/><figcaption id=\"caption-attachment-24343\" class=\"wp-caption-text\">Asamblea del Polo de la Mujer (archivo).<\/figcaption><\/figure>\n<p>En una asamblea realizada ayer, distintos sectores que integran el Polo de la Mujer resolvieron reorganizar la propuesta gremial en el organismo a los fines de hacer efectivos los reclamos.<\/p>\n<p>Ante la derivaci\u00f3n de toda la atenci\u00f3n en el nuevo Ministerio de la Mujer, creado en esta tercera gesti\u00f3n del gobernador Schiaretti, secretarias, direcciones y programas, con problem\u00e1ticas en com\u00fan, unificaron criterios organizativos para llevar la grilla de reclamos a la ministra del \u00e1rea.<\/p>\n<p>En la oportunidad, Edtih Innamorato, secretaria de Interior del Consejo Directivo Provincial de ATE, se\u00f1al\u00f3 que la resoluci\u00f3n es un avance organizativo significativo.<\/p>\n<p>La asamblea que llev\u00f3 a cabo en el play\u00f3n del Polo de la Mujer, Entre R\u00edos 600, al medio d\u00eda.<\/p>\n<p><strong>Reclamos puntuales<\/strong><\/p>\n<p>En la oportunidad, se expresaron reclamos concretos de diversas \u00e1reas como la proliferaci\u00f3n de monotributustas, un abuso de fraude laboral que implementa el gobierno para extender la precarizaci\u00f3n en el Estado provincial. &#8220;Es indispensable comenzar un proceso de pase a planta permanente&#8221;, se\u00f1al\u00f3 Innamorato.<\/p>\n<p>Tambi\u00e9n se reforz\u00f3 el reclamo por el Equipo de Atenci\u00f3n Interdisciplinaria a Victimas de Delitos contra la Integridad Sexual, \u201cdestruido\u201d sin mayores explicaciones.<\/p>\n<p>O las recategorizaciones de las y los trabajadores trasladados desde el ex Consejo de la Mujer, dependiente de la Legislatura provincial, que tienen categor\u00edas m\u00e1s bajas que las correspondientes.<\/p>\n<p>&#8220;En varios sectores se plante\u00f3 la falta de distanciamiento social y los cuidados de protocolo por la pandemia que no se cumplen&#8221;, agreg\u00f3 con preocupaci\u00f3n la dirigente.<\/p>\n<p>Tambi\u00e9n hubo quejas por los traslados y derivaciones que las autoridades imponen al personal, sumando tareas\u00a0 a las especificas y habitual. Esto tambi\u00e9n sucede en la l\u00ednea de atenci\u00f3n 0800.<\/p>\n","protected":false},"excerpt":{"rendered":"<p>En una asamblea realizada ayer, distintos sectores que integran el Polo de la Mujer resolvieron reorganizar la propuesta gremial en el organismo a los fines de hacer efectivos los reclamos. Ante la derivaci\u00f3n de toda la atenci\u00f3n en el nuevo Ministerio de la Mujer, creado en esta tercera gesti\u00f3n del gobernador Schiaretti, secretarias, direcciones y [&hellip;]<\/p>\n","protected":false},"author":7,"featured_media":24343,"comment_status":"open","ping_status":"open","sticky":true,"template":"","format":"standard","meta":{"_exactmetrics_skip_tracking":false,"_exactmetrics_sitenote_active":false,"_exactmetrics_sitenote_note":"","_exactmetrics_sitenote_category":0,"jnews-multi-image_gallery":[],"jnews_single_post":{"source_name":"","source_url":"","via_name":"","via_url":"","override_template":"0","override":[{"template":"1","single_blog_custom":"","parallax":"1","fullscreen":"0","layout":"right-sidebar","sidebar":"default-sidebar","second_sidebar":"default-sidebar","sticky_sidebar":"1","share_position":"top","share_float_style":"share-monocrhome","show_share_counter":"1","show_view_counter":"1","show_featured":"1","show_post_meta":"1","show_post_author":"1","show_post_author_image":"1","show_post_date":"1","post_date_format":"default","post_date_format_custom":"Y\/m\/d","show_post_category":"1","show_post_reading_time":"0","post_reading_time_wpm":"300","show_zoom_button":"0","zoom_button_out_step":"2","zoom_button_in_step":"3","show_post_tag":"1","show_prev_next_post":"1","show_popup_post":"1","number_popup_post":"1","show_author_box":"0","show_post_related":"0","show_inline_post_related":"0"}],"override_image_size":"0","image_override":[{"single_post_thumbnail_size":"crop-500","single_post_gallery_size":"crop-500"}],"trending_post":"0","trending_post_position":"meta","trending_post_label":"Trending","sponsored_post":"0","sponsored_post_label":"Sponsored by","sponsored_post_name":"","sponsored_post_url":"","sponsored_post_logo_enable":"0","sponsored_post_logo":"","sponsored_post_desc":""},"jnews_primary_category":{"id":""},"jnews_social_meta":{"fb_title":"","fb_description":"","fb_image":"","twitter_title":"","twitter_description":"","twitter_image":""},"jnews_review":[],"enable_review":"0","type":"percentage","name":"","summary":"","brand":"","sku":"","good":[{"good_text":""}],"bad":[{"bad_text":""}],"score_override":"","override_value":"","rating":[{"rating_text":"","rating_number":"10"}],"price":[{"shop":"","price":"","link":"","icon":""}],"jnews_override_counter":{"override_view_counter":"0","view_counter_number":"0","override_share_counter":"0","share_counter_number":"0","override_like_counter":"0","like_counter_number":"0","override_dislike_counter":"0","dislike_counter_number":"0"},"jnews_post_split":{"enable_post_split":"0","post_split":[{"template":"1","tag":"h2","numbering":"asc","mode":"normal"}]},"footnotes":""},"categories":[8],"tags":[763],"class_list":["post-24342","post","type-post","status-publish","format-standard","has-post-thumbnail","hentry","category-provinciales","tag-ministerio-de-la-mujer"],"jetpack_featured_media_url":"https:\/\/atecordoba.org\/wp-content\/uploads\/2021\/02\/polo-mujer.jpg","_links":{"self":[{"href":"https:\/\/atecordoba.org\/index.php?rest_route=\/wp\/v2\/posts\/24342","targetHints":{"allow":["GET"]}}],"collection":[{"href":"https:\/\/atecordoba.org\/index.php?rest_route=\/wp\/v2\/posts"}],"about":[{"href":"https:\/\/atecordoba.org\/index.php?rest_route=\/wp\/v2\/types\/post"}],"author":[{"embeddable":true,"href":"https:\/\/atecordoba.org\/index.php?rest_route=\/wp\/v2\/users\/7"}],"replies":[{"embeddable":true,"href":"https:\/\/atecordoba.org\/index.php?rest_route=%2Fwp%2Fv2%2Fcomments&post=24342"}],"version-history":[{"count":1,"href":"https:\/\/atecordoba.org\/index.php?rest_route=\/wp\/v2\/posts\/24342\/revisions"}],"predecessor-version":[{"id":24344,"href":"https:\/\/atecordoba.org\/index.php?rest_route=\/wp\/v2\/posts\/24342\/revisions\/24344"}],"wp:featuredmedia":[{"embeddable":true,"href":"https:\/\/atecordoba.org\/index.php?rest_route=\/wp\/v2\/media\/24343"}],"wp:attachment":[{"href":"https:\/\/atecordoba.org\/index.php?rest_route=%2Fwp%2Fv2%2Fmedia&parent=24342"}],"wp:term":[{"taxonomy":"category","embeddable":true,"href":"https:\/\/atecordoba.org\/index.php?rest_route=%2Fwp%2Fv2%2Fcategories&post=24342"},{"taxonomy":"post_tag","embeddable":true,"href":"https:\/\/atecordoba.org\/index.php?rest_route=%2Fwp%2Fv2%2Ftags&post=24342"}],"curies":[{"name":"wp","href":"https:\/\/api.w.org\/{rel}","templated":true}]}}