{"id":2434,"date":"2013-03-05T17:03:00","date_gmt":"2013-03-05T20:03:00","guid":{"rendered":"http:\/\/www.atecordoba.org\/?p=2434"},"modified":"2013-03-05T17:03:00","modified_gmt":"2013-03-05T20:03:00","slug":"triunfo-de-los-docentes-de-la-escuela-de-suboficiales-de-la-fuerza-aerea-cordoba","status":"publish","type":"post","link":"https:\/\/atecordoba.org\/?p=2434","title":{"rendered":"Triunfo de los docentes de la Escuela de Suboficiales de la Fuerza A\u00e9rea C\u00f3rdoba"},"content":{"rendered":"<p>Tras a\u00f1os de lucha los docentes de la instituci\u00f3n obtuvieron el reconocimiento en el estamento de nivel superior. Esto implica una recomposici\u00f3n del 25% en sus haberes<\/p>\n<p><a href=\"http:\/\/www.atecordoba.org\/wp-content\/uploads\/2012\/08\/IMG_1882.jpg\"><img loading=\"lazy\" decoding=\"async\" class=\"aligncenter size-large wp-image-1526\" title=\"IMG_1882\" src=\"http:\/\/www.atecordoba.org\/wp-content\/uploads\/2012\/08\/IMG_1882-1024x768.jpg\" alt=\"\" width=\"1024\" height=\"768\" \/><\/a><\/p>\n<p>La ESFA, situada sobre la Ruta20 (camino a Carlos Paz) es la instituci\u00f3n encargada de formal al personal del cuadro de suboficiales de la Fuerza A\u00e9rea Argentina, en varias especialidades (seguridad y defensa, armamento y explosivos, t\u00e9cnicos aeron\u00e1uticos, abastecimiento, sensores de im\u00e1genes, telecomunicaciones, etc.). Hasta hace 12 a\u00f1os atr\u00e1s la escuela se nutria de ingresantes a los cuales no se les exig\u00eda que hubiesen terminado el nivel secundario, cursaban durante 3 a\u00f1os estas especialidades y egresaban con un titulo de nivel medio.<\/p>\n<p>Esto cambio y desde hace tiempo se les exige a las personas que deseen ingresar a la instituci\u00f3n contar con el secundario aprobado. Es decir, ya con t\u00edtulo de nivel medio, \u00a0la modalidad actual es de 2 a\u00f1os de cursado al final del cual a los egresados. Adem\u00e1s del grado de cabo, se les otorga un titulo de nivel Superior, homologado por el Ministerio de Educaci\u00f3n de la Naci\u00f3n y completamente v\u00e1lido para el ejercicio tanto en el \u00e1mbito estatal como el privado.<\/p>\n<p>La injusta situaci\u00f3n a la cual se vieron sometidos los docentes, es que aun habiendo adaptado sus programas para elevar el nivel e incluso, en algunos casos, habiendo tenido que estudiar nuevas carreras que le permitieras ense\u00f1ar en el nivel Superior, la Fuerza A\u00e9rea los sigui\u00f3 considerando como de nivel Medio y por consiguiente se neg\u00f3 a actualizar su haber mensual.<\/p>\n<p><strong>Conflicto<\/strong><\/p>\n<p>La lucha planteada por los docentes, a trav\u00e9s de ATE, comenz\u00f3 a mediados del 2012 y consisti\u00f3 en el quite de colaboraci\u00f3n por parte de los profesores a trav\u00e9s de la no evaluaci\u00f3n del alumnado.<\/p>\n<p>Ante las promesas, hechas por el secretario de Formaci\u00f3n del Ministerio de Defensa y del propio comandante de Educaci\u00f3n dela Fuerza A\u00e9rea en sentido de regularizar la situaci\u00f3n para el mes de febrero del corriente a\u00f1o, se decidi\u00f3 suspender las medidas.<\/p>\n<p>Al no haberse registrado cambio alguno en la situaci\u00f3n hasta el d\u00eda 04 de febrero, los docentes reunidos e asamblea decidieron no tomar los ex\u00e1menes de ingreso previstos para ese d\u00eda, medida que se pospuso luego que la Direcci\u00f3n de la ESFA gestionara una respuesta por parte de Defensa.<\/p>\n<p>Esa respuesta vino en forma de resoluci\u00f3n (Res. Ministerial 95\/13 Mindef) y en ella se declara ala ESFAInstitutode Formaci\u00f3n Superior y se adecua a esto el Haber mensual de los docentes.<\/p>\n<p><strong>La voz de los compa\u00f1eros<\/strong><\/p>\n<ul>\n<li>\u201cEste triunfo es muy importante para nosotros ya que representa un aumento salarial del 25% aproximadamente, pero tambi\u00e9n lo es porque dignifica nuestra tarea como docentes\u201d. Gloria Almada, delegada de ATE.<\/li>\n<li>\u201cEsto demuestra que la lucha de los trabajadores organizados puede torcer las decisiones pol\u00edticas injustas por mas a\u00f1ejas que estas sea. Y vamos por mas, porque esta resoluci\u00f3n solo habla de nuestro salario de aqu\u00ed en adelante, la deuda la vamos a pelear en los tribunales, pero ya aprendimos la lecci\u00f3n y esa lucha tambi\u00e9n la vamos a dar juntos\u201d. Alicia Durand, delegada de ATE.<\/li>\n<li>\u00a0\u201cSi bien esto representa un triunfo, no deja de darse en un plano de desigualdad ya que solo reconoce a los Profesores, no se hace menci\u00f3n alguna del personal Auxiliar Docente y deber\u00eda porque nos rige la misma Ley y lo vamos a pelear, no vamos a cejar en nuestros esfuerzos hasta que el ultimo de los Docentes de esta instituci\u00f3n sea reconocido por el trabajo que realiza\u201d. Estela Roldan, delegada de ATE.<\/li>\n<li>\u201cFue una negociaci\u00f3n muy dura, nadie se quiso hacer cargo institucionalmente de los errores cometidos en el cambio de titulaci\u00f3n del alumnado hace 12 a\u00f1os. Todav\u00eda hay confusi\u00f3n al respecto, hay quienes dicen que la resoluci\u00f3n solo alcanza a los 60 Profesores y nosotros consideramos que tambi\u00e9n debe alcanzar a los 120 auxiliares docentes, se habla de un retroactivo pero no se precisa desde que momento y si se va a pagar la deuda. Los que si tenemos certezas somos los trabajadores, y es que estamos absolutamente convencidos de que sea lo que sea lo que suceda de ahora en adelante lo vamos a afrontar juntos, organizados y luchando\u201d.\u00a0\u00a0Alejandro Charra, secretario de Organizaci\u00f3n de ATE C\u00f3rdoba.<\/li>\n<\/ul>\n","protected":false},"excerpt":{"rendered":"<p>Tras a\u00f1os de lucha los docentes de la instituci\u00f3n obtuvieron el reconocimiento en el estamento de nivel superior. Esto implica una recomposici\u00f3n del 25% en sus haberes La ESFA, situada sobre la Ruta20 (camino a Carlos Paz) es la instituci\u00f3n encargada de formal al personal del cuadro de suboficiales de la Fuerza A\u00e9rea Argentina, en [&hellip;]<\/p>\n","protected":false},"author":1,"featured_media":19220,"comment_status":"open","ping_status":"open","sticky":false,"template":"","format":"standard","meta":{"_exactmetrics_skip_tracking":false,"_exactmetrics_sitenote_active":false,"_exactmetrics_sitenote_note":"","_exactmetrics_sitenote_category":0,"jnews-multi-image_gallery":[],"jnews_single_post":[],"jnews_primary_category":[],"jnews_social_meta":[],"jnews_review":[],"enable_review":"","type":"","name":"","summary":"","brand":"","sku":"","good":[],"bad":[],"score_override":"","override_value":"","rating":[],"price":[],"jnews_override_counter":[],"jnews_post_split":[],"footnotes":""},"categories":[18],"tags":[],"class_list":["post-2434","post","type-post","status-publish","format-standard","has-post-thumbnail","hentry","category-nacionales"],"jetpack_featured_media_url":"https:\/\/atecordoba.org\/wp-content\/uploads\/2020\/05\/logo-nuevochico-e1561581322808.png","_links":{"self":[{"href":"https:\/\/atecordoba.org\/index.php?rest_route=\/wp\/v2\/posts\/2434","targetHints":{"allow":["GET"]}}],"collection":[{"href":"https:\/\/atecordoba.org\/index.php?rest_route=\/wp\/v2\/posts"}],"about":[{"href":"https:\/\/atecordoba.org\/index.php?rest_route=\/wp\/v2\/types\/post"}],"author":[{"embeddable":true,"href":"https:\/\/atecordoba.org\/index.php?rest_route=\/wp\/v2\/users\/1"}],"replies":[{"embeddable":true,"href":"https:\/\/atecordoba.org\/index.php?rest_route=%2Fwp%2Fv2%2Fcomments&post=2434"}],"version-history":[{"count":0,"href":"https:\/\/atecordoba.org\/index.php?rest_route=\/wp\/v2\/posts\/2434\/revisions"}],"wp:featuredmedia":[{"embeddable":true,"href":"https:\/\/atecordoba.org\/index.php?rest_route=\/wp\/v2\/media\/19220"}],"wp:attachment":[{"href":"https:\/\/atecordoba.org\/index.php?rest_route=%2Fwp%2Fv2%2Fmedia&parent=2434"}],"wp:term":[{"taxonomy":"category","embeddable":true,"href":"https:\/\/atecordoba.org\/index.php?rest_route=%2Fwp%2Fv2%2Fcategories&post=2434"},{"taxonomy":"post_tag","embeddable":true,"href":"https:\/\/atecordoba.org\/index.php?rest_route=%2Fwp%2Fv2%2Ftags&post=2434"}],"curies":[{"name":"wp","href":"https:\/\/api.w.org\/{rel}","templated":true}]}}