{"id":24321,"date":"2021-02-09T11:31:03","date_gmt":"2021-02-09T14:31:03","guid":{"rendered":"https:\/\/atecordoba.org\/?p=24321"},"modified":"2021-02-09T11:49:16","modified_gmt":"2021-02-09T14:49:16","slug":"asamblea-en-el-ministerio-de-la-mujer-busca-unificar-distintos-conflictos-en-el-organismo","status":"publish","type":"post","link":"https:\/\/atecordoba.org\/?p=24321","title":{"rendered":"Asamblea en el Ministerio de la Mujer busca unificar distintos conflictos en el organismo"},"content":{"rendered":"<p><img loading=\"lazy\" decoding=\"async\" class=\" wp-image-24322 aligncenter\" src=\"https:\/\/atecordoba.org\/wp-content\/uploads\/2021\/02\/ministerioMujer-400x280-1-300x210.jpg\" alt=\"\" width=\"599\" height=\"419\" srcset=\"https:\/\/atecordoba.org\/wp-content\/uploads\/2021\/02\/ministerioMujer-400x280-1-300x210.jpg 300w, https:\/\/atecordoba.org\/wp-content\/uploads\/2021\/02\/ministerioMujer-400x280-1.jpg 400w\" sizes=\"auto, (max-width: 599px) 100vw, 599px\" \/>En el marco de los reclamos que las y los trabajadores de diversos sectores que integran el Ministerio de la Mujer vienen planteando sobre condiciones de trabajo, ca\u00edda de presupuesto y baja de equipos especializados en violencia contra la mujer, el Consejo Directivo Provincial realizar\u00e1 ma\u00f1ana, a las 13.30 horas, una asamblea general del Ministerio de la Mujer, cito en calle Entre R\u00edos al 600 de C\u00f3rdoba Capital.<\/p>\n<p>La asamblea busca unificar los distintos conflictos que envuelven a diversos sectores de la cartera que gestiona la ministra Claudia Mart\u00ednez, adem\u00e1s de abordar problem\u00e1ticas generales del Ministerio.<\/p>\n<p>&#8220;En el contexto general de todo el Ministerio de la Mujer, las autoridades no est\u00e1n sanitizando peri\u00f3dicamente, los hisopados no son generales y peri\u00f3dicos como corresponde. Hay que tener en cuenta que se retom\u00f3 el trabajo de manera presencial y ya hubieron muchos contagios. Adem\u00e1s todav\u00eda \u00a0no hay un cronograma establecido para comenzar el proceso de vacunaci\u00f3n en el organismo&#8221;, explic\u00f3 Edith Innamorato, secretaria de Interior del CDP.<\/p>\n<p>En ese marco se desarrollan conflictos espec\u00edficos como el destacado sobre el Equipo de Atenci\u00f3n Interdisciplinaria a Victimas de Delitos contra la Integridad Sexual, &#8220;destruido&#8221; sin mayores explicaciones y que fue motivo de una carta p\u00fablica realizada por trabajadoras y trabajadores del Ministerio, dirigida al Gobernador Juan Schiaretti y la propia ministra Mart\u00ednez.<\/p>\n<p><img loading=\"lazy\" decoding=\"async\" class=\" wp-image-24323 alignleft\" src=\"https:\/\/atecordoba.org\/wp-content\/uploads\/2021\/02\/WhatsApp-Image-2021-02-09-at-09.37.25-300x300.jpeg\" alt=\"\" width=\"351\" height=\"351\" srcset=\"https:\/\/atecordoba.org\/wp-content\/uploads\/2021\/02\/WhatsApp-Image-2021-02-09-at-09.37.25-300x300.jpeg 300w, https:\/\/atecordoba.org\/wp-content\/uploads\/2021\/02\/WhatsApp-Image-2021-02-09-at-09.37.25-150x150.jpeg 150w, https:\/\/atecordoba.org\/wp-content\/uploads\/2021\/02\/WhatsApp-Image-2021-02-09-at-09.37.25-75x75.jpeg 75w, https:\/\/atecordoba.org\/wp-content\/uploads\/2021\/02\/WhatsApp-Image-2021-02-09-at-09.37.25.jpeg 540w\" sizes=\"auto, (max-width: 351px) 100vw, 351px\" \/>All\u00ed denunciaron que &#8220;ante el estreno de la pel\u00edcula que cuenta el caso real de un violador serial en la ciudad de C\u00f3rdoba, queremos visibilizar como se ha destruido el equipo de apoyo a las v\u00edctimas de violencia sexual.\u00a015 a\u00f1os despu\u00e9s de los sucesos que muestra la pel\u00edcula, quienes trabajan en el sector no tienen estabilidad laboral, poseen contratos de 8 horas siendo totalmente insalubre.\u00a0Instamos a la Ministra de la Mujer, Claudia Mart\u00ednez, a explicar porque dej\u00f3 sin tratamiento interdisciplinario a las v\u00edctimas de violencia sexual&#8221;.<\/p>\n<p>Otro tanto ocurre en el Programa de Asistencia, donde hay un reclamo desde hace tiempo por la falta de recategorizaci\u00f3n del personal trasladado desde la Legislatura.<\/p>\n<p>&#8220;En el Programa C\u00f3rdoba con Ellas tienen el problema que trasladan a gente que no hizo el requerimiento, a los que si lo hicieron no se los aprueban e impusieron una modalidad donde interviene una persona extra\u00f1a a recursos humanos para aprobar licencias en art\u00edculos que solicitan las compa\u00f1eras&#8221;, abundo Innamorato.<\/p>\n<p>En ese contexto se suman reclamos en \u00e1reas como la L\u00ednea de Atenci\u00f3n 0800, el Programa de Terminalidad Educativa, la Sala Cuna, el CIMI, las problem\u00e1ticas del personal administrativo de recepci\u00f3n y box, y los distintos equipos de trabajo e intervenci\u00f3n profesional de la Secretar\u00eda de Violencia Familiar y G\u00e9nero.<\/p>\n<p>&nbsp;<\/p>\n","protected":false},"excerpt":{"rendered":"<p>En el marco de los reclamos que las y los trabajadores de diversos sectores que integran el Ministerio de la Mujer vienen planteando sobre condiciones de trabajo, ca\u00edda de presupuesto y baja de equipos especializados en violencia contra la mujer, el Consejo Directivo Provincial realizar\u00e1 ma\u00f1ana, a las 13.30 horas, una asamblea general del Ministerio [&hellip;]<\/p>\n","protected":false},"author":7,"featured_media":24322,"comment_status":"open","ping_status":"open","sticky":true,"template":"","format":"standard","meta":{"_exactmetrics_skip_tracking":false,"_exactmetrics_sitenote_active":false,"_exactmetrics_sitenote_note":"","_exactmetrics_sitenote_category":0,"jnews-multi-image_gallery":[],"jnews_single_post":{"source_name":"","source_url":"","via_name":"","via_url":"","override_template":"0","override":[{"template":"1","single_blog_custom":"","parallax":"1","fullscreen":"0","layout":"right-sidebar","sidebar":"default-sidebar","second_sidebar":"default-sidebar","sticky_sidebar":"1","share_position":"top","share_float_style":"share-monocrhome","show_share_counter":"1","show_view_counter":"1","show_featured":"1","show_post_meta":"1","show_post_author":"1","show_post_author_image":"1","show_post_date":"1","post_date_format":"default","post_date_format_custom":"Y\/m\/d","show_post_category":"1","show_post_reading_time":"0","post_reading_time_wpm":"300","show_zoom_button":"0","zoom_button_out_step":"2","zoom_button_in_step":"3","show_post_tag":"1","show_prev_next_post":"1","show_popup_post":"1","number_popup_post":"1","show_author_box":"0","show_post_related":"0","show_inline_post_related":"0"}],"override_image_size":"0","image_override":[{"single_post_thumbnail_size":"crop-500","single_post_gallery_size":"crop-500"}],"trending_post":"0","trending_post_position":"meta","trending_post_label":"Trending","sponsored_post":"0","sponsored_post_label":"Sponsored by","sponsored_post_name":"","sponsored_post_url":"","sponsored_post_logo_enable":"0","sponsored_post_logo":"","sponsored_post_desc":""},"jnews_primary_category":{"id":""},"jnews_social_meta":{"fb_title":"","fb_description":"","fb_image":"","twitter_title":"","twitter_description":"","twitter_image":""},"jnews_review":[],"enable_review":"0","type":"percentage","name":"","summary":"","brand":"","sku":"","good":[{"good_text":""}],"bad":[{"bad_text":""}],"score_override":"","override_value":"","rating":[{"rating_text":"","rating_number":"10"}],"price":[{"shop":"","price":"","link":"","icon":""}],"jnews_override_counter":{"override_view_counter":"0","view_counter_number":"0","override_share_counter":"0","share_counter_number":"0","override_like_counter":"0","like_counter_number":"0","override_dislike_counter":"0","dislike_counter_number":"0"},"jnews_post_split":{"enable_post_split":"0","post_split":[{"template":"1","tag":"h2","numbering":"asc","mode":"normal"}]},"footnotes":""},"categories":[341,8],"tags":[763],"class_list":["post-24321","post","type-post","status-publish","format-standard","has-post-thumbnail","hentry","category-cdp","category-provinciales","tag-ministerio-de-la-mujer"],"jetpack_featured_media_url":"https:\/\/atecordoba.org\/wp-content\/uploads\/2021\/02\/ministerioMujer-400x280-1.jpg","_links":{"self":[{"href":"https:\/\/atecordoba.org\/index.php?rest_route=\/wp\/v2\/posts\/24321","targetHints":{"allow":["GET"]}}],"collection":[{"href":"https:\/\/atecordoba.org\/index.php?rest_route=\/wp\/v2\/posts"}],"about":[{"href":"https:\/\/atecordoba.org\/index.php?rest_route=\/wp\/v2\/types\/post"}],"author":[{"embeddable":true,"href":"https:\/\/atecordoba.org\/index.php?rest_route=\/wp\/v2\/users\/7"}],"replies":[{"embeddable":true,"href":"https:\/\/atecordoba.org\/index.php?rest_route=%2Fwp%2Fv2%2Fcomments&post=24321"}],"version-history":[{"count":3,"href":"https:\/\/atecordoba.org\/index.php?rest_route=\/wp\/v2\/posts\/24321\/revisions"}],"predecessor-version":[{"id":24326,"href":"https:\/\/atecordoba.org\/index.php?rest_route=\/wp\/v2\/posts\/24321\/revisions\/24326"}],"wp:featuredmedia":[{"embeddable":true,"href":"https:\/\/atecordoba.org\/index.php?rest_route=\/wp\/v2\/media\/24322"}],"wp:attachment":[{"href":"https:\/\/atecordoba.org\/index.php?rest_route=%2Fwp%2Fv2%2Fmedia&parent=24321"}],"wp:term":[{"taxonomy":"category","embeddable":true,"href":"https:\/\/atecordoba.org\/index.php?rest_route=%2Fwp%2Fv2%2Fcategories&post=24321"},{"taxonomy":"post_tag","embeddable":true,"href":"https:\/\/atecordoba.org\/index.php?rest_route=%2Fwp%2Fv2%2Ftags&post=24321"}],"curies":[{"name":"wp","href":"https:\/\/api.w.org\/{rel}","templated":true}]}}