{"id":24303,"date":"2021-02-08T11:49:00","date_gmt":"2021-02-08T14:49:00","guid":{"rendered":"https:\/\/atecordoba.org\/?p=24303"},"modified":"2021-02-08T11:49:00","modified_gmt":"2021-02-08T14:49:00","slug":"upc-entre-el-fin-de-la-normalizacion-y-los-abusos-en-la-gestion","status":"publish","type":"post","link":"https:\/\/atecordoba.org\/?p=24303","title":{"rendered":"UPC: entre el fin de la normalizaci\u00f3n y los abusos en la gesti\u00f3n"},"content":{"rendered":"<p>(Fuente: La Izquierda Diario)<\/p>\n<p><img loading=\"lazy\" decoding=\"async\" class=\" wp-image-24304 aligncenter\" src=\"https:\/\/atecordoba.org\/wp-content\/uploads\/2021\/02\/upc-rosa-300x169.jpg\" alt=\"\" width=\"529\" height=\"298\" srcset=\"https:\/\/atecordoba.org\/wp-content\/uploads\/2021\/02\/upc-rosa-300x169.jpg 300w, https:\/\/atecordoba.org\/wp-content\/uploads\/2021\/02\/upc-rosa-768x432.jpg 768w, https:\/\/atecordoba.org\/wp-content\/uploads\/2021\/02\/upc-rosa-750x422.jpg 750w, https:\/\/atecordoba.org\/wp-content\/uploads\/2021\/02\/upc-rosa.jpg 800w\" sizes=\"auto, (max-width: 529px) 100vw, 529px\" \/>Si bien la situaci\u00f3n intermedia de la UPC en su proceso de normalizaci\u00f3n (una etapa de car\u00e1cter excepcional en la conformaci\u00f3n de una Universidad, que tiene un lapso de tiempo con caducidad) deber\u00eda haber finalizado en el 2014, a trav\u00e9s de pr\u00f3rrogas a la fecha se continua este proceso que promete mantenerse hasta el 2024.<\/p>\n<p>Esta situaci\u00f3n impide el proceso de democratizaci\u00f3n y somete a los claustros a la potestad de un rectorado no elegido por ninguno de los miembros de la UPC sino por el gobernador de C\u00f3rdoba.<\/p>\n<p>En el mes de octubre se firm\u00f3 un Acta Acuerdo entre el Rectorado y representantes gremiales de UEPC, a espaldas de los Decanatos, de docentes y de estudiantes. Un acta que es cuestionada en sus varios art\u00edculos por atentar contra derechos b\u00e1sicos como, por ejemplo, el computo de la antig\u00fcedad docente durante el per\u00edodo de licencia por embarazo.<\/p>\n<p>Esta Acta Acuerdo fue rotundamente rechazada por la Facultad de Arte y Dise\u00f1o (FAD), a trav\u00e9s de la Comisi\u00f3n Asesora, un \u00f3rgano democr\u00e1tico sin poder resolutivo, ya que no es un Consejo. Esta comisi\u00f3n compuesta por decanato, docentes, no docentes, estudiantes y egresados, ha sido perseguida por el Rectorado. Este despidi\u00f3 en el mes de enero a un trabajador con antig\u00fcedad de cinco a\u00f1os y con fueros gremiales, a trav\u00e9s de un telegrama que el mismo vicerrector, Enrique Bambozzi, se encarg\u00f3 de llevar hasta el domicilio personal de Juan Valfre (encargado de Asuntos Legales de la FAD).<\/p>\n<p>El lunes, 1 de febrero, la docente Viviana Fern\u00e1ndez se enter\u00f3 por la plataforma web Ciudadano Digital (CIDI) que hab\u00eda sido desafectada de 14 horas c\u00e1tedra.<\/p>\n<p>Ante estos atropellos, se plant\u00f3 una Carpa Blanca en la puerta del Rectorado exigiendo la reincorporaci\u00f3n inmediata de Juan y Viviana, la renuncia del Vicerrector por considerar un acto persecutorio el despido de los trabajadores, el fin del proceso normalizador de la UPC y la apertura inmediata del proceso democr\u00e1tico y la conformaci\u00f3n del Consejo Universitario que d\u00e9 garant\u00edas democr\u00e1ticas y de autonom\u00eda.<\/p>\n<div class=\"foto\">\n<figure><a class=\"modal-fotos\" title=\"\" href=\"https:\/\/www.laizquierdadiario.com\/IMG\/jpg\/img-20210203-wa0022_opt.jpg\" rel=\"gallery1\"><span class=\"spip_document_158162 spip_documents spip_documents_center spip_lien_ok\"><img loading=\"lazy\" decoding=\"async\" class=\"img-responsive alignleft\" src=\"https:\/\/www.laizquierdadiario.com\/local\/cache-vignettes\/L338xH600\/img-20210203-wa0022_opt-ca898.jpg?1612687267\" alt=\"\" width=\"338\" height=\"600\" \/><\/span><\/a><figcaption><\/figcaption><\/figure>\n<\/div>\n<h3 class=\"spip\">La voz de los estudiantes<\/h3>\n<p>Las y los representantes de los Centros de Estudiantes de la FAD, se hicieron presentes en la Carpa Blanca donde leyeron una carta abierta a la Rectora en la cual exigen, entre otros puntos: el reconocimiento y participaci\u00f3n del movimiento estudiantil de la UPC, la creaci\u00f3n de una mesa de di\u00e1logo constante entre les estudiantes de todos las facultades y el rectorado, la democratizaci\u00f3n de la FAD y el llamado a elecciones generales.<\/p>\n<p>Exigen ser visibilizados, que se les reconozca el derecho de ser part\u00edcipes activos de las pol\u00edticas que se implementen en la Instituci\u00f3n como claustro estudiantil y de egresados, a quienes han relegado de cualquier consulta u opini\u00f3n llegando a no aceptarlos para escuchar sus reclamos y exigencias, un desconocimiento como sujetos sociales y pol\u00edticos.<\/p>\n<p>Otro problema de gravedad que atraviesan los egresados es que no se est\u00e1n emitiendo los anal\u00edticos ni los t\u00edtulos ya que desde el Recortado no se est\u00e1n haciendo las gestiones administrativas necesarias para que la Naci\u00f3n los emita, esto sucede desde las cohortes 2016 y 2017. Una denuncia que no se puede dejar de escuchar ya que por un lado es una obligaci\u00f3n de la Instituci\u00f3n emitir los t\u00edtulos y por otro lado, perjudica directamente a las y los egresados en sus b\u00fasquedas laborales.<\/p>\n<p>En este contexto, est\u00e1 previsto el regreso al ciclo lectivo en el cual las y los representantes de los Centros de Estudiantes nos dec\u00edan \u201cen la UPC no hay ninguna novedad sobre el c\u00f3mo se regresa, solo se ha informado que el ingreso ser\u00e1 de manera virtual. El a\u00f1o 2020 fue un a\u00f1o cr\u00edtico en el cual hubo mucha deserci\u00f3n de estudiantes por falta de recursos para poder afrontar la virtualidad. La UPC no posee un presupuesto para poder garantizar un regreso a la presencialidad con protocolos seguros\u201d.<\/p>\n<h3 class=\"spip\">Mal de todos<\/h3>\n<p>Desde Docentes D-Base nos hicimos presentes en la Carpa Blanca y nos solidarizamos con el conflicto que atraviesa a toda la comunidad educativa de la UPC y que no est\u00e1 por fuera del ataque a la educaci\u00f3n P\u00fablica de conjunto.<\/p>\n<p>El gobierno de C\u00f3rdoba viene atacando a la Educaci\u00f3n P\u00fablica en todos los niveles, dejando sin trabajo a miles de docentes en el 2020 y a estudiantes sin docentes, intenta cerrar cursos como, ya ha realizado en la modalidad de J\u00f3venes y Adultos y en el nivel Terciario a trav\u00e9s del Memo 03\/2020 que exige un cupo de 30 estudiantes para mantener un curso abierto.<\/p>\n<p><img loading=\"lazy\" decoding=\"async\" class=\" wp-image-24229 aligncenter\" src=\"https:\/\/atecordoba.org\/wp-content\/uploads\/2021\/02\/131979025_10158907794829805_387866690393365177_o-300x169.jpg\" alt=\"\" width=\"470\" height=\"265\" srcset=\"https:\/\/atecordoba.org\/wp-content\/uploads\/2021\/02\/131979025_10158907794829805_387866690393365177_o-300x169.jpg 300w, https:\/\/atecordoba.org\/wp-content\/uploads\/2021\/02\/131979025_10158907794829805_387866690393365177_o-768x432.jpg 768w, https:\/\/atecordoba.org\/wp-content\/uploads\/2021\/02\/131979025_10158907794829805_387866690393365177_o-750x422.jpg 750w, https:\/\/atecordoba.org\/wp-content\/uploads\/2021\/02\/131979025_10158907794829805_387866690393365177_o.jpg 960w\" sizes=\"auto, (max-width: 470px) 100vw, 470px\" \/><\/p>\n<p>Por otro lado, en ninguna modalidad educativa se plantea un protocolo ni presupuesto para que cada uno de los que integramos la comunidad educativa tengamos garant\u00edas de salubridad en un regreso a la presencialidad.<\/p>\n<p>Es necesario que todas y todos los que integramos la comunidad educativa en todos los niveles actuemos conjuntamente para defender la educaci\u00f3n P\u00fablica en contra del desmembramiento que est\u00e1n realizando.<\/p>\n","protected":false},"excerpt":{"rendered":"<p>(Fuente: La Izquierda Diario) Si bien la situaci\u00f3n intermedia de la UPC en su proceso de normalizaci\u00f3n (una etapa de car\u00e1cter excepcional en la conformaci\u00f3n de una Universidad, que tiene un lapso de tiempo con caducidad) deber\u00eda haber finalizado en el 2014, a trav\u00e9s de pr\u00f3rrogas a la fecha se continua este proceso que promete [&hellip;]<\/p>\n","protected":false},"author":7,"featured_media":24304,"comment_status":"open","ping_status":"open","sticky":true,"template":"","format":"standard","meta":{"_exactmetrics_skip_tracking":false,"_exactmetrics_sitenote_active":false,"_exactmetrics_sitenote_note":"","_exactmetrics_sitenote_category":0,"jnews-multi-image_gallery":[],"jnews_single_post":{"source_name":"","source_url":"","via_name":"","via_url":"","override_template":"0","override":[{"template":"1","single_blog_custom":"","parallax":"1","fullscreen":"0","layout":"right-sidebar","sidebar":"default-sidebar","second_sidebar":"default-sidebar","sticky_sidebar":"1","share_position":"top","share_float_style":"share-monocrhome","show_share_counter":"1","show_view_counter":"1","show_featured":"1","show_post_meta":"1","show_post_author":"1","show_post_author_image":"1","show_post_date":"1","post_date_format":"default","post_date_format_custom":"Y\/m\/d","show_post_category":"1","show_post_reading_time":"0","post_reading_time_wpm":"300","show_zoom_button":"0","zoom_button_out_step":"2","zoom_button_in_step":"3","show_post_tag":"1","show_prev_next_post":"1","show_popup_post":"1","number_popup_post":"1","show_author_box":"0","show_post_related":"0","show_inline_post_related":"0"}],"override_image_size":"0","image_override":[{"single_post_thumbnail_size":"crop-500","single_post_gallery_size":"crop-500"}],"trending_post":"0","trending_post_position":"meta","trending_post_label":"Trending","sponsored_post":"0","sponsored_post_label":"Sponsored by","sponsored_post_name":"","sponsored_post_url":"","sponsored_post_logo_enable":"0","sponsored_post_logo":"","sponsored_post_desc":""},"jnews_primary_category":{"id":""},"jnews_social_meta":{"fb_title":"","fb_description":"","fb_image":"","twitter_title":"","twitter_description":"","twitter_image":""},"jnews_review":[],"enable_review":"0","type":"percentage","name":"","summary":"","brand":"","sku":"","good":[{"good_text":""}],"bad":[{"bad_text":""}],"score_override":"","override_value":"","rating":[{"rating_text":"","rating_number":"10"}],"price":[{"shop":"","price":"","link":"","icon":""}],"jnews_override_counter":{"override_view_counter":"0","view_counter_number":"0","override_share_counter":"0","share_counter_number":"0","override_like_counter":"0","like_counter_number":"0","override_dislike_counter":"0","dislike_counter_number":"0"},"jnews_post_split":{"enable_post_split":"0","post_split":[{"template":"1","tag":"h2","numbering":"asc","mode":"normal"}]},"footnotes":""},"categories":[341,8],"tags":[729],"class_list":["post-24303","post","type-post","status-publish","format-standard","has-post-thumbnail","hentry","category-cdp","category-provinciales","tag-universidad-provincial-de-cordoba"],"jetpack_featured_media_url":"https:\/\/atecordoba.org\/wp-content\/uploads\/2021\/02\/upc-rosa.jpg","_links":{"self":[{"href":"https:\/\/atecordoba.org\/index.php?rest_route=\/wp\/v2\/posts\/24303","targetHints":{"allow":["GET"]}}],"collection":[{"href":"https:\/\/atecordoba.org\/index.php?rest_route=\/wp\/v2\/posts"}],"about":[{"href":"https:\/\/atecordoba.org\/index.php?rest_route=\/wp\/v2\/types\/post"}],"author":[{"embeddable":true,"href":"https:\/\/atecordoba.org\/index.php?rest_route=\/wp\/v2\/users\/7"}],"replies":[{"embeddable":true,"href":"https:\/\/atecordoba.org\/index.php?rest_route=%2Fwp%2Fv2%2Fcomments&post=24303"}],"version-history":[{"count":1,"href":"https:\/\/atecordoba.org\/index.php?rest_route=\/wp\/v2\/posts\/24303\/revisions"}],"predecessor-version":[{"id":24305,"href":"https:\/\/atecordoba.org\/index.php?rest_route=\/wp\/v2\/posts\/24303\/revisions\/24305"}],"wp:featuredmedia":[{"embeddable":true,"href":"https:\/\/atecordoba.org\/index.php?rest_route=\/wp\/v2\/media\/24304"}],"wp:attachment":[{"href":"https:\/\/atecordoba.org\/index.php?rest_route=%2Fwp%2Fv2%2Fmedia&parent=24303"}],"wp:term":[{"taxonomy":"category","embeddable":true,"href":"https:\/\/atecordoba.org\/index.php?rest_route=%2Fwp%2Fv2%2Fcategories&post=24303"},{"taxonomy":"post_tag","embeddable":true,"href":"https:\/\/atecordoba.org\/index.php?rest_route=%2Fwp%2Fv2%2Ftags&post=24303"}],"curies":[{"name":"wp","href":"https:\/\/api.w.org\/{rel}","templated":true}]}}