{"id":2429,"date":"2013-03-04T19:36:56","date_gmt":"2013-03-04T22:36:56","guid":{"rendered":"http:\/\/www.atecordoba.org\/?p=2429"},"modified":"2013-03-04T19:36:56","modified_gmt":"2013-03-04T22:36:56","slug":"la-universidad-formalizo-los-primeros-pases-a-planta-de-trabajadores-representados-por-ate","status":"publish","type":"post","link":"https:\/\/atecordoba.org\/?p=2429","title":{"rendered":"La universidad formaliz\u00f3 los primeros pases a planta de trabajadores representados por ATE"},"content":{"rendered":"<p><em>Se trata de un grupo de compa\u00f1eros del Comedor Universitario y de la Secretar\u00eda de Asuntos Estudiantiles. ATE plante\u00f3 la situaci\u00f3n de los trabajadores a mediados de a\u00f1o y, tras diversas medidas de fuerza y reuniones con la autoridades, la Casa de Estudios dispuso por resoluci\u00f3n su pase a planta permanente. As\u00ed se inicia el camino de consolidaci\u00f3n de ATE en la Universidad Nacional de C\u00f3rdoba.<\/em><\/p>\n<p>&nbsp;<\/p>\n<p><a href=\"http:\/\/www.atecordoba.org\/wp-content\/uploads\/2012\/11\/IMG_2493.jpg\"><img loading=\"lazy\" decoding=\"async\" class=\"aligncenter size-large wp-image-1909\" title=\"IMG_2493\" src=\"http:\/\/www.atecordoba.org\/wp-content\/uploads\/2012\/11\/IMG_2493-1024x768.jpg\" alt=\"\" width=\"1024\" height=\"768\" \/><\/a><\/p>\n<p>El jueves pasado fue un d\u00eda de fiesta para los trabajadores no docentes de la Universidad Nacional de C\u00f3rdoba. No se trat\u00f3 de alguno de los feriados que llenaron febrero, sino de que despu\u00e9s de tres meses de conflicto gremial, 10 trabajadores de la Secretar\u00eda de Asuntos Estudiantiles -ocho de los cuales cumplen tareas en el Comedor Universitario- pasaron a planta permanente, logrando que sus derechos laborales fueran finalmente reconocidos.<\/p>\n<p>La resoluci\u00f3n del conflicto se produjo cuando la Universidad acept\u00f3 el planteo de ATE y llev\u00f3 adelante los tr\u00e1mites necesarios para que estos compa\u00f1eros sean efectivizados, despu\u00e9s de estar por largo tiempo contratados. Para alcanzar este logro, nuestro gremio debi\u00f3 batallar con autoridades que no estaban acostumbradas a tener enfrente a una organizaci\u00f3n que mostrara firmeza en la defensa de los derechos e intereses de los trabajadores universitarios.<\/p>\n<p>Tres paros, varias movilizaciones al Consejo Superior y algunas audiencias destrabaron la situaci\u00f3n y convencieron al rectorado que ATE va en serio. El acuerdo se realiz\u00f3, en t\u00e9rminos cordiales, entre los representantes de ATE y la rectora Carolina Scotto.<\/p>\n<p>&#8220;Esto es fruto del esfuerzo y la lucha de todos los compa\u00f1eros que se pusieron la camiseta del gremio y asumieron que para tener resultados tenemos que estar juntos y asumir que el problema de cada uno es la necesidad de todos. Estamos felices y le agradecemos a cada uno de los compa\u00f1eros el compromiso demostrado en este conflicto&#8221;, dijo emocionado Carlos Victorel, delegado de ATE en el Comedor Universitario.<\/p>\n<p>Para ATE este es un primer paso hacia la consolidaci\u00f3n de la presencia de nuestro gremio en el sector universitario, donde existen muchos compa\u00f1eros que sufren el flagelo de la precarizaci\u00f3n laboral y las malas condiciones de trabajo.<\/p>\n<p>&#8220;Esto es un gran avance que nos pone ante el desaf\u00edo de construir m\u00e1s organizaci\u00f3n sindical , con el objetivo de solucionar el problema de fondo: eliminar la precariedad laboral. Para eso necesitamos sentarnos a discutir en paritarias, no s\u00f3lo para mejorar las condiciones de trabajo sino tambi\u00e9n para poder discutir salario, jubilaciones y capacitaci\u00f3n, que tanta falta nos hace a los no docentes. Para conseguirlo tenemos que salir a convencer a los compa\u00f1eros de que es imprescindible organizarse,\u00a0afiliarse y elegir nuestros propios delegados para que otros no decidan por nosotros&#8221;, consider\u00f3 Francisco Pavan, trabajador no docente y miembro de la conducci\u00f3n de ATE C\u00f3rdoba.<\/p>\n<p>Los compa\u00f1eros de la universidad planean realizar reuniones en distintos sectores para discutir los problemas en distintas dependencias con miras al trabajo que se planificar\u00e1 durante el 2013.<\/p>\n<p>contacto: nodocentesunc@atecordoba.org.ar<\/p>\n<p>telefono: 0351-153311082 \/4232748<\/p>\n","protected":false},"excerpt":{"rendered":"<p>Se trata de un grupo de compa\u00f1eros del Comedor Universitario y de la Secretar\u00eda de Asuntos Estudiantiles. ATE plante\u00f3 la situaci\u00f3n de los trabajadores a mediados de a\u00f1o y, tras diversas medidas de fuerza y reuniones con la autoridades, la Casa de Estudios dispuso por resoluci\u00f3n su pase a planta permanente. As\u00ed se inicia el [&hellip;]<\/p>\n","protected":false},"author":1,"featured_media":19220,"comment_status":"open","ping_status":"open","sticky":false,"template":"","format":"standard","meta":{"_exactmetrics_skip_tracking":false,"_exactmetrics_sitenote_active":false,"_exactmetrics_sitenote_note":"","_exactmetrics_sitenote_category":0,"jnews-multi-image_gallery":[],"jnews_single_post":[],"jnews_primary_category":[],"jnews_social_meta":[],"jnews_review":[],"enable_review":"","type":"","name":"","summary":"","brand":"","sku":"","good":[],"bad":[],"score_override":"","override_value":"","rating":[],"price":[],"jnews_override_counter":[],"jnews_post_split":[],"footnotes":""},"categories":[18],"tags":[],"class_list":["post-2429","post","type-post","status-publish","format-standard","has-post-thumbnail","hentry","category-nacionales"],"jetpack_featured_media_url":"https:\/\/atecordoba.org\/wp-content\/uploads\/2020\/05\/logo-nuevochico-e1561581322808.png","_links":{"self":[{"href":"https:\/\/atecordoba.org\/index.php?rest_route=\/wp\/v2\/posts\/2429","targetHints":{"allow":["GET"]}}],"collection":[{"href":"https:\/\/atecordoba.org\/index.php?rest_route=\/wp\/v2\/posts"}],"about":[{"href":"https:\/\/atecordoba.org\/index.php?rest_route=\/wp\/v2\/types\/post"}],"author":[{"embeddable":true,"href":"https:\/\/atecordoba.org\/index.php?rest_route=\/wp\/v2\/users\/1"}],"replies":[{"embeddable":true,"href":"https:\/\/atecordoba.org\/index.php?rest_route=%2Fwp%2Fv2%2Fcomments&post=2429"}],"version-history":[{"count":0,"href":"https:\/\/atecordoba.org\/index.php?rest_route=\/wp\/v2\/posts\/2429\/revisions"}],"wp:featuredmedia":[{"embeddable":true,"href":"https:\/\/atecordoba.org\/index.php?rest_route=\/wp\/v2\/media\/19220"}],"wp:attachment":[{"href":"https:\/\/atecordoba.org\/index.php?rest_route=%2Fwp%2Fv2%2Fmedia&parent=2429"}],"wp:term":[{"taxonomy":"category","embeddable":true,"href":"https:\/\/atecordoba.org\/index.php?rest_route=%2Fwp%2Fv2%2Fcategories&post=2429"},{"taxonomy":"post_tag","embeddable":true,"href":"https:\/\/atecordoba.org\/index.php?rest_route=%2Fwp%2Fv2%2Ftags&post=2429"}],"curies":[{"name":"wp","href":"https:\/\/api.w.org\/{rel}","templated":true}]}}