{"id":24266,"date":"2021-02-05T22:06:21","date_gmt":"2021-02-06T01:06:21","guid":{"rendered":"https:\/\/atecordoba.org\/?p=24266"},"modified":"2021-02-05T22:06:21","modified_gmt":"2021-02-06T01:06:21","slug":"contundente-adhesion-a-la-retencion-de-tareas-del-personal-de-salud-en-el-hospital-y-los-dispensarios-de-villa-carlos-paz","status":"publish","type":"post","link":"https:\/\/atecordoba.org\/?p=24266","title":{"rendered":"Contundente adhesi\u00f3n a la retenci\u00f3n de tareas del Personal de Salud en el hospital y los dispensarios de Villa Carlos Paz"},"content":{"rendered":"<p><img loading=\"lazy\" decoding=\"async\" class=\"alignnone size-thumbnail wp-image-24267\" src=\"https:\/\/atecordoba.org\/wp-content\/uploads\/2021\/02\/IMG-20210205-WA0035-150x150.jpg\" alt=\"\" width=\"150\" height=\"150\" srcset=\"https:\/\/atecordoba.org\/wp-content\/uploads\/2021\/02\/IMG-20210205-WA0035-150x150.jpg 150w, https:\/\/atecordoba.org\/wp-content\/uploads\/2021\/02\/IMG-20210205-WA0035-560x560.jpg 560w, https:\/\/atecordoba.org\/wp-content\/uploads\/2021\/02\/IMG-20210205-WA0035-75x75.jpg 75w\" sizes=\"auto, (max-width: 150px) 100vw, 150px\" \/> <img loading=\"lazy\" decoding=\"async\" class=\"alignnone size-thumbnail wp-image-24268\" src=\"https:\/\/atecordoba.org\/wp-content\/uploads\/2021\/02\/IMG-20210205-WA0043-150x150.jpg\" alt=\"\" width=\"150\" height=\"150\" srcset=\"https:\/\/atecordoba.org\/wp-content\/uploads\/2021\/02\/IMG-20210205-WA0043-150x150.jpg 150w, https:\/\/atecordoba.org\/wp-content\/uploads\/2021\/02\/IMG-20210205-WA0043-560x560.jpg 560w, https:\/\/atecordoba.org\/wp-content\/uploads\/2021\/02\/IMG-20210205-WA0043-75x75.jpg 75w\" sizes=\"auto, (max-width: 150px) 100vw, 150px\" \/> <img loading=\"lazy\" decoding=\"async\" class=\"alignnone size-thumbnail wp-image-24269\" src=\"https:\/\/atecordoba.org\/wp-content\/uploads\/2021\/02\/IMG-20210205-WA0048-150x150.jpg\" alt=\"\" width=\"150\" height=\"150\" srcset=\"https:\/\/atecordoba.org\/wp-content\/uploads\/2021\/02\/IMG-20210205-WA0048-150x150.jpg 150w, https:\/\/atecordoba.org\/wp-content\/uploads\/2021\/02\/IMG-20210205-WA0048-560x560.jpg 560w, https:\/\/atecordoba.org\/wp-content\/uploads\/2021\/02\/IMG-20210205-WA0048-75x75.jpg 75w\" sizes=\"auto, (max-width: 150px) 100vw, 150px\" \/> <img loading=\"lazy\" decoding=\"async\" class=\"alignnone size-thumbnail wp-image-24270\" src=\"https:\/\/atecordoba.org\/wp-content\/uploads\/2021\/02\/IMG-20210205-WA0045-150x150.jpg\" alt=\"\" width=\"150\" height=\"150\" srcset=\"https:\/\/atecordoba.org\/wp-content\/uploads\/2021\/02\/IMG-20210205-WA0045-150x150.jpg 150w, https:\/\/atecordoba.org\/wp-content\/uploads\/2021\/02\/IMG-20210205-WA0045-560x560.jpg 560w, https:\/\/atecordoba.org\/wp-content\/uploads\/2021\/02\/IMG-20210205-WA0045-75x75.jpg 75w\" sizes=\"auto, (max-width: 150px) 100vw, 150px\" \/> <img loading=\"lazy\" decoding=\"async\" class=\"alignnone size-thumbnail wp-image-24271\" src=\"https:\/\/atecordoba.org\/wp-content\/uploads\/2021\/02\/IMG-20210205-WA0064-150x150.jpg\" alt=\"\" width=\"150\" height=\"150\" srcset=\"https:\/\/atecordoba.org\/wp-content\/uploads\/2021\/02\/IMG-20210205-WA0064-150x150.jpg 150w, https:\/\/atecordoba.org\/wp-content\/uploads\/2021\/02\/IMG-20210205-WA0064-560x560.jpg 560w, https:\/\/atecordoba.org\/wp-content\/uploads\/2021\/02\/IMG-20210205-WA0064-75x75.jpg 75w\" sizes=\"auto, (max-width: 150px) 100vw, 150px\" \/> <img loading=\"lazy\" decoding=\"async\" class=\"alignnone size-thumbnail wp-image-24272\" src=\"https:\/\/atecordoba.org\/wp-content\/uploads\/2021\/02\/IMG-20210205-WA0102-150x150.jpg\" alt=\"\" width=\"150\" height=\"150\" srcset=\"https:\/\/atecordoba.org\/wp-content\/uploads\/2021\/02\/IMG-20210205-WA0102-150x150.jpg 150w, https:\/\/atecordoba.org\/wp-content\/uploads\/2021\/02\/IMG-20210205-WA0102-560x560.jpg 560w, https:\/\/atecordoba.org\/wp-content\/uploads\/2021\/02\/IMG-20210205-WA0102-75x75.jpg 75w\" sizes=\"auto, (max-width: 150px) 100vw, 150px\" \/> <img loading=\"lazy\" decoding=\"async\" class=\"alignnone size-thumbnail wp-image-24273\" src=\"https:\/\/atecordoba.org\/wp-content\/uploads\/2021\/02\/IMG-20210205-WA0105-150x150.jpg\" alt=\"\" width=\"150\" height=\"150\" srcset=\"https:\/\/atecordoba.org\/wp-content\/uploads\/2021\/02\/IMG-20210205-WA0105-150x150.jpg 150w, https:\/\/atecordoba.org\/wp-content\/uploads\/2021\/02\/IMG-20210205-WA0105-560x560.jpg 560w, https:\/\/atecordoba.org\/wp-content\/uploads\/2021\/02\/IMG-20210205-WA0105-75x75.jpg 75w\" sizes=\"auto, (max-width: 150px) 100vw, 150px\" \/> <img loading=\"lazy\" decoding=\"async\" class=\"alignnone size-thumbnail wp-image-24274\" src=\"https:\/\/atecordoba.org\/wp-content\/uploads\/2021\/02\/IMG-20210205-WA0114-150x150.jpg\" alt=\"\" width=\"150\" height=\"150\" srcset=\"https:\/\/atecordoba.org\/wp-content\/uploads\/2021\/02\/IMG-20210205-WA0114-150x150.jpg 150w, https:\/\/atecordoba.org\/wp-content\/uploads\/2021\/02\/IMG-20210205-WA0114-560x560.jpg 560w, https:\/\/atecordoba.org\/wp-content\/uploads\/2021\/02\/IMG-20210205-WA0114-75x75.jpg 75w\" sizes=\"auto, (max-width: 150px) 100vw, 150px\" \/> <img loading=\"lazy\" decoding=\"async\" class=\"alignnone size-thumbnail wp-image-24275\" src=\"https:\/\/atecordoba.org\/wp-content\/uploads\/2021\/02\/IMG-20210205-WA0109-150x150.jpg\" alt=\"\" width=\"150\" height=\"150\" srcset=\"https:\/\/atecordoba.org\/wp-content\/uploads\/2021\/02\/IMG-20210205-WA0109-150x150.jpg 150w, https:\/\/atecordoba.org\/wp-content\/uploads\/2021\/02\/IMG-20210205-WA0109-560x560.jpg 560w, https:\/\/atecordoba.org\/wp-content\/uploads\/2021\/02\/IMG-20210205-WA0109-75x75.jpg 75w\" sizes=\"auto, (max-width: 150px) 100vw, 150px\" \/> <img loading=\"lazy\" decoding=\"async\" class=\"alignnone size-thumbnail wp-image-24276\" src=\"https:\/\/atecordoba.org\/wp-content\/uploads\/2021\/02\/IMG-20210205-WA0120-150x150.jpg\" alt=\"\" width=\"150\" height=\"150\" srcset=\"https:\/\/atecordoba.org\/wp-content\/uploads\/2021\/02\/IMG-20210205-WA0120-150x150.jpg 150w, https:\/\/atecordoba.org\/wp-content\/uploads\/2021\/02\/IMG-20210205-WA0120-560x560.jpg 560w, https:\/\/atecordoba.org\/wp-content\/uploads\/2021\/02\/IMG-20210205-WA0120-75x75.jpg 75w\" sizes=\"auto, (max-width: 150px) 100vw, 150px\" \/> <img loading=\"lazy\" decoding=\"async\" class=\"alignnone size-thumbnail wp-image-24277\" src=\"https:\/\/atecordoba.org\/wp-content\/uploads\/2021\/02\/IMG-20210205-WA0116-150x150.jpg\" alt=\"\" width=\"150\" height=\"150\" srcset=\"https:\/\/atecordoba.org\/wp-content\/uploads\/2021\/02\/IMG-20210205-WA0116-150x150.jpg 150w, https:\/\/atecordoba.org\/wp-content\/uploads\/2021\/02\/IMG-20210205-WA0116-560x560.jpg 560w, https:\/\/atecordoba.org\/wp-content\/uploads\/2021\/02\/IMG-20210205-WA0116-75x75.jpg 75w\" sizes=\"auto, (max-width: 150px) 100vw, 150px\" \/> <img loading=\"lazy\" decoding=\"async\" class=\"alignnone size-thumbnail wp-image-24278\" src=\"https:\/\/atecordoba.org\/wp-content\/uploads\/2021\/02\/IMG-20210205-WA0152-150x150.jpg\" alt=\"\" width=\"150\" height=\"150\" srcset=\"https:\/\/atecordoba.org\/wp-content\/uploads\/2021\/02\/IMG-20210205-WA0152-150x150.jpg 150w, https:\/\/atecordoba.org\/wp-content\/uploads\/2021\/02\/IMG-20210205-WA0152-560x560.jpg 560w, https:\/\/atecordoba.org\/wp-content\/uploads\/2021\/02\/IMG-20210205-WA0152-75x75.jpg 75w\" sizes=\"auto, (max-width: 150px) 100vw, 150px\" \/> <img loading=\"lazy\" decoding=\"async\" class=\"alignnone size-thumbnail wp-image-24279\" src=\"https:\/\/atecordoba.org\/wp-content\/uploads\/2021\/02\/IMG-20210205-WA0186-150x150.jpg\" alt=\"\" width=\"150\" height=\"150\" srcset=\"https:\/\/atecordoba.org\/wp-content\/uploads\/2021\/02\/IMG-20210205-WA0186-150x150.jpg 150w, https:\/\/atecordoba.org\/wp-content\/uploads\/2021\/02\/IMG-20210205-WA0186-560x560.jpg 560w, https:\/\/atecordoba.org\/wp-content\/uploads\/2021\/02\/IMG-20210205-WA0186-75x75.jpg 75w\" sizes=\"auto, (max-width: 150px) 100vw, 150px\" \/> <img loading=\"lazy\" decoding=\"async\" class=\"alignnone size-thumbnail wp-image-24280\" src=\"https:\/\/atecordoba.org\/wp-content\/uploads\/2021\/02\/IMG-20210205-WA0185-150x150.jpg\" alt=\"\" width=\"150\" height=\"150\" srcset=\"https:\/\/atecordoba.org\/wp-content\/uploads\/2021\/02\/IMG-20210205-WA0185-150x150.jpg 150w, https:\/\/atecordoba.org\/wp-content\/uploads\/2021\/02\/IMG-20210205-WA0185-560x560.jpg 560w, https:\/\/atecordoba.org\/wp-content\/uploads\/2021\/02\/IMG-20210205-WA0185-75x75.jpg 75w\" sizes=\"auto, (max-width: 150px) 100vw, 150px\" \/> <img loading=\"lazy\" decoding=\"async\" class=\"alignnone size-thumbnail wp-image-24281\" src=\"https:\/\/atecordoba.org\/wp-content\/uploads\/2021\/02\/IMG-20210205-WA0187-150x150.jpg\" alt=\"\" width=\"150\" height=\"150\" srcset=\"https:\/\/atecordoba.org\/wp-content\/uploads\/2021\/02\/IMG-20210205-WA0187-150x150.jpg 150w, https:\/\/atecordoba.org\/wp-content\/uploads\/2021\/02\/IMG-20210205-WA0187-560x560.jpg 560w, https:\/\/atecordoba.org\/wp-content\/uploads\/2021\/02\/IMG-20210205-WA0187-75x75.jpg 75w\" sizes=\"auto, (max-width: 150px) 100vw, 150px\" \/> <img loading=\"lazy\" decoding=\"async\" class=\"alignnone size-thumbnail wp-image-24282\" src=\"https:\/\/atecordoba.org\/wp-content\/uploads\/2021\/02\/IMG-20210205-WA0200-150x150.jpg\" alt=\"\" width=\"150\" height=\"150\" srcset=\"https:\/\/atecordoba.org\/wp-content\/uploads\/2021\/02\/IMG-20210205-WA0200-150x150.jpg 150w, https:\/\/atecordoba.org\/wp-content\/uploads\/2021\/02\/IMG-20210205-WA0200-560x560.jpg 560w, https:\/\/atecordoba.org\/wp-content\/uploads\/2021\/02\/IMG-20210205-WA0200-75x75.jpg 75w\" sizes=\"auto, (max-width: 150px) 100vw, 150px\" \/> <img loading=\"lazy\" decoding=\"async\" class=\"alignnone size-thumbnail wp-image-24283\" src=\"https:\/\/atecordoba.org\/wp-content\/uploads\/2021\/02\/IMG-20210205-WA0201-150x150.jpg\" alt=\"\" width=\"150\" height=\"150\" srcset=\"https:\/\/atecordoba.org\/wp-content\/uploads\/2021\/02\/IMG-20210205-WA0201-150x150.jpg 150w, https:\/\/atecordoba.org\/wp-content\/uploads\/2021\/02\/IMG-20210205-WA0201-560x560.jpg 560w, https:\/\/atecordoba.org\/wp-content\/uploads\/2021\/02\/IMG-20210205-WA0201-75x75.jpg 75w\" sizes=\"auto, (max-width: 150px) 100vw, 150px\" \/> <img loading=\"lazy\" decoding=\"async\" class=\"alignnone size-thumbnail wp-image-24284\" src=\"https:\/\/atecordoba.org\/wp-content\/uploads\/2021\/02\/IMG-20210205-WA0209-150x150.jpg\" alt=\"\" width=\"150\" height=\"150\" srcset=\"https:\/\/atecordoba.org\/wp-content\/uploads\/2021\/02\/IMG-20210205-WA0209-150x150.jpg 150w, https:\/\/atecordoba.org\/wp-content\/uploads\/2021\/02\/IMG-20210205-WA0209-560x560.jpg 560w, https:\/\/atecordoba.org\/wp-content\/uploads\/2021\/02\/IMG-20210205-WA0209-75x75.jpg 75w\" sizes=\"auto, (max-width: 150px) 100vw, 150px\" \/> <img loading=\"lazy\" decoding=\"async\" class=\"alignnone size-thumbnail wp-image-24285\" src=\"https:\/\/atecordoba.org\/wp-content\/uploads\/2021\/02\/IMG-20210205-WA0205-150x150.jpg\" alt=\"\" width=\"150\" height=\"150\" srcset=\"https:\/\/atecordoba.org\/wp-content\/uploads\/2021\/02\/IMG-20210205-WA0205-150x150.jpg 150w, https:\/\/atecordoba.org\/wp-content\/uploads\/2021\/02\/IMG-20210205-WA0205-560x560.jpg 560w, https:\/\/atecordoba.org\/wp-content\/uploads\/2021\/02\/IMG-20210205-WA0205-75x75.jpg 75w\" sizes=\"auto, (max-width: 150px) 100vw, 150px\" \/> <img loading=\"lazy\" decoding=\"async\" class=\"alignnone size-thumbnail wp-image-24286\" src=\"https:\/\/atecordoba.org\/wp-content\/uploads\/2021\/02\/IMG-20210205-WA0197-150x150.jpg\" alt=\"\" width=\"150\" height=\"150\" srcset=\"https:\/\/atecordoba.org\/wp-content\/uploads\/2021\/02\/IMG-20210205-WA0197-150x150.jpg 150w, https:\/\/atecordoba.org\/wp-content\/uploads\/2021\/02\/IMG-20210205-WA0197-560x560.jpg 560w, https:\/\/atecordoba.org\/wp-content\/uploads\/2021\/02\/IMG-20210205-WA0197-75x75.jpg 75w\" sizes=\"auto, (max-width: 150px) 100vw, 150px\" \/>Desde la Asociaci\u00f3n de Trabajadores del Estado (ATE-CTA), se asegur\u00f3 que la retenci\u00f3n de tareas en el Hospital y los Dispensarios como medida de lucha, hizo fortalecerlos, seg\u00fan indicaron. De no haber una instancia de dialogo mediante, prev\u00e9n nuevas acciones para seguir reclamando. Este 5 de febrero los trabajadores de la salud del municipio, realizaron un cese de tareas en el Hospital Gumersindo Sayago y todos los Dispensarios de la ciudad.<\/p>\n<p>Desde las 0 de este viernes se desarrolla un cese de actividades en el Hospital Gumersindo Sayago y los diferentes dispensarios de Villa Carlos Paz. La medida, que se extender\u00e1 hasta la medianoche, se tom\u00f3 ante la intransigencia del intendente Daniel G\u00f3mez Gesteira, que sigue sin habilitar una mesa de di\u00e1logo para desandar el conflicto con el personal de salud que se extiende desde agosto pasado. Durante el paro se garantiza la atenci\u00f3n en la guardia, urgencias y pacientes con s\u00edntomas de COVID-19.<\/p>\n<p>Desde ATE , el gremio que se puso al frente del plan de lucha, expresaron que el nivel de adhesi\u00f3n a la medida de fuerza es del 90%, a pesar de las fuertes presiones y aprietes del Ejecutivo. El Personal de Salud Municipal reclama la reincorporaci\u00f3n de los 8 profesionales despedidos el 31 de diciembre y que queden sin efecto los 5 traslados compulsivos que se aplicaron como represalia. Luego se pretende negociar una recomposici\u00f3n salarial, inclusi\u00f3n del \u00edtem de riesgo, pago de feriados y semana sanitaria, entre otras mejoras laborales.<\/p>\n<p>Alto acatamiento pese a los aprietes del Gobierno Municipal<\/p>\n<p>\u201cLa adhesi\u00f3n fue mayor al 90 por ciento\u201d, indic\u00f3 Julia Giuliani, secretaria de Prensa y Comunicaci\u00f3n de ATE. Y detall\u00f3 que a la medida, \u201cadhirieron los anestesistas y no hubo cirug\u00edas programadas. Lo hicieron tambi\u00e9n los obstetras, que solo se atendieron urgencias y solo se mantiene una guardia m\u00ednima para emergencias e hisopados por COVID-19\u201d.<\/p>\n<p>La trabajadora, subray\u00f3 que desde ATE est\u00e1n \u201cmuy contentos\u201d por la adhesi\u00f3n y \u201csolidaridad\u201d que hay entre el personal de salud. A pesar de \u201clos aprietes y amenazas que se dieron por parte de la Direcci\u00f3n del Hospital y el Ejecutivo municipal, que buscaron descomprimir la medida de fuerza, nos fortalecimos\u201d, dijo.<\/p>\n<p>Y agreg\u00f3 que se le dio aviso \u201ca cada paciente y se reprogramaron los turnos para la semana que viene y es pleno el acompa\u00f1amiento de la sociedad, porque entendieron el reclamo\u201d.<\/p>\n<p>Destac\u00f3 que las medidas de lucha van a seguir si no se tienen en cuenta los puntos que reclaman.<\/p>\n<p>Giuliani adelant\u00f3 que en la Asamblea que se realiz\u00f3 a media ma\u00f1ana de hoy, se decidieron nuevas acciones para la semana que viene en el caso de que no se concrete una instancia de dialogo. Piensan llevar la lucha a los accesos a la ciudad durante el fin de semana largo que se avecina.<\/p>\n<p>\u201cEstamos m\u00e1s fuertes que nunca, y creemos y es necesario, que el intendente Daniel G\u00f3mez Gesteira haga un llamado a la reflexi\u00f3n y nos convoque al di\u00e1logo. Es urgente sentarnos las partes para destrabar este conflicto, para poder seguir brindando los servicios que se dan en el Hospital y los CAPS\u201d, termin\u00f3 diciendo.<\/p>\n<p>Nueva Asamblea el 10 de febrero<\/p>\n<p>En entrevista con Bambacoop, una de las doctoras en manifestaci\u00f3n adelant\u00f3 que el pr\u00f3ximo mi\u00e9rcoles 10 se dar\u00e1 lugar a una nueva asamblea, si el municipio no abre un canal de di\u00e1logo antes.<\/p>\n<p>\u201cTermin\u00f3 la asamblea, que se dio durante una jornada de retenci\u00f3n de tareas. Esto es a lo que nos han llevado despu\u00e9s de siete a\u00f1os trabajando con notas, y de tener que cambiar de gremio. Hasta el d\u00eda de hoy, todav\u00eda no somos escuchados, no somos atendidos, se nos sigue amenazando, siguen enviando audios intimidatorios, no podemos permitir todo este apriete, esta violencia laboral. No estamos acostumbrados, somos trabajadores sanitarios, queremos brindar salud y no nos dejan trabajar tranquilos, lamentablemente seguimos en conflicto\u201d.<\/p>\n<p>\u201cSe ha resuelto, en este d\u00eda de retenci\u00f3n de tareas, una nueva asamblea para el pr\u00f3ximo mi\u00e9rcoles 10 a las 11, para seguir evaluando medidas. Esperamos sinceramente que el Ejecutivo municipal nos escuche y llame al di\u00e1logo. Vamos a dejar unos d\u00edas libres, hasta el d\u00eda mi\u00e9rcoles que nos reuniremos nuevamente en asamblea\u201d, concluy\u00f3.<\/p>\n<p>Fuente: www.lajornadaweb.com.ar; www.carlospazvivo.com.ar; www.bambacoop.com.ar<\/p>\n","protected":false},"excerpt":{"rendered":"<p>Desde la Asociaci\u00f3n de Trabajadores del Estado (ATE-CTA), se asegur\u00f3 que la retenci\u00f3n de tareas en el Hospital y los Dispensarios como medida de lucha, hizo fortalecerlos, seg\u00fan indicaron. De no haber una instancia de dialogo mediante, prev\u00e9n nuevas acciones para seguir reclamando. Este 5 de febrero los trabajadores de la salud del municipio, realizaron [&hellip;]<\/p>\n","protected":false},"author":3,"featured_media":24287,"comment_status":"open","ping_status":"open","sticky":false,"template":"","format":"video","meta":{"_exactmetrics_skip_tracking":false,"_exactmetrics_sitenote_active":false,"_exactmetrics_sitenote_note":"","_exactmetrics_sitenote_category":0,"jnews-multi-image_gallery":[],"jnews_single_post":{"source_name":"","source_url":"","via_name":"","via_url":"","override_template":"0","override":[{"template":"1","single_blog_custom":"","parallax":"1","fullscreen":"0","layout":"right-sidebar","sidebar":"default-sidebar","second_sidebar":"default-sidebar","sticky_sidebar":"1","share_position":"top","share_float_style":"share-monocrhome","show_share_counter":"1","show_view_counter":"1","show_featured":"1","show_post_meta":"1","show_post_author":"1","show_post_author_image":"1","show_post_date":"1","post_date_format":"default","post_date_format_custom":"Y\/m\/d","show_post_category":"1","show_post_reading_time":"0","post_reading_time_wpm":"300","show_zoom_button":"0","zoom_button_out_step":"2","zoom_button_in_step":"3","show_post_tag":"1","show_prev_next_post":"1","show_popup_post":"1","number_popup_post":"1","show_author_box":"0","show_post_related":"0","show_inline_post_related":"0"}],"override_image_size":"0","image_override":[{"single_post_thumbnail_size":"crop-500","single_post_gallery_size":"crop-500"}],"trending_post":"0","trending_post_position":"meta","trending_post_label":"Trending","sponsored_post":"0","sponsored_post_label":"Sponsored by","sponsored_post_name":"","sponsored_post_url":"","sponsored_post_logo_enable":"0","sponsored_post_logo":"","sponsored_post_desc":""},"jnews_primary_category":{"id":""},"jnews_social_meta":{"fb_title":"","fb_description":"","fb_image":"","twitter_title":"","twitter_description":"","twitter_image":""},"jnews_review":[],"enable_review":"0","type":"percentage","name":"","summary":"","brand":"","sku":"","good":[{"good_text":""}],"bad":[{"bad_text":""}],"score_override":"","override_value":"","rating":[{"rating_text":"","rating_number":"10"}],"price":[{"shop":"","price":"","link":"","icon":""}],"jnews_override_counter":{"override_view_counter":"0","view_counter_number":"0","override_share_counter":"0","share_counter_number":"0","override_like_counter":"0","like_counter_number":"0","override_dislike_counter":"0","dislike_counter_number":"0"},"jnews_post_split":{"enable_post_split":"0","post_split":[{"template":"1","tag":"h2","numbering":"asc","mode":"normal"}]},"footnotes":""},"categories":[1],"tags":[],"class_list":["post-24266","post","type-post","status-publish","format-video","has-post-thumbnail","hentry","category-sin-categoria","post_format-post-format-video"],"jetpack_featured_media_url":"https:\/\/atecordoba.org\/wp-content\/uploads\/2021\/02\/IMG-20210205-WA0208.jpg","_links":{"self":[{"href":"https:\/\/atecordoba.org\/index.php?rest_route=\/wp\/v2\/posts\/24266","targetHints":{"allow":["GET"]}}],"collection":[{"href":"https:\/\/atecordoba.org\/index.php?rest_route=\/wp\/v2\/posts"}],"about":[{"href":"https:\/\/atecordoba.org\/index.php?rest_route=\/wp\/v2\/types\/post"}],"author":[{"embeddable":true,"href":"https:\/\/atecordoba.org\/index.php?rest_route=\/wp\/v2\/users\/3"}],"replies":[{"embeddable":true,"href":"https:\/\/atecordoba.org\/index.php?rest_route=%2Fwp%2Fv2%2Fcomments&post=24266"}],"version-history":[{"count":1,"href":"https:\/\/atecordoba.org\/index.php?rest_route=\/wp\/v2\/posts\/24266\/revisions"}],"predecessor-version":[{"id":24288,"href":"https:\/\/atecordoba.org\/index.php?rest_route=\/wp\/v2\/posts\/24266\/revisions\/24288"}],"wp:featuredmedia":[{"embeddable":true,"href":"https:\/\/atecordoba.org\/index.php?rest_route=\/wp\/v2\/media\/24287"}],"wp:attachment":[{"href":"https:\/\/atecordoba.org\/index.php?rest_route=%2Fwp%2Fv2%2Fmedia&parent=24266"}],"wp:term":[{"taxonomy":"category","embeddable":true,"href":"https:\/\/atecordoba.org\/index.php?rest_route=%2Fwp%2Fv2%2Fcategories&post=24266"},{"taxonomy":"post_tag","embeddable":true,"href":"https:\/\/atecordoba.org\/index.php?rest_route=%2Fwp%2Fv2%2Ftags&post=24266"}],"curies":[{"name":"wp","href":"https:\/\/api.w.org\/{rel}","templated":true}]}}