{"id":24256,"date":"2021-02-04T13:43:57","date_gmt":"2021-02-04T16:43:57","guid":{"rendered":"https:\/\/atecordoba.org\/?p=24256"},"modified":"2021-02-04T13:43:57","modified_gmt":"2021-02-04T16:43:57","slug":"ate-a-paso-firme-en-el-departamento-de-san-justo","status":"publish","type":"post","link":"https:\/\/atecordoba.org\/?p=24256","title":{"rendered":"ATE a paso firme en el Departamento de San Justo"},"content":{"rendered":"<div class=\"\" dir=\"auto\">\n<div id=\"jsc_c_335\" class=\"ecm0bbzt hv4rvrfc ihqw7lf3 dati1w0a\" data-ad-comet-preview=\"message\" data-ad-preview=\"message\">\n<div class=\"j83agx80 cbu4d94t ew0dbk1b irj2b8pg\">\n<div class=\"qzhwtbm6 knvmm38d\">\n<div class=\"kvgmc6g5 cxmmr5t8 oygrvhab hcukyx3x c1et5uql ii04i59q\">\n<div dir=\"auto\"><img loading=\"lazy\" decoding=\"async\" class=\"alignnone size-thumbnail wp-image-24257\" src=\"https:\/\/atecordoba.org\/wp-content\/uploads\/2021\/02\/ni\u00f1os-3-1140x570-2-150x150.jpeg\" alt=\"\" width=\"150\" height=\"150\" srcset=\"https:\/\/atecordoba.org\/wp-content\/uploads\/2021\/02\/ni\u00f1os-3-1140x570-2-150x150.jpeg 150w, https:\/\/atecordoba.org\/wp-content\/uploads\/2021\/02\/ni\u00f1os-3-1140x570-2-560x560.jpeg 560w, https:\/\/atecordoba.org\/wp-content\/uploads\/2021\/02\/ni\u00f1os-3-1140x570-2-75x75.jpeg 75w\" sizes=\"auto, (max-width: 150px) 100vw, 150px\" \/><\/div>\n<div dir=\"auto\">El pasado mi\u00e9rcoles, miembros de ATE de la delegaci\u00f3n de San Francisco, encabezada por Dar\u00edo Paredes, estuvo presente en la localidad de Freyre.<\/div>\n<div dir=\"auto\">En la ocasi\u00f3n se mantuvo una audiencia con el Secretario de Gobierno, Pablo Monesterollo. All\u00ed se plantearon diferentes problem\u00e1ticas y propuestas, principalmente se habl\u00f3 de incremento salarial de cara al 2021.<\/div>\n<div dir=\"auto\">\u00a0Al terminar la misma se realiz\u00f3 una asamblea en el corral\u00f3n municipal para informar lo m\u00e1s importante de la reuni\u00f3n y los pr\u00f3ximos pasos a seguir.<\/div>\n<div dir=\"auto\"><\/div>\n<div dir=\"auto\"><span class=\"d2edcug0 hpfvmrgz qv66sw1b c1et5uql rrkovp55 a8c37x1j keod5gw0 nxhoafnm aigsh9s9 d3f4x2em fe6kdd0r mau55g9w c8b282yb iv3no6db jq4qci2q a3bd9o3v knj5qynh oo9gr5id hzawbc8m\" dir=\"auto\">\u00a0<\/span><\/div>\n<\/div>\n<\/div>\n<\/div>\n<\/div>\n<\/div>\n","protected":false},"excerpt":{"rendered":"<p>El pasado mi\u00e9rcoles, miembros de ATE de la delegaci\u00f3n de San Francisco, encabezada por Dar\u00edo Paredes, estuvo presente en la localidad de Freyre. En la ocasi\u00f3n se mantuvo una audiencia con el Secretario de Gobierno, Pablo Monesterollo. All\u00ed se plantearon diferentes problem\u00e1ticas y propuestas, principalmente se habl\u00f3 de incremento salarial de cara al 2021. \u00a0Al [&hellip;]<\/p>\n","protected":false},"author":3,"featured_media":24258,"comment_status":"open","ping_status":"open","sticky":false,"template":"","format":"standard","meta":{"_exactmetrics_skip_tracking":false,"_exactmetrics_sitenote_active":false,"_exactmetrics_sitenote_note":"","_exactmetrics_sitenote_category":0,"jnews-multi-image_gallery":[],"jnews_single_post":{"source_name":"","source_url":"","via_name":"","via_url":"","override_template":"0","override":[{"template":"1","single_blog_custom":"","parallax":"1","fullscreen":"0","layout":"right-sidebar","sidebar":"default-sidebar","second_sidebar":"default-sidebar","sticky_sidebar":"1","share_position":"top","share_float_style":"share-monocrhome","show_share_counter":"1","show_view_counter":"1","show_featured":"1","show_post_meta":"1","show_post_author":"1","show_post_author_image":"1","show_post_date":"1","post_date_format":"default","post_date_format_custom":"Y\/m\/d","show_post_category":"1","show_post_reading_time":"0","post_reading_time_wpm":"300","show_zoom_button":"0","zoom_button_out_step":"2","zoom_button_in_step":"3","show_post_tag":"1","show_prev_next_post":"1","show_popup_post":"1","number_popup_post":"1","show_author_box":"0","show_post_related":"0","show_inline_post_related":"0"}],"override_image_size":"0","image_override":[{"single_post_thumbnail_size":"crop-500","single_post_gallery_size":"crop-500"}],"trending_post":"0","trending_post_position":"meta","trending_post_label":"Trending","sponsored_post":"0","sponsored_post_label":"Sponsored by","sponsored_post_name":"","sponsored_post_url":"","sponsored_post_logo_enable":"0","sponsored_post_logo":"","sponsored_post_desc":""},"jnews_primary_category":{"id":""},"jnews_social_meta":{"fb_title":"","fb_description":"","fb_image":"","twitter_title":"","twitter_description":"","twitter_image":""},"jnews_review":[],"enable_review":"0","type":"percentage","name":"","summary":"","brand":"","sku":"","good":[{"good_text":""}],"bad":[{"bad_text":""}],"score_override":"","override_value":"","rating":[{"rating_text":"","rating_number":"10"}],"price":[{"shop":"","price":"","link":"","icon":""}],"jnews_override_counter":{"override_view_counter":"0","view_counter_number":"0","override_share_counter":"0","share_counter_number":"0","override_like_counter":"0","like_counter_number":"0","override_dislike_counter":"0","dislike_counter_number":"0"},"jnews_post_split":{"enable_post_split":"0","post_split":[{"template":"1","tag":"h2","numbering":"asc","mode":"normal"}]},"footnotes":""},"categories":[20],"tags":[],"class_list":["post-24256","post","type-post","status-publish","format-standard","has-post-thumbnail","hentry","category-municipales"],"jetpack_featured_media_url":"https:\/\/atecordoba.org\/wp-content\/uploads\/2021\/02\/146077148_895700754527614_7652776926792550808_n.jpg","_links":{"self":[{"href":"https:\/\/atecordoba.org\/index.php?rest_route=\/wp\/v2\/posts\/24256","targetHints":{"allow":["GET"]}}],"collection":[{"href":"https:\/\/atecordoba.org\/index.php?rest_route=\/wp\/v2\/posts"}],"about":[{"href":"https:\/\/atecordoba.org\/index.php?rest_route=\/wp\/v2\/types\/post"}],"author":[{"embeddable":true,"href":"https:\/\/atecordoba.org\/index.php?rest_route=\/wp\/v2\/users\/3"}],"replies":[{"embeddable":true,"href":"https:\/\/atecordoba.org\/index.php?rest_route=%2Fwp%2Fv2%2Fcomments&post=24256"}],"version-history":[{"count":1,"href":"https:\/\/atecordoba.org\/index.php?rest_route=\/wp\/v2\/posts\/24256\/revisions"}],"predecessor-version":[{"id":24259,"href":"https:\/\/atecordoba.org\/index.php?rest_route=\/wp\/v2\/posts\/24256\/revisions\/24259"}],"wp:featuredmedia":[{"embeddable":true,"href":"https:\/\/atecordoba.org\/index.php?rest_route=\/wp\/v2\/media\/24258"}],"wp:attachment":[{"href":"https:\/\/atecordoba.org\/index.php?rest_route=%2Fwp%2Fv2%2Fmedia&parent=24256"}],"wp:term":[{"taxonomy":"category","embeddable":true,"href":"https:\/\/atecordoba.org\/index.php?rest_route=%2Fwp%2Fv2%2Fcategories&post=24256"},{"taxonomy":"post_tag","embeddable":true,"href":"https:\/\/atecordoba.org\/index.php?rest_route=%2Fwp%2Fv2%2Ftags&post=24256"}],"curies":[{"name":"wp","href":"https:\/\/api.w.org\/{rel}","templated":true}]}}