{"id":24253,"date":"2021-02-04T13:21:22","date_gmt":"2021-02-04T16:21:22","guid":{"rendered":"https:\/\/atecordoba.org\/?p=24253"},"modified":"2021-02-04T13:21:22","modified_gmt":"2021-02-04T16:21:22","slug":"logro-de-ate-en-el-hospital-de-ninos-se-cubrio-con-personal-el-servicio-de-rayos","status":"publish","type":"post","link":"https:\/\/atecordoba.org\/?p=24253","title":{"rendered":"Logro de ATE en el Hospital de Ni\u00f1os: se cubri\u00f3 con personal el servicio de rayos"},"content":{"rendered":"<p><img loading=\"lazy\" decoding=\"async\" class=\"alignnone size-thumbnail wp-image-24254\" src=\"https:\/\/atecordoba.org\/wp-content\/uploads\/2021\/02\/ni\u00f1os-3-1140x570-1-150x150.jpeg\" alt=\"\" width=\"150\" height=\"150\" srcset=\"https:\/\/atecordoba.org\/wp-content\/uploads\/2021\/02\/ni\u00f1os-3-1140x570-1-150x150.jpeg 150w, https:\/\/atecordoba.org\/wp-content\/uploads\/2021\/02\/ni\u00f1os-3-1140x570-1-560x560.jpeg 560w, https:\/\/atecordoba.org\/wp-content\/uploads\/2021\/02\/ni\u00f1os-3-1140x570-1-75x75.jpeg 75w\" sizes=\"auto, (max-width: 150px) 100vw, 150px\" \/><\/p>\n<p>El Cuerpo de delegadas y delegados de ATE del Hospital de Ni\u00f1os informa que el reclamo por la falta de personal en el Servicio de Rayos ha tenido resultado positivo en t\u00e9rminos de que el mismo est\u00e1 cubierto en este momento (<a href=\"http:\/\/https:\/\/atecordoba.org\/?p=24169\">http:\/\/https:\/\/atecordoba.org\/?p=24169<\/a>)<\/p>\n<p>Organizados en ATE quienes se desempe\u00f1an en el sector de Diagn\u00f3sticos por Imagen, han sostenido el reclamo para lograr la incorporaci\u00f3n de siete profesionales, licenciados, y el Ministerio de Salud ha respondido con ocho personas para cubrir esta petici\u00f3n.<\/p>\n<p>Una vez m\u00e1s queda demostrado que la organizaci\u00f3n fortalece a las y los trabajadores y que la salida es siempre colectiva. Asimismo se continuar\u00e1 en alerta para que estas vacantes se cubran definitivamente con cierta estabilidad y no por contrato Covid como ahora.<\/p>\n<p>Una ardua tarea se lleva adelante en el Hospital de Ni\u00f1os, que demanda m\u00e1s organizaci\u00f3n y lucha, ya que servicios que deber\u00edan estar con tres personas suele haber solo una de guardia lo que adem\u00e1s imposibilita la toma de licencias, la imposibilidad de brindar una atenci\u00f3n de calidad, e imposible que una sola profesional est\u00e9 24 horas trabajando sin darle una seguridad laboral.<\/p>\n<p>&nbsp;<\/p>\n<p>&nbsp;<\/p>\n","protected":false},"excerpt":{"rendered":"<p>El Cuerpo de delegadas y delegados de ATE del Hospital de Ni\u00f1os informa que el reclamo por la falta de personal en el Servicio de Rayos ha tenido resultado positivo en t\u00e9rminos de que el mismo est\u00e1 cubierto en este momento (http:\/\/https:\/\/atecordoba.org\/?p=24169) Organizados en ATE quienes se desempe\u00f1an en el sector de Diagn\u00f3sticos por Imagen, [&hellip;]<\/p>\n","protected":false},"author":3,"featured_media":24254,"comment_status":"open","ping_status":"open","sticky":false,"template":"","format":"standard","meta":{"_exactmetrics_skip_tracking":false,"_exactmetrics_sitenote_active":false,"_exactmetrics_sitenote_note":"","_exactmetrics_sitenote_category":0,"jnews-multi-image_gallery":[],"jnews_single_post":{"source_name":"","source_url":"","via_name":"","via_url":"","override_template":"0","override":[{"template":"1","single_blog_custom":"","parallax":"1","fullscreen":"0","layout":"right-sidebar","sidebar":"default-sidebar","second_sidebar":"default-sidebar","sticky_sidebar":"1","share_position":"top","share_float_style":"share-monocrhome","show_share_counter":"1","show_view_counter":"1","show_featured":"1","show_post_meta":"1","show_post_author":"1","show_post_author_image":"1","show_post_date":"1","post_date_format":"default","post_date_format_custom":"Y\/m\/d","show_post_category":"1","show_post_reading_time":"0","post_reading_time_wpm":"300","show_zoom_button":"0","zoom_button_out_step":"2","zoom_button_in_step":"3","show_post_tag":"1","show_prev_next_post":"1","show_popup_post":"1","number_popup_post":"1","show_author_box":"0","show_post_related":"0","show_inline_post_related":"0"}],"override_image_size":"0","image_override":[{"single_post_thumbnail_size":"crop-500","single_post_gallery_size":"crop-500"}],"trending_post":"0","trending_post_position":"meta","trending_post_label":"Trending","sponsored_post":"0","sponsored_post_label":"Sponsored by","sponsored_post_name":"","sponsored_post_url":"","sponsored_post_logo_enable":"0","sponsored_post_logo":"","sponsored_post_desc":""},"jnews_primary_category":{"id":""},"jnews_social_meta":{"fb_title":"","fb_description":"","fb_image":"","twitter_title":"","twitter_description":"","twitter_image":""},"jnews_review":[],"enable_review":"0","type":"percentage","name":"","summary":"","brand":"","sku":"","good":[{"good_text":""}],"bad":[{"bad_text":""}],"score_override":"","override_value":"","rating":[{"rating_text":"","rating_number":"10"}],"price":[{"shop":"","price":"","link":"","icon":""}],"jnews_override_counter":{"override_view_counter":"0","view_counter_number":"0","override_share_counter":"0","share_counter_number":"0","override_like_counter":"0","like_counter_number":"0","override_dislike_counter":"0","dislike_counter_number":"0"},"jnews_post_split":{"enable_post_split":"0","post_split":[{"template":"1","tag":"h2","numbering":"asc","mode":"normal"}]},"footnotes":""},"categories":[341,7,8],"tags":[],"class_list":["post-24253","post","type-post","status-publish","format-standard","has-post-thumbnail","hentry","category-cdp","category-hospitales","category-provinciales"],"jetpack_featured_media_url":"https:\/\/atecordoba.org\/wp-content\/uploads\/2021\/02\/ni\u00f1os-3-1140x570-1.jpeg","_links":{"self":[{"href":"https:\/\/atecordoba.org\/index.php?rest_route=\/wp\/v2\/posts\/24253","targetHints":{"allow":["GET"]}}],"collection":[{"href":"https:\/\/atecordoba.org\/index.php?rest_route=\/wp\/v2\/posts"}],"about":[{"href":"https:\/\/atecordoba.org\/index.php?rest_route=\/wp\/v2\/types\/post"}],"author":[{"embeddable":true,"href":"https:\/\/atecordoba.org\/index.php?rest_route=\/wp\/v2\/users\/3"}],"replies":[{"embeddable":true,"href":"https:\/\/atecordoba.org\/index.php?rest_route=%2Fwp%2Fv2%2Fcomments&post=24253"}],"version-history":[{"count":1,"href":"https:\/\/atecordoba.org\/index.php?rest_route=\/wp\/v2\/posts\/24253\/revisions"}],"predecessor-version":[{"id":24255,"href":"https:\/\/atecordoba.org\/index.php?rest_route=\/wp\/v2\/posts\/24253\/revisions\/24255"}],"wp:featuredmedia":[{"embeddable":true,"href":"https:\/\/atecordoba.org\/index.php?rest_route=\/wp\/v2\/media\/24254"}],"wp:attachment":[{"href":"https:\/\/atecordoba.org\/index.php?rest_route=%2Fwp%2Fv2%2Fmedia&parent=24253"}],"wp:term":[{"taxonomy":"category","embeddable":true,"href":"https:\/\/atecordoba.org\/index.php?rest_route=%2Fwp%2Fv2%2Fcategories&post=24253"},{"taxonomy":"post_tag","embeddable":true,"href":"https:\/\/atecordoba.org\/index.php?rest_route=%2Fwp%2Fv2%2Ftags&post=24253"}],"curies":[{"name":"wp","href":"https:\/\/api.w.org\/{rel}","templated":true}]}}