{"id":24246,"date":"2021-02-03T21:44:07","date_gmt":"2021-02-04T00:44:07","guid":{"rendered":"https:\/\/atecordoba.org\/?p=24246"},"modified":"2021-02-03T21:46:26","modified_gmt":"2021-02-04T00:46:26","slug":"viernes-5-de-febrero-retencion-de-tareas-por-24hs-en-la-salud-municipal","status":"publish","type":"post","link":"https:\/\/atecordoba.org\/?p=24246","title":{"rendered":"ATE DICTAMINA RETENCI\u00d3N DE TAREAS POR 24HS EN EL HOSPITAL MUNICIPAL DE CARLOS PAZ"},"content":{"rendered":"<p>El anuncio fue formulado esta tarde, durante una conferencia de prensa que se desarroll\u00f3 en el hotel El Cid con la presencia del Secretario General de ATE cdp C\u00f3rdoba, Federico Giuliani, de la Secretar\u00eda de Prensa, Julia Giuliani y la Secretaria General de CTAA R\u00edo Cuarto, Silvia Alcoba. Previo al aviso durante la ma\u00f1ana, el defensor del pueblo, Daniel Mowszet recibi\u00f3 a ATE y se encuentra a la espera del llamado del intendente G\u00f3mez Gesteira.<\/p>\n<p>\u201cUn gobierno que no apuesta en mayor salud, quiere decir que la salud p\u00fablica no est\u00e1 en la agenda o en los puntos m\u00e1s importantes de esta gesti\u00f3n\u201d sentenci\u00f3 el Secretario General de ATE cdp C\u00f3rdoba, Federico Giuliani en la conferencia de prensa. \u201cHasta ac\u00e1 hemos llegado en seguir generando puentes de di\u00e1logo\u201d asegur\u00f3 Giuliani ante la falta de respuestas por parte del Estado.<\/p>\n<p><img loading=\"lazy\" decoding=\"async\" class=\"alignleft wp-image-24248 \" src=\"https:\/\/atecordoba.org\/wp-content\/uploads\/2021\/02\/WhatsApp-Image-2021-02-03-at-21.11.28-1024x559.jpeg\" alt=\"\" width=\"516\" height=\"282\" srcset=\"https:\/\/atecordoba.org\/wp-content\/uploads\/2021\/02\/WhatsApp-Image-2021-02-03-at-21.11.28-1024x559.jpeg 1024w, https:\/\/atecordoba.org\/wp-content\/uploads\/2021\/02\/WhatsApp-Image-2021-02-03-at-21.11.28-300x164.jpeg 300w, https:\/\/atecordoba.org\/wp-content\/uploads\/2021\/02\/WhatsApp-Image-2021-02-03-at-21.11.28-768x419.jpeg 768w, https:\/\/atecordoba.org\/wp-content\/uploads\/2021\/02\/WhatsApp-Image-2021-02-03-at-21.11.28-750x410.jpeg 750w, https:\/\/atecordoba.org\/wp-content\/uploads\/2021\/02\/WhatsApp-Image-2021-02-03-at-21.11.28-1140x623.jpeg 1140w, https:\/\/atecordoba.org\/wp-content\/uploads\/2021\/02\/WhatsApp-Image-2021-02-03-at-21.11.28.jpeg 1280w\" sizes=\"auto, (max-width: 516px) 100vw, 516px\" \/><\/p>\n<p>Ante esta situaci\u00f3n, Federico Giuliani, anunci\u00f3 que el d\u00eda viernes 5 de febrero en las diferentes dependencias de la salud local de Villa Carlos Paz cesar\u00e1n sus actividades. \u201cClaramente para los trabajadores y trabajadoras la huelga es un derecho pero que tenemos que usar como \u00faltima carta si no hay respuestas del otro lado\u201d expres\u00f3 el Secretario General.<\/p>\n<p>Por su parte Julia Giuliani, Secretaria de Prensa de ATE C\u00f3rdoba especific\u00f3 que la retenci\u00f3n de tareas ser\u00e1 de 24 hs pero atendiendo guardia, urgencias y atenci\u00f3n de s\u00edntomas de COVID-19. \u201cEl cese de actividades ser\u00e1 de 24 hs si no hay instancia de di\u00e1logo\u201d<\/p>\n<p>Giuliani afirm\u00f3 que G\u00f3mez Gesteira \u201cno quiere o no tiene capacidad para solucionar los problemas de la ciudad\u201d ya que este problema se podr\u00eda estar solucionando con una instancia de di\u00e1logo o un gesto para llegar a un principio de acuerdo.<\/p>\n<p>Desde radio abierta en la puerta del municipio, caravana de autos, marcha de antorchas y asamblea ciudadana, son algunas de las medidas de fuerza que hasta el momento la Asociaci\u00f3n Trabajadores del Estado ha realizado en conjunto con los trabajadores y trabajadoras de la salud y la comunidad de Villa Carlos Paz para ser escuchados. Giuliani destac\u00f3 que todas las actividades han tenido un apoyo muy importante de la comunidad y destac\u00f3 que es algo que \u201cno sucede frecuentemente en los problemas sindicales que haya solidaridad del tejido social local\u201d.<\/p>\n<p>Federico Giuliani remarc\u00f3 que ATE en la ciudad asume el compromiso de ser una nueva representatividad y que es un actor gremial distinto, que no solo vino para levantar la bandera por los problemas de la salud municipal sino tambi\u00e9n recorrer los otros sectores: \u201cpara que se afilien y se organicen en ATE\u201d. Adem\u00e1s expres\u00f3 que la intenci\u00f3n por parte del gremio es alquilar una sede para \u201cmostrar que ATE no est\u00e1 de paso y lleg\u00f3 para quedarse\u201d.<\/p>\n<p><strong>Fotos Gentileza BAMBACOOP<\/strong><\/p>\n","protected":false},"excerpt":{"rendered":"<p>El anuncio fue formulado esta tarde, durante una conferencia de prensa que se desarroll\u00f3 en el hotel El Cid con la presencia del Secretario General de ATE cdp C\u00f3rdoba, Federico Giuliani, de la Secretar\u00eda de Prensa, Julia Giuliani y la Secretaria General de CTAA R\u00edo Cuarto, Silvia Alcoba. Previo al aviso durante la ma\u00f1ana, el [&hellip;]<\/p>\n","protected":false},"author":3,"featured_media":24247,"comment_status":"open","ping_status":"open","sticky":false,"template":"","format":"standard","meta":{"_exactmetrics_skip_tracking":false,"_exactmetrics_sitenote_active":false,"_exactmetrics_sitenote_note":"","_exactmetrics_sitenote_category":0,"jnews-multi-image_gallery":[],"jnews_single_post":{"source_name":"","source_url":"","via_name":"","via_url":"","override_template":"0","override":[{"template":"1","single_blog_custom":"","parallax":"1","fullscreen":"0","layout":"right-sidebar","sidebar":"default-sidebar","second_sidebar":"default-sidebar","sticky_sidebar":"1","share_position":"top","share_float_style":"share-monocrhome","show_share_counter":"1","show_view_counter":"1","show_featured":"1","show_post_meta":"1","show_post_author":"1","show_post_author_image":"1","show_post_date":"1","post_date_format":"default","post_date_format_custom":"Y\/m\/d","show_post_category":"1","show_post_reading_time":"0","post_reading_time_wpm":"300","show_zoom_button":"0","zoom_button_out_step":"2","zoom_button_in_step":"3","show_post_tag":"1","show_prev_next_post":"1","show_popup_post":"1","number_popup_post":"1","show_author_box":"0","show_post_related":"0","show_inline_post_related":"0"}],"override_image_size":"0","image_override":[{"single_post_thumbnail_size":"crop-500","single_post_gallery_size":"crop-500"}],"trending_post":"0","trending_post_position":"meta","trending_post_label":"Trending","sponsored_post":"0","sponsored_post_label":"Sponsored by","sponsored_post_name":"","sponsored_post_url":"","sponsored_post_logo_enable":"0","sponsored_post_logo":"","sponsored_post_desc":""},"jnews_primary_category":{"id":""},"jnews_social_meta":{"fb_title":"","fb_description":"","fb_image":"","twitter_title":"","twitter_description":"","twitter_image":""},"jnews_review":[],"enable_review":"0","type":"percentage","name":"","summary":"","brand":"","sku":"","good":[{"good_text":""}],"bad":[{"bad_text":""}],"score_override":"","override_value":"","rating":[{"rating_text":"","rating_number":"10"}],"price":[{"shop":"","price":"","link":"","icon":""}],"jnews_override_counter":{"override_view_counter":"0","view_counter_number":"0","override_share_counter":"0","share_counter_number":"0","override_like_counter":"0","like_counter_number":"0","override_dislike_counter":"0","dislike_counter_number":"0"},"jnews_post_split":{"enable_post_split":"0","post_split":[{"template":"1","tag":"h2","numbering":"asc","mode":"normal"}]},"footnotes":""},"categories":[10,341,20],"tags":[395,759,757,758,737],"class_list":["post-24246","post","type-post","status-publish","format-standard","has-post-thumbnail","hentry","category-accion-politica","category-cdp","category-municipales","tag-ate-cordoba","tag-federico-giuliani","tag-gomez-gesteira","tag-salud-municipal","tag-villa-carlos-paz"],"jetpack_featured_media_url":"https:\/\/atecordoba.org\/wp-content\/uploads\/2021\/02\/WhatsApp-Image-2021-02-03-at-21.11.35.jpeg","_links":{"self":[{"href":"https:\/\/atecordoba.org\/index.php?rest_route=\/wp\/v2\/posts\/24246","targetHints":{"allow":["GET"]}}],"collection":[{"href":"https:\/\/atecordoba.org\/index.php?rest_route=\/wp\/v2\/posts"}],"about":[{"href":"https:\/\/atecordoba.org\/index.php?rest_route=\/wp\/v2\/types\/post"}],"author":[{"embeddable":true,"href":"https:\/\/atecordoba.org\/index.php?rest_route=\/wp\/v2\/users\/3"}],"replies":[{"embeddable":true,"href":"https:\/\/atecordoba.org\/index.php?rest_route=%2Fwp%2Fv2%2Fcomments&post=24246"}],"version-history":[{"count":4,"href":"https:\/\/atecordoba.org\/index.php?rest_route=\/wp\/v2\/posts\/24246\/revisions"}],"predecessor-version":[{"id":24252,"href":"https:\/\/atecordoba.org\/index.php?rest_route=\/wp\/v2\/posts\/24246\/revisions\/24252"}],"wp:featuredmedia":[{"embeddable":true,"href":"https:\/\/atecordoba.org\/index.php?rest_route=\/wp\/v2\/media\/24247"}],"wp:attachment":[{"href":"https:\/\/atecordoba.org\/index.php?rest_route=%2Fwp%2Fv2%2Fmedia&parent=24246"}],"wp:term":[{"taxonomy":"category","embeddable":true,"href":"https:\/\/atecordoba.org\/index.php?rest_route=%2Fwp%2Fv2%2Fcategories&post=24246"},{"taxonomy":"post_tag","embeddable":true,"href":"https:\/\/atecordoba.org\/index.php?rest_route=%2Fwp%2Fv2%2Ftags&post=24246"}],"curies":[{"name":"wp","href":"https:\/\/api.w.org\/{rel}","templated":true}]}}