{"id":24242,"date":"2021-02-03T11:28:36","date_gmt":"2021-02-03T14:28:36","guid":{"rendered":"https:\/\/atecordoba.org\/?p=24242"},"modified":"2021-02-03T11:28:36","modified_gmt":"2021-02-03T14:28:36","slug":"la-instalacion-de-la-carpa-blanca-educativa-en-el-rectorado-de-la-universidad-provincial-rindio-sus-frutos","status":"publish","type":"post","link":"https:\/\/atecordoba.org\/?p=24242","title":{"rendered":"La instalaci\u00f3n de la carpa blanca educativa en el Rectorado de la Universidad Provincial, rindi\u00f3 sus frutos"},"content":{"rendered":"<p>Fue la Justicia la que le tuvo que llamar la atenci\u00f3n al rectorado de la UPC tras 102 d\u00edas de conflicto. Parece mentira que una entidad educativa, de nivel superior haga o\u00eddos sordos a un derecho fundamental como lo es la libertad y democracia sindical y la participaci\u00f3n interestamentaria en la vida de una Universidad P\u00fablica.<\/p>\n<p>En audiencia ante el Ministerio de Trabajo de la Provincia de C\u00f3rdoba, el pasado martes 2 de febrero a las 13 horas, ATE plante\u00f3 que para llevar adelante el di\u00e1logo, antes solicitado y desconocido\u00a0 por el Rectorado, era necesario que se quite el condicionante del despido \u00a0del delegado gremial\u00a0 Juan Valfr\u00e9 y de las bajas de horas realizadas de forma arbitraria e ilegal en perjuicio de la delegada gremial Viviana Fern\u00e1ndez, pues ambos hechos constituyen una agresi\u00f3n antijur\u00eddica a la organizaci\u00f3n que se viene desarrollando. Ante este pedido la UPC no accedi\u00f3, ante lo cual queremos destacar:<\/p>\n<ul>\n<li>La voluntad de ATE para sentarse con la patronal<\/li>\n<li>La no presentaci\u00f3n de ning\u00fan funcionario pol\u00edtico del Rectorado para discutir, siendo que por ATE fue su m\u00e1xima conducci\u00f3n representada en la figura del Secretario General<\/li>\n<li>Claramente como gesto, y a partir del compromiso asumido con la fiscal\u00eda, hemos decidido que hoy la carpa se suspende como voluntad para continuar un proceso de di\u00e1logo que creemos que m\u00e1s all\u00e1 de que la reuni\u00f3n fracas\u00f3, por parte de ATE sigue abierto.<\/li>\n<\/ul>\n<p>La pelea contin\u00faa con una jornada art\u00edstica y de asamblea extraordinaria interestamentaria para el pr\u00f3ximo jueves 04\/02 por la ma\u00f1ana en donde se definir\u00e1n los pasos a seguir y la estrategia para la lucha.<\/p>\n<p>Desde ATE vemos esta instancia de audiencia como un reconocimiento a la entidad gremial como un nuevo actor sindical.<img loading=\"lazy\" decoding=\"async\" class=\"alignnone size-thumbnail wp-image-24243\" src=\"https:\/\/atecordoba.org\/wp-content\/uploads\/2021\/02\/20200202185010_IMG_95481-150x150.jpg\" alt=\"\" width=\"150\" height=\"150\" srcset=\"https:\/\/atecordoba.org\/wp-content\/uploads\/2021\/02\/20200202185010_IMG_95481-150x150.jpg 150w, https:\/\/atecordoba.org\/wp-content\/uploads\/2021\/02\/20200202185010_IMG_95481-560x560.jpg 560w, https:\/\/atecordoba.org\/wp-content\/uploads\/2021\/02\/20200202185010_IMG_95481-75x75.jpg 75w\" sizes=\"auto, (max-width: 150px) 100vw, 150px\" \/><\/p>\n","protected":false},"excerpt":{"rendered":"<p>Fue la Justicia la que le tuvo que llamar la atenci\u00f3n al rectorado de la UPC tras 102 d\u00edas de conflicto. Parece mentira que una entidad educativa, de nivel superior haga o\u00eddos sordos a un derecho fundamental como lo es la libertad y democracia sindical y la participaci\u00f3n interestamentaria en la vida de una Universidad [&hellip;]<\/p>\n","protected":false},"author":3,"featured_media":24243,"comment_status":"open","ping_status":"open","sticky":false,"template":"","format":"standard","meta":{"_exactmetrics_skip_tracking":false,"_exactmetrics_sitenote_active":false,"_exactmetrics_sitenote_note":"","_exactmetrics_sitenote_category":0,"jnews-multi-image_gallery":[],"jnews_single_post":{"source_name":"","source_url":"","via_name":"","via_url":"","override_template":"0","override":[{"template":"1","single_blog_custom":"","parallax":"1","fullscreen":"0","layout":"right-sidebar","sidebar":"default-sidebar","second_sidebar":"default-sidebar","sticky_sidebar":"1","share_position":"top","share_float_style":"share-monocrhome","show_share_counter":"1","show_view_counter":"1","show_featured":"1","show_post_meta":"1","show_post_author":"1","show_post_author_image":"1","show_post_date":"1","post_date_format":"default","post_date_format_custom":"Y\/m\/d","show_post_category":"1","show_post_reading_time":"0","post_reading_time_wpm":"300","show_zoom_button":"0","zoom_button_out_step":"2","zoom_button_in_step":"3","show_post_tag":"1","show_prev_next_post":"1","show_popup_post":"1","number_popup_post":"1","show_author_box":"0","show_post_related":"0","show_inline_post_related":"0"}],"override_image_size":"0","image_override":[{"single_post_thumbnail_size":"crop-500","single_post_gallery_size":"crop-500"}],"trending_post":"0","trending_post_position":"meta","trending_post_label":"Trending","sponsored_post":"0","sponsored_post_label":"Sponsored by","sponsored_post_name":"","sponsored_post_url":"","sponsored_post_logo_enable":"0","sponsored_post_logo":"","sponsored_post_desc":""},"jnews_primary_category":{"id":""},"jnews_social_meta":{"fb_title":"","fb_description":"","fb_image":"","twitter_title":"","twitter_description":"","twitter_image":""},"jnews_review":[],"enable_review":"0","type":"percentage","name":"","summary":"","brand":"","sku":"","good":[{"good_text":""}],"bad":[{"bad_text":""}],"score_override":"","override_value":"","rating":[{"rating_text":"","rating_number":"10"}],"price":[{"shop":"","price":"","link":"","icon":""}],"jnews_override_counter":{"override_view_counter":"0","view_counter_number":"0","override_share_counter":"0","share_counter_number":"0","override_like_counter":"0","like_counter_number":"0","override_dislike_counter":"0","dislike_counter_number":"0"},"jnews_post_split":{"enable_post_split":"0","post_split":[{"template":"1","tag":"h2","numbering":"asc","mode":"normal"}]},"footnotes":""},"categories":[10,564,8],"tags":[],"class_list":["post-24242","post","type-post","status-publish","format-standard","has-post-thumbnail","hentry","category-accion-politica","category-educacion","category-provinciales"],"jetpack_featured_media_url":"https:\/\/atecordoba.org\/wp-content\/uploads\/2021\/02\/20200202185010_IMG_95481.jpg","_links":{"self":[{"href":"https:\/\/atecordoba.org\/index.php?rest_route=\/wp\/v2\/posts\/24242","targetHints":{"allow":["GET"]}}],"collection":[{"href":"https:\/\/atecordoba.org\/index.php?rest_route=\/wp\/v2\/posts"}],"about":[{"href":"https:\/\/atecordoba.org\/index.php?rest_route=\/wp\/v2\/types\/post"}],"author":[{"embeddable":true,"href":"https:\/\/atecordoba.org\/index.php?rest_route=\/wp\/v2\/users\/3"}],"replies":[{"embeddable":true,"href":"https:\/\/atecordoba.org\/index.php?rest_route=%2Fwp%2Fv2%2Fcomments&post=24242"}],"version-history":[{"count":1,"href":"https:\/\/atecordoba.org\/index.php?rest_route=\/wp\/v2\/posts\/24242\/revisions"}],"predecessor-version":[{"id":24244,"href":"https:\/\/atecordoba.org\/index.php?rest_route=\/wp\/v2\/posts\/24242\/revisions\/24244"}],"wp:featuredmedia":[{"embeddable":true,"href":"https:\/\/atecordoba.org\/index.php?rest_route=\/wp\/v2\/media\/24243"}],"wp:attachment":[{"href":"https:\/\/atecordoba.org\/index.php?rest_route=%2Fwp%2Fv2%2Fmedia&parent=24242"}],"wp:term":[{"taxonomy":"category","embeddable":true,"href":"https:\/\/atecordoba.org\/index.php?rest_route=%2Fwp%2Fv2%2Fcategories&post=24242"},{"taxonomy":"post_tag","embeddable":true,"href":"https:\/\/atecordoba.org\/index.php?rest_route=%2Fwp%2Fv2%2Ftags&post=24242"}],"curies":[{"name":"wp","href":"https:\/\/api.w.org\/{rel}","templated":true}]}}