{"id":24238,"date":"2021-02-02T16:17:29","date_gmt":"2021-02-02T19:17:29","guid":{"rendered":"https:\/\/atecordoba.org\/?p=24238"},"modified":"2021-02-02T16:17:29","modified_gmt":"2021-02-02T19:17:29","slug":"la-carpa-blanca-frente-al-rectorado-de-la-universidad-provincial-de-cordoba-sigue-en-pie","status":"publish","type":"post","link":"https:\/\/atecordoba.org\/?p=24238","title":{"rendered":"La carpa blanca frente al Rectorado de la Universidad Provincial de C\u00f3rdoba, sigue en pie"},"content":{"rendered":"<p>Tras la audiencia de conciliaci\u00f3n convocada por el Ministerio de Trabajo de la Provincia, las partes que representaban a la UPC y a ATE, no llegaron a un acuerdo.<\/p>\n<p><img loading=\"lazy\" decoding=\"async\" class=\"alignnone size-thumbnail wp-image-24240\" src=\"https:\/\/atecordoba.org\/wp-content\/uploads\/2021\/02\/IMG-20210202-WA0212-150x150.jpg\" alt=\"\" width=\"150\" height=\"150\" srcset=\"https:\/\/atecordoba.org\/wp-content\/uploads\/2021\/02\/IMG-20210202-WA0212-150x150.jpg 150w, https:\/\/atecordoba.org\/wp-content\/uploads\/2021\/02\/IMG-20210202-WA0212-560x560.jpg 560w, https:\/\/atecordoba.org\/wp-content\/uploads\/2021\/02\/IMG-20210202-WA0212-75x75.jpg 75w\" sizes=\"auto, (max-width: 150px) 100vw, 150px\" \/><\/p>\n<p>Ante el desconocimiento y la no aceptaci\u00f3n por parte de la instituci\u00f3n educativa, de la libertad y democracia sindical, la negativa de una mesa de trabajo y de di\u00e1logo que permita la reincorporaci\u00f3n de Juan Valfre delegado despedido injustamente, entre otros \u00edtems, ATE defini\u00f3 continuar con la carpa blanca exigiendo pluralidad, democracia y participaci\u00f3n.<br \/>\n&#8220;Nosotros bregamos por el di\u00e1logo que continuamente el gobierno nos niega buscando adoctrinar a las y los trabajadores con amenazas, despidos y quite de horas. ATE no es la burocracia sindical que defiende el unicato para que se contin\u00fae beneficiando a unos pocos. Adem\u00e1s de la reincorporaci\u00f3n de Valfre y el cese de la persecusi\u00f3n sindical, queremos una Universidad de puertas abiertas, plural y al servicio de las mayor\u00edas&#8221;; expres\u00f3 el Secretario General Federico Giuliani.<\/p>\n","protected":false},"excerpt":{"rendered":"<p>Tras la audiencia de conciliaci\u00f3n convocada por el Ministerio de Trabajo de la Provincia, las partes que representaban a la UPC y a ATE, no llegaron a un acuerdo. Ante el desconocimiento y la no aceptaci\u00f3n por parte de la instituci\u00f3n educativa, de la libertad y democracia sindical, la negativa de una mesa de trabajo [&hellip;]<\/p>\n","protected":false},"author":3,"featured_media":24239,"comment_status":"open","ping_status":"open","sticky":false,"template":"","format":"standard","meta":{"_exactmetrics_skip_tracking":false,"_exactmetrics_sitenote_active":false,"_exactmetrics_sitenote_note":"","_exactmetrics_sitenote_category":0,"jnews-multi-image_gallery":[],"jnews_single_post":{"source_name":"","source_url":"","via_name":"","via_url":"","override_template":"0","override":[{"template":"1","single_blog_custom":"","parallax":"1","fullscreen":"0","layout":"right-sidebar","sidebar":"default-sidebar","second_sidebar":"default-sidebar","sticky_sidebar":"1","share_position":"top","share_float_style":"share-monocrhome","show_share_counter":"1","show_view_counter":"1","show_featured":"1","show_post_meta":"1","show_post_author":"1","show_post_author_image":"1","show_post_date":"1","post_date_format":"default","post_date_format_custom":"Y\/m\/d","show_post_category":"1","show_post_reading_time":"0","post_reading_time_wpm":"300","show_zoom_button":"0","zoom_button_out_step":"2","zoom_button_in_step":"3","show_post_tag":"1","show_prev_next_post":"1","show_popup_post":"1","number_popup_post":"1","show_author_box":"0","show_post_related":"0","show_inline_post_related":"0"}],"override_image_size":"0","image_override":[{"single_post_thumbnail_size":"crop-500","single_post_gallery_size":"crop-500"}],"trending_post":"0","trending_post_position":"meta","trending_post_label":"Trending","sponsored_post":"0","sponsored_post_label":"Sponsored by","sponsored_post_name":"","sponsored_post_url":"","sponsored_post_logo_enable":"0","sponsored_post_logo":"","sponsored_post_desc":""},"jnews_primary_category":{"id":""},"jnews_social_meta":{"fb_title":"","fb_description":"","fb_image":"","twitter_title":"","twitter_description":"","twitter_image":""},"jnews_review":[],"enable_review":"0","type":"percentage","name":"","summary":"","brand":"","sku":"","good":[{"good_text":""}],"bad":[{"bad_text":""}],"score_override":"","override_value":"","rating":[{"rating_text":"","rating_number":"10"}],"price":[{"shop":"","price":"","link":"","icon":""}],"jnews_override_counter":{"override_view_counter":"0","view_counter_number":"0","override_share_counter":"0","share_counter_number":"0","override_like_counter":"0","like_counter_number":"0","override_dislike_counter":"0","dislike_counter_number":"0"},"jnews_post_split":{"enable_post_split":"0","post_split":[{"template":"1","tag":"h2","numbering":"asc","mode":"normal"}]},"footnotes":""},"categories":[10,564],"tags":[],"class_list":["post-24238","post","type-post","status-publish","format-standard","has-post-thumbnail","hentry","category-accion-politica","category-educacion"],"jetpack_featured_media_url":"https:\/\/atecordoba.org\/wp-content\/uploads\/2021\/02\/IMG-20210202-WA0211.jpg","_links":{"self":[{"href":"https:\/\/atecordoba.org\/index.php?rest_route=\/wp\/v2\/posts\/24238","targetHints":{"allow":["GET"]}}],"collection":[{"href":"https:\/\/atecordoba.org\/index.php?rest_route=\/wp\/v2\/posts"}],"about":[{"href":"https:\/\/atecordoba.org\/index.php?rest_route=\/wp\/v2\/types\/post"}],"author":[{"embeddable":true,"href":"https:\/\/atecordoba.org\/index.php?rest_route=\/wp\/v2\/users\/3"}],"replies":[{"embeddable":true,"href":"https:\/\/atecordoba.org\/index.php?rest_route=%2Fwp%2Fv2%2Fcomments&post=24238"}],"version-history":[{"count":1,"href":"https:\/\/atecordoba.org\/index.php?rest_route=\/wp\/v2\/posts\/24238\/revisions"}],"predecessor-version":[{"id":24241,"href":"https:\/\/atecordoba.org\/index.php?rest_route=\/wp\/v2\/posts\/24238\/revisions\/24241"}],"wp:featuredmedia":[{"embeddable":true,"href":"https:\/\/atecordoba.org\/index.php?rest_route=\/wp\/v2\/media\/24239"}],"wp:attachment":[{"href":"https:\/\/atecordoba.org\/index.php?rest_route=%2Fwp%2Fv2%2Fmedia&parent=24238"}],"wp:term":[{"taxonomy":"category","embeddable":true,"href":"https:\/\/atecordoba.org\/index.php?rest_route=%2Fwp%2Fv2%2Fcategories&post=24238"},{"taxonomy":"post_tag","embeddable":true,"href":"https:\/\/atecordoba.org\/index.php?rest_route=%2Fwp%2Fv2%2Ftags&post=24238"}],"curies":[{"name":"wp","href":"https:\/\/api.w.org\/{rel}","templated":true}]}}