{"id":24234,"date":"2021-02-02T12:45:55","date_gmt":"2021-02-02T15:45:55","guid":{"rendered":"https:\/\/atecordoba.org\/?p=24234"},"modified":"2021-02-02T12:45:55","modified_gmt":"2021-02-02T15:45:55","slug":"desvincularian-al-traumatologo-carlos-luna-en-el-hospital-sayago-de-carlos-paz-por-las-denuncias-de-acoso-sexual-y-laboral-que-tiene-en-su-haber","status":"publish","type":"post","link":"https:\/\/atecordoba.org\/?p=24234","title":{"rendered":"Desvincular\u00edan al traumat\u00f3logo Carlos Luna en el Hospital Sayago de Carlos Paz, por las denuncias de acoso sexual y laboral que tiene en su haber"},"content":{"rendered":"<p><img loading=\"lazy\" decoding=\"async\" class=\"size-thumbnail wp-image-24235 alignright\" src=\"https:\/\/atecordoba.org\/wp-content\/uploads\/2021\/02\/DSC_2024-Medium-2-1-150x150.jpg\" alt=\"\" width=\"150\" height=\"150\" srcset=\"https:\/\/atecordoba.org\/wp-content\/uploads\/2021\/02\/DSC_2024-Medium-2-1-150x150.jpg 150w, https:\/\/atecordoba.org\/wp-content\/uploads\/2021\/02\/DSC_2024-Medium-2-1-560x560.jpg 560w, https:\/\/atecordoba.org\/wp-content\/uploads\/2021\/02\/DSC_2024-Medium-2-1-75x75.jpg 75w\" sizes=\"auto, (max-width: 150px) 100vw, 150px\" \/><\/p>\n<p>Desde el Departamento de G\u00e9neros y Diversidades de la ASOCIACI\u00d3N TRABAJADORES DEL ESTADO (ATE), Consejo Directivo Provincial C\u00f3rdoba, entidad sindical de primer grado, con Personer\u00eda Gremial N\u00b0 2, con m\u00e1s de 95 de a\u00f1os de historia manifestamos nuestra preocupaci\u00f3n ante la incorporaci\u00f3n del traumat\u00f3logo Dr. Carlos Luna a la planta de trabajadores y trabajadoras del Hospital Sayago de Villa Carlos Paz. La decisi\u00f3n de incorporar a un profesional de la salud que tuvo denuncias vinculadas a acoso laboral y sexual ejercida a pacientes y trabajadoras cuando se desempe\u00f1aba como director del Hospital Vicente Ag\u00fcero de la municipalidad de Jes\u00fas Mar\u00eda en el a\u00f1os 2018 y 2019, resulta inadmisible.<\/p>\n<p>Asimismo, instamos a la intendencia de Villa Carlos Paz que tome las medidas pertinentes para garantizar profesionales de salud no solo con las competencias t\u00e9cnicas para desempe\u00f1ar sus funciones sino tambi\u00e9n tenga una conducta \u00e9tica en el \u00e1mbito profesional acorde con la de ser un trabajador de Estado Municipal en uno de los sectores m\u00e1s sensibles como es la salud hoy en el marco de la pandemia del COVID-19. Nos alerta como sindicato que esta decisi\u00f3n de incorporar a Sr. Luna se produce luego del despido de un profesional en el \u00e1rea de traumatolog\u00eda de manera arbitraria y sin causa.<\/p>\n<p>Por todo lo explicitado, se torna intolerable la situaci\u00f3n, por lo que instamos al intendente de Villa Carlos Paz, Daniel G\u00f3mez Gesteira a que se rectifique con la decisi\u00f3n de despedir al traumat\u00f3logo Dr. Rojo. Adem\u00e1s, exigimos al municipio se avance con la implementaci\u00f3n de la Ley Micaela de manera urgente y obligatoria para todo el personal municipal; y se comience a sensibilizar sobre lo expresado en el Convenio 190 de OIT (el cual la Argentina ha ratificado el pasado 11 de noviembre 2020 mediante Ley 27580), reconociendo la violencia o acoso en el mundo de trabajo, dado que la misma afectan a la salud psicol\u00f3gica, f\u00edsica y sexual de las personas, a su dignidad, y a su entorno familiar y social.<\/p>\n","protected":false},"excerpt":{"rendered":"<p>Desde el Departamento de G\u00e9neros y Diversidades de la ASOCIACI\u00d3N TRABAJADORES DEL ESTADO (ATE), Consejo Directivo Provincial C\u00f3rdoba, entidad sindical de primer grado, con Personer\u00eda Gremial N\u00b0 2, con m\u00e1s de 95 de a\u00f1os de historia manifestamos nuestra preocupaci\u00f3n ante la incorporaci\u00f3n del traumat\u00f3logo Dr. Carlos Luna a la planta de trabajadores y trabajadoras del [&hellip;]<\/p>\n","protected":false},"author":3,"featured_media":24235,"comment_status":"open","ping_status":"open","sticky":false,"template":"","format":"standard","meta":{"_exactmetrics_skip_tracking":false,"_exactmetrics_sitenote_active":false,"_exactmetrics_sitenote_note":"","_exactmetrics_sitenote_category":0,"jnews-multi-image_gallery":[],"jnews_single_post":{"source_name":"","source_url":"","via_name":"","via_url":"","override_template":"0","override":[{"template":"1","single_blog_custom":"","parallax":"1","fullscreen":"0","layout":"right-sidebar","sidebar":"default-sidebar","second_sidebar":"default-sidebar","sticky_sidebar":"1","share_position":"top","share_float_style":"share-monocrhome","show_share_counter":"1","show_view_counter":"1","show_featured":"1","show_post_meta":"1","show_post_author":"1","show_post_author_image":"1","show_post_date":"1","post_date_format":"default","post_date_format_custom":"Y\/m\/d","show_post_category":"1","show_post_reading_time":"0","post_reading_time_wpm":"300","show_zoom_button":"0","zoom_button_out_step":"2","zoom_button_in_step":"3","show_post_tag":"1","show_prev_next_post":"1","show_popup_post":"1","number_popup_post":"1","show_author_box":"0","show_post_related":"0","show_inline_post_related":"0"}],"override_image_size":"0","image_override":[{"single_post_thumbnail_size":"crop-500","single_post_gallery_size":"crop-500"}],"trending_post":"0","trending_post_position":"meta","trending_post_label":"Trending","sponsored_post":"0","sponsored_post_label":"Sponsored by","sponsored_post_name":"","sponsored_post_url":"","sponsored_post_logo_enable":"0","sponsored_post_logo":"","sponsored_post_desc":""},"jnews_primary_category":{"id":""},"jnews_social_meta":{"fb_title":"","fb_description":"","fb_image":"","twitter_title":"","twitter_description":"","twitter_image":""},"jnews_review":[],"enable_review":"0","type":"percentage","name":"","summary":"","brand":"","sku":"","good":[{"good_text":""}],"bad":[{"bad_text":""}],"score_override":"","override_value":"","rating":[{"rating_text":"","rating_number":"10"}],"price":[{"shop":"","price":"","link":"","icon":""}],"jnews_override_counter":{"override_view_counter":"0","view_counter_number":"0","override_share_counter":"0","share_counter_number":"0","override_like_counter":"0","like_counter_number":"0","override_dislike_counter":"0","dislike_counter_number":"0"},"jnews_post_split":{"enable_post_split":"0","post_split":[{"template":"1","tag":"h2","numbering":"asc","mode":"normal"}]},"footnotes":""},"categories":[10,53,325,20],"tags":[],"class_list":["post-24234","post","type-post","status-publish","format-standard","has-post-thumbnail","hentry","category-accion-politica","category-comunicados-de-prensa","category-generos-y-diversidades","category-municipales"],"jetpack_featured_media_url":"https:\/\/atecordoba.org\/wp-content\/uploads\/2021\/02\/DSC_2024-Medium-2-1.jpg","_links":{"self":[{"href":"https:\/\/atecordoba.org\/index.php?rest_route=\/wp\/v2\/posts\/24234","targetHints":{"allow":["GET"]}}],"collection":[{"href":"https:\/\/atecordoba.org\/index.php?rest_route=\/wp\/v2\/posts"}],"about":[{"href":"https:\/\/atecordoba.org\/index.php?rest_route=\/wp\/v2\/types\/post"}],"author":[{"embeddable":true,"href":"https:\/\/atecordoba.org\/index.php?rest_route=\/wp\/v2\/users\/3"}],"replies":[{"embeddable":true,"href":"https:\/\/atecordoba.org\/index.php?rest_route=%2Fwp%2Fv2%2Fcomments&post=24234"}],"version-history":[{"count":1,"href":"https:\/\/atecordoba.org\/index.php?rest_route=\/wp\/v2\/posts\/24234\/revisions"}],"predecessor-version":[{"id":24236,"href":"https:\/\/atecordoba.org\/index.php?rest_route=\/wp\/v2\/posts\/24234\/revisions\/24236"}],"wp:featuredmedia":[{"embeddable":true,"href":"https:\/\/atecordoba.org\/index.php?rest_route=\/wp\/v2\/media\/24235"}],"wp:attachment":[{"href":"https:\/\/atecordoba.org\/index.php?rest_route=%2Fwp%2Fv2%2Fmedia&parent=24234"}],"wp:term":[{"taxonomy":"category","embeddable":true,"href":"https:\/\/atecordoba.org\/index.php?rest_route=%2Fwp%2Fv2%2Fcategories&post=24234"},{"taxonomy":"post_tag","embeddable":true,"href":"https:\/\/atecordoba.org\/index.php?rest_route=%2Fwp%2Fv2%2Ftags&post=24234"}],"curies":[{"name":"wp","href":"https:\/\/api.w.org\/{rel}","templated":true}]}}