{"id":24219,"date":"2021-02-02T11:37:24","date_gmt":"2021-02-02T14:37:24","guid":{"rendered":"https:\/\/atecordoba.org\/?p=24219"},"modified":"2021-02-02T11:37:24","modified_gmt":"2021-02-02T14:37:24","slug":"ate-logra-una-audiencia-con-el-ministerio-de-trabajo-de-cordoba-hoy-a-las-13-hs-por-la-reinstalacion-de-juan-valfre-en-la-universidad-provincial","status":"publish","type":"post","link":"https:\/\/atecordoba.org\/?p=24219","title":{"rendered":"ATE logra una audiencia con el Ministerio de Trabajo de C\u00f3rdoba hoy a las 13 Hs. por la reinstalaci\u00f3n de Juan Valfr\u00e9 en la Universidad Provincial"},"content":{"rendered":"<p><img loading=\"lazy\" decoding=\"async\" class=\"size-thumbnail wp-image-24220 alignleft\" src=\"https:\/\/atecordoba.org\/wp-content\/uploads\/2021\/02\/20210201183149_IMG_5563-150x150.jpg\" alt=\"\" width=\"150\" height=\"150\" srcset=\"https:\/\/atecordoba.org\/wp-content\/uploads\/2021\/02\/20210201183149_IMG_5563-150x150.jpg 150w, https:\/\/atecordoba.org\/wp-content\/uploads\/2021\/02\/20210201183149_IMG_5563-560x560.jpg 560w, https:\/\/atecordoba.org\/wp-content\/uploads\/2021\/02\/20210201183149_IMG_5563-75x75.jpg 75w\" sizes=\"auto, (max-width: 150px) 100vw, 150px\" \/><\/p>\n<p>Tras el despido encubierto en una \u201crescisi\u00f3n de contrato\u201d injustificado de Juan Valfr\u00e9, el pasado 15 de enero, ATE instal\u00f3 el 1 de Febrero una Carpa Blanca por su reincorporaci\u00f3n.<\/p>\n<p>La misma se ubica en Avda. Ricchieri frente al rectorado de la UPC (Universidad Provincial de C\u00f3rdoba). En el dia de ayer a pesar de la amenaza policial de desalojo, pudo realizarse de manera pac\u00edfica una asamblea y sentada para definir los pasos a seguir.<\/p>\n<p>Federico Giuliani Secretario general de ATE C\u00f3rdoba, junto a Juan Valfr\u00e9 delegado de la entidad sindical, y despedido de la UPC acaban de brindar unas palabras a medios period\u00edsticos. Giuliani adelant\u00f3 que \u201cATE es el sindicato con la personer\u00eda Gremial m\u00e1s antigua del pa\u00eds desconocer eso es desconocer 96 a\u00f1os de historia. Juan Valfr\u00e9 tiene inmunidad y tutela sindical, intentan amedrentar al resto del colectivo y hay que repudiar el accionar de la patronal que copia \u00e9pocas nefastas y oscuras de la Argentina\u201d.<\/p>\n<p><img loading=\"lazy\" decoding=\"async\" class=\"alignnone size-thumbnail wp-image-24229\" src=\"https:\/\/atecordoba.org\/wp-content\/uploads\/2021\/02\/131979025_10158907794829805_387866690393365177_o-150x150.jpg\" alt=\"\" width=\"150\" height=\"150\" srcset=\"https:\/\/atecordoba.org\/wp-content\/uploads\/2021\/02\/131979025_10158907794829805_387866690393365177_o-150x150.jpg 150w, https:\/\/atecordoba.org\/wp-content\/uploads\/2021\/02\/131979025_10158907794829805_387866690393365177_o-75x75.jpg 75w\" sizes=\"auto, (max-width: 150px) 100vw, 150px\" \/><\/p>\n<p>Ante esta \u00faltima declaraci\u00f3n el Secretario general hace referencia a que el Vicerrector Enrique Bambozzi, se aperson\u00f3 en el domicilio del delegado de ATE Juan Valfr\u00e9 para informarle que lo desped\u00edan, dando claras se\u00f1ales de la complicidad entre la burocracia sindical que digita a dedo como deben organizarse las y los trabajadores.<\/p>\n<p>Desde ATE se aclar\u00f3 que: \u201cesta no es una pelea intersindical, sino que es por la reincorporaci\u00f3n del compa\u00f1ero despedido y por mejorar las condiciones de trabajo de quienes \u00a0todos los d\u00edas dan clases y los no docentes que aqu\u00ed trabajan\u201d. <strong>Adem\u00e1s Giuliani se\u00f1al\u00f3 \u201cla carpa tuvo incidencia y permite que hoy a las 13 hs haya una audiencia entre ATE la Universidad Provincial de C\u00f3rdoba y el Ministerio de Trabajo de C\u00f3rdoba.<\/strong> En esta mesa vamos a plantear la urgente reincorporaci\u00f3n de Valfr\u00e9, injustamente despedido \u00a0y dejar en claro que ATE es una realidad en la unidad acad\u00e9mica porque son las y los trabajadores \u00a0que se est\u00e1n organizando para exigir m\u00e1s democracia y participaci\u00f3n ya que la rectora fue puesta a dedo por el poder pol\u00edtico y no se respeta la autarqu\u00eda de la universidad\u201d.<\/p>\n<p>Finalmente el Secretario general de ATE resalt\u00f3 \u201cde la reuni\u00f3n de hoy esperamos y valoramos un canal de di\u00e1logo, forzado por la acci\u00f3n del Fiscal y el Juez Garz\u00f3n que frenaron el desalojo y por su acci\u00f3n se logra esta instancia valorable en tanto y en cuanto se logre la reincorporaci\u00f3n de Juan Valfr\u00e9\u201d.<\/p>\n<p><em>Amplaremos.<\/em><\/p>\n<div id='gallery_1' class='gallery galleryid-24219 gallery-columns-3 gallery-size-thumbnail'><figure class='gallery-item'>\n                <div class='gallery-icon landscape'>\n                    <a href='https:\/\/atecordoba.org\/wp-content\/uploads\/2021\/02\/20200202185545_IMG_9568.jpg'><img loading=\"lazy\" decoding=\"async\" width=\"150\" height=\"150\" src=\"\" class=\"attachment-thumbnail size-thumbnail lazyload\" alt=\"\" data-src=\"https:\/\/atecordoba.org\/wp-content\/uploads\/2021\/02\/20200202185545_IMG_9568-150x150.jpg\" data-sizes=\"auto\" data-srcset=\"https:\/\/atecordoba.org\/wp-content\/uploads\/2021\/02\/20200202185545_IMG_9568-150x150.jpg 150w, https:\/\/atecordoba.org\/wp-content\/uploads\/2021\/02\/20200202185545_IMG_9568-560x560.jpg 560w, https:\/\/atecordoba.org\/wp-content\/uploads\/2021\/02\/20200202185545_IMG_9568-75x75.jpg 75w\" data-expand=\"700\" \/><\/a>\n                <\/div><\/figure><figure class='gallery-item'>\n                <div class='gallery-icon landscape'>\n                    <a href='https:\/\/atecordoba.org\/wp-content\/uploads\/2021\/02\/20200202185044_IMG_9555.jpg'><img loading=\"lazy\" decoding=\"async\" width=\"150\" height=\"150\" src=\"\" class=\"attachment-thumbnail size-thumbnail lazyload\" alt=\"\" data-src=\"https:\/\/atecordoba.org\/wp-content\/uploads\/2021\/02\/20200202185044_IMG_9555-150x150.jpg\" data-sizes=\"auto\" data-srcset=\"https:\/\/atecordoba.org\/wp-content\/uploads\/2021\/02\/20200202185044_IMG_9555-150x150.jpg 150w, https:\/\/atecordoba.org\/wp-content\/uploads\/2021\/02\/20200202185044_IMG_9555-560x560.jpg 560w, https:\/\/atecordoba.org\/wp-content\/uploads\/2021\/02\/20200202185044_IMG_9555-75x75.jpg 75w\" data-expand=\"700\" \/><\/a>\n                <\/div><\/figure><figure class='gallery-item'>\n                <div class='gallery-icon landscape'>\n                    <a href='https:\/\/atecordoba.org\/wp-content\/uploads\/2021\/02\/20200202184803_IMG_9537.jpg'><img loading=\"lazy\" decoding=\"async\" width=\"150\" height=\"150\" src=\"\" class=\"attachment-thumbnail size-thumbnail lazyload\" alt=\"\" data-src=\"https:\/\/atecordoba.org\/wp-content\/uploads\/2021\/02\/20200202184803_IMG_9537-150x150.jpg\" data-sizes=\"auto\" data-srcset=\"https:\/\/atecordoba.org\/wp-content\/uploads\/2021\/02\/20200202184803_IMG_9537-150x150.jpg 150w, https:\/\/atecordoba.org\/wp-content\/uploads\/2021\/02\/20200202184803_IMG_9537-560x560.jpg 560w, https:\/\/atecordoba.org\/wp-content\/uploads\/2021\/02\/20200202184803_IMG_9537-75x75.jpg 75w\" data-expand=\"700\" \/><\/a>\n                <\/div><\/figure><br style=\"clear: both\" \/><figure class='gallery-item'>\n                <div class='gallery-icon landscape'>\n                    <a href='https:\/\/atecordoba.org\/wp-content\/uploads\/2021\/02\/20200202184424_IMG_9529.jpg'><img loading=\"lazy\" decoding=\"async\" width=\"150\" height=\"150\" src=\"\" class=\"attachment-thumbnail size-thumbnail lazyload\" alt=\"\" data-src=\"https:\/\/atecordoba.org\/wp-content\/uploads\/2021\/02\/20200202184424_IMG_9529-150x150.jpg\" data-sizes=\"auto\" data-srcset=\"https:\/\/atecordoba.org\/wp-content\/uploads\/2021\/02\/20200202184424_IMG_9529-150x150.jpg 150w, https:\/\/atecordoba.org\/wp-content\/uploads\/2021\/02\/20200202184424_IMG_9529-560x560.jpg 560w, https:\/\/atecordoba.org\/wp-content\/uploads\/2021\/02\/20200202184424_IMG_9529-75x75.jpg 75w\" data-expand=\"700\" \/><\/a>\n                <\/div><\/figure><figure class='gallery-item'>\n                <div class='gallery-icon landscape'>\n                    <a href='https:\/\/atecordoba.org\/wp-content\/uploads\/2021\/02\/20200202184028_IMG_9517.jpg'><img loading=\"lazy\" decoding=\"async\" width=\"150\" height=\"150\" src=\"\" class=\"attachment-thumbnail size-thumbnail lazyload\" alt=\"\" data-src=\"https:\/\/atecordoba.org\/wp-content\/uploads\/2021\/02\/20200202184028_IMG_9517-150x150.jpg\" data-sizes=\"auto\" data-srcset=\"https:\/\/atecordoba.org\/wp-content\/uploads\/2021\/02\/20200202184028_IMG_9517-150x150.jpg 150w, https:\/\/atecordoba.org\/wp-content\/uploads\/2021\/02\/20200202184028_IMG_9517-560x560.jpg 560w, https:\/\/atecordoba.org\/wp-content\/uploads\/2021\/02\/20200202184028_IMG_9517-75x75.jpg 75w\" data-expand=\"700\" \/><\/a>\n                <\/div><\/figure><figure class='gallery-item'>\n                <div class='gallery-icon landscape'>\n                    <a href='https:\/\/atecordoba.org\/wp-content\/uploads\/2021\/02\/20200202183458_IMG_9505.jpg'><img loading=\"lazy\" decoding=\"async\" width=\"150\" height=\"150\" src=\"\" class=\"attachment-thumbnail size-thumbnail lazyload\" alt=\"\" data-src=\"https:\/\/atecordoba.org\/wp-content\/uploads\/2021\/02\/20200202183458_IMG_9505-150x150.jpg\" data-sizes=\"auto\" data-srcset=\"https:\/\/atecordoba.org\/wp-content\/uploads\/2021\/02\/20200202183458_IMG_9505-150x150.jpg 150w, https:\/\/atecordoba.org\/wp-content\/uploads\/2021\/02\/20200202183458_IMG_9505-560x560.jpg 560w, https:\/\/atecordoba.org\/wp-content\/uploads\/2021\/02\/20200202183458_IMG_9505-75x75.jpg 75w\" data-expand=\"700\" \/><\/a>\n                <\/div><\/figure><br style=\"clear: both\" \/><figure class='gallery-item'>\n                <div class='gallery-icon landscape'>\n                    <a href='https:\/\/atecordoba.org\/wp-content\/uploads\/2021\/02\/20200202183830_IMG_9508.jpg'><img loading=\"lazy\" decoding=\"async\" width=\"150\" height=\"150\" src=\"\" class=\"attachment-thumbnail size-thumbnail lazyload\" alt=\"\" data-src=\"https:\/\/atecordoba.org\/wp-content\/uploads\/2021\/02\/20200202183830_IMG_9508-150x150.jpg\" data-sizes=\"auto\" data-srcset=\"https:\/\/atecordoba.org\/wp-content\/uploads\/2021\/02\/20200202183830_IMG_9508-150x150.jpg 150w, https:\/\/atecordoba.org\/wp-content\/uploads\/2021\/02\/20200202183830_IMG_9508-560x560.jpg 560w, https:\/\/atecordoba.org\/wp-content\/uploads\/2021\/02\/20200202183830_IMG_9508-75x75.jpg 75w\" data-expand=\"700\" \/><\/a>\n                <\/div><\/figure><figure class='gallery-item'>\n                <div class='gallery-icon landscape'>\n                    <a href='https:\/\/atecordoba.org\/wp-content\/uploads\/2021\/02\/20200202183856_IMG_9509.jpg'><img loading=\"lazy\" decoding=\"async\" width=\"150\" height=\"150\" src=\"\" class=\"attachment-thumbnail size-thumbnail lazyload\" alt=\"\" data-src=\"https:\/\/atecordoba.org\/wp-content\/uploads\/2021\/02\/20200202183856_IMG_9509-150x150.jpg\" data-sizes=\"auto\" data-srcset=\"https:\/\/atecordoba.org\/wp-content\/uploads\/2021\/02\/20200202183856_IMG_9509-150x150.jpg 150w, https:\/\/atecordoba.org\/wp-content\/uploads\/2021\/02\/20200202183856_IMG_9509-560x560.jpg 560w, https:\/\/atecordoba.org\/wp-content\/uploads\/2021\/02\/20200202183856_IMG_9509-75x75.jpg 75w\" data-expand=\"700\" \/><\/a>\n                <\/div><\/figure>\n                <br style='clear: both' \/>\n            <\/div>\n\n","protected":false},"excerpt":{"rendered":"<p>Tras el despido encubierto en una \u201crescisi\u00f3n de contrato\u201d injustificado de Juan Valfr\u00e9, el pasado 15 de enero, ATE instal\u00f3 el 1 de Febrero una Carpa Blanca por su reincorporaci\u00f3n. La misma se ubica en Avda. Ricchieri frente al rectorado de la UPC (Universidad Provincial de C\u00f3rdoba). En el dia de ayer a pesar de [&hellip;]<\/p>\n","protected":false},"author":3,"featured_media":24229,"comment_status":"open","ping_status":"open","sticky":false,"template":"","format":"standard","meta":{"_exactmetrics_skip_tracking":false,"_exactmetrics_sitenote_active":false,"_exactmetrics_sitenote_note":"","_exactmetrics_sitenote_category":0,"jnews-multi-image_gallery":[],"jnews_single_post":{"source_name":"","source_url":"","via_name":"","via_url":"","override_template":"0","override":[{"template":"1","single_blog_custom":"","parallax":"1","fullscreen":"0","layout":"right-sidebar","sidebar":"default-sidebar","second_sidebar":"default-sidebar","sticky_sidebar":"1","share_position":"top","share_float_style":"share-monocrhome","show_share_counter":"1","show_view_counter":"1","show_featured":"1","show_post_meta":"1","show_post_author":"1","show_post_author_image":"1","show_post_date":"1","post_date_format":"default","post_date_format_custom":"Y\/m\/d","show_post_category":"1","show_post_reading_time":"0","post_reading_time_wpm":"300","show_zoom_button":"0","zoom_button_out_step":"2","zoom_button_in_step":"3","show_post_tag":"1","show_prev_next_post":"1","show_popup_post":"1","number_popup_post":"1","show_author_box":"0","show_post_related":"0","show_inline_post_related":"0"}],"override_image_size":"0","image_override":[{"single_post_thumbnail_size":"crop-500","single_post_gallery_size":"crop-500"}],"trending_post":"0","trending_post_position":"meta","trending_post_label":"Trending","sponsored_post":"0","sponsored_post_label":"Sponsored by","sponsored_post_name":"","sponsored_post_url":"","sponsored_post_logo_enable":"0","sponsored_post_logo":"","sponsored_post_desc":""},"jnews_primary_category":{"id":""},"jnews_social_meta":{"fb_title":"","fb_description":"","fb_image":"","twitter_title":"","twitter_description":"","twitter_image":""},"jnews_review":[],"enable_review":"0","type":"percentage","name":"","summary":"","brand":"","sku":"","good":[{"good_text":""}],"bad":[{"bad_text":""}],"score_override":"","override_value":"","rating":[{"rating_text":"","rating_number":"10"}],"price":[{"shop":"","price":"","link":"","icon":""}],"jnews_override_counter":{"override_view_counter":"0","view_counter_number":"0","override_share_counter":"0","share_counter_number":"0","override_like_counter":"0","like_counter_number":"0","override_dislike_counter":"0","dislike_counter_number":"0"},"jnews_post_split":{"enable_post_split":"0","post_split":[{"template":"1","tag":"h2","numbering":"asc","mode":"normal"}]},"footnotes":""},"categories":[10,53,756,564,8],"tags":[],"class_list":["post-24219","post","type-post","status-publish","format-standard","has-post-thumbnail","hentry","category-accion-politica","category-comunicados-de-prensa","category-consejo-directivo-nacional-cdn","category-educacion","category-provinciales"],"jetpack_featured_media_url":"https:\/\/atecordoba.org\/wp-content\/uploads\/2021\/02\/131979025_10158907794829805_387866690393365177_o.jpg","_links":{"self":[{"href":"https:\/\/atecordoba.org\/index.php?rest_route=\/wp\/v2\/posts\/24219","targetHints":{"allow":["GET"]}}],"collection":[{"href":"https:\/\/atecordoba.org\/index.php?rest_route=\/wp\/v2\/posts"}],"about":[{"href":"https:\/\/atecordoba.org\/index.php?rest_route=\/wp\/v2\/types\/post"}],"author":[{"embeddable":true,"href":"https:\/\/atecordoba.org\/index.php?rest_route=\/wp\/v2\/users\/3"}],"replies":[{"embeddable":true,"href":"https:\/\/atecordoba.org\/index.php?rest_route=%2Fwp%2Fv2%2Fcomments&post=24219"}],"version-history":[{"count":1,"href":"https:\/\/atecordoba.org\/index.php?rest_route=\/wp\/v2\/posts\/24219\/revisions"}],"predecessor-version":[{"id":24230,"href":"https:\/\/atecordoba.org\/index.php?rest_route=\/wp\/v2\/posts\/24219\/revisions\/24230"}],"wp:featuredmedia":[{"embeddable":true,"href":"https:\/\/atecordoba.org\/index.php?rest_route=\/wp\/v2\/media\/24229"}],"wp:attachment":[{"href":"https:\/\/atecordoba.org\/index.php?rest_route=%2Fwp%2Fv2%2Fmedia&parent=24219"}],"wp:term":[{"taxonomy":"category","embeddable":true,"href":"https:\/\/atecordoba.org\/index.php?rest_route=%2Fwp%2Fv2%2Fcategories&post=24219"},{"taxonomy":"post_tag","embeddable":true,"href":"https:\/\/atecordoba.org\/index.php?rest_route=%2Fwp%2Fv2%2Ftags&post=24219"}],"curies":[{"name":"wp","href":"https:\/\/api.w.org\/{rel}","templated":true}]}}