{"id":24180,"date":"2021-01-26T13:41:05","date_gmt":"2021-01-26T16:41:05","guid":{"rendered":"https:\/\/atecordoba.org\/?p=24180"},"modified":"2021-01-26T14:14:24","modified_gmt":"2021-01-26T17:14:24","slug":"ate-cordoba-participa-de-espacio-de-formacion-abriendo-cauce-de-ate-rosario","status":"publish","type":"post","link":"https:\/\/atecordoba.org\/?p=24180","title":{"rendered":"ATE C\u00f3rdoba participa del espacio de formaci\u00f3n &#8220;Abriendo Cauce&#8221; de ATE Rosario"},"content":{"rendered":"<div style='display:none' class=\"jeg_preview_slider gallery_1\" data-selector='gallery_1'>\n                        <div class=\"jeg_preview_holder\">\n                            <div class=\"jeg_preview_media\">\n                        <div class=\"jeg_preview_media_holder\">\n                            <h3>&nbsp;<\/h3>\n                            <div class=\"fullscreen-switch\">\n                                <i class=\"fa\"><\/i>\n                            <\/div>\n                            <div class=\"jeg_preview_media_content\">\n                                <div class=\"jeg_preview_media_content_holder_padding\">\n                                    <div class=\"jeg_preview_media_content_holder\"><\/div>\n                                <\/div>\n                                <div class=\"jeg_preview_media_content_navigation\">\n                                    <div class=\"prev\">\n\t\t\t\t\t\t\t\t\t\t<i class=\"fa\"><\/i>\n\t\t\t\t\t\t\t\t\t<\/div>\n                                    <div class=\"next\">\n\t\t\t\t\t\t\t\t\t\t<i class=\"fa\"><\/i>\n\t\t\t\t\t\t\t\t\t<\/div>\n                                <\/div>\n                                <div class='preview-slider-overlay'>\n                                    <div class='preloader_type preloader_dot'>\n                                        <div class=\"module-preloader jeg_preloader dot\">\n                                            <span><\/span><span><\/span><span><\/span>\n                                        <\/div>\n                                        <div class=\"module-preloader jeg_preloader circle\">\n                                            <div class=\"jnews_preloader_circle_outer\">\n                                                <div class=\"jnews_preloader_circle_inner\"><\/div>\n                                            <\/div>\n                                        <\/div>\n                                        <div class=\"module-preloader jeg_preloader square\">\n                                            <div class=\"jeg_square\">\n                                                <div class=\"jeg_square_inner\"><\/div>\n                                            <\/div>\n                                        <\/div>\n                                    <\/div>\n                                <\/div>\n                            <\/div>\n                            <div class=\"jeg_preview_control\">\n                                <div class=\"left_control\">\n                                    <div class=\"counter\"><span class=\"current\">1<\/span> de  6<\/div>\n                                    <div class=\"subtitle\"><\/div>\n                                <\/div>\n                                <div class=\"zoom\">\n                                    <span class=\"reduce\">-<\/span>\n                                    <span class=\"increase\">+<\/span>\n                                <\/div>\n                            <\/div>\n                        <\/div>\n                    <\/div>\n\n                    <div class=\"jeg_preview_bottom_slider\">\n                        <a data-id=\"0\" data-title=\"\" data-image=\"https:\/\/atecordoba.org\/wp-content\/uploads\/2021\/01\/25-1-ATE-Rosario-Abriendo-Cauce-Julia-Giuliani.jpeg\" href=\"https:\/\/atecordoba.org\/wp-content\/uploads\/2021\/01\/25-1-ATE-Rosario-Abriendo-Cauce-Julia-Giuliani.jpeg\" class=\"jeg_preview_item active\">\n                            <div class=\"jeg_preview_item_thumbnail\">\n                                <img loading=\"lazy\" decoding=\"async\" width=\"120\" height=\"86\" src=\"https:\/\/atecordoba.org\/wp-content\/uploads\/2021\/01\/25-1-ATE-Rosario-Abriendo-Cauce-Julia-Giuliani-120x86.jpeg\" class=\"attachment-jnews-120x86 size-jnews-120x86\" alt=\"\" srcset=\"https:\/\/atecordoba.org\/wp-content\/uploads\/2021\/01\/25-1-ATE-Rosario-Abriendo-Cauce-Julia-Giuliani-120x86.jpeg 120w, https:\/\/atecordoba.org\/wp-content\/uploads\/2021\/01\/25-1-ATE-Rosario-Abriendo-Cauce-Julia-Giuliani-350x250.jpeg 350w, https:\/\/atecordoba.org\/wp-content\/uploads\/2021\/01\/25-1-ATE-Rosario-Abriendo-Cauce-Julia-Giuliani-750x536.jpeg 750w\" sizes=\"auto, (max-width: 120px) 100vw, 120px\" \/>\n                            <\/div>\n                        <\/a><a data-id=\"1\" data-title=\"\" data-image=\"https:\/\/atecordoba.org\/wp-content\/uploads\/2021\/01\/26-01-Abriendo-Cauce-ATE-Rosario-flyer.jpg\" href=\"https:\/\/atecordoba.org\/wp-content\/uploads\/2021\/01\/26-01-Abriendo-Cauce-ATE-Rosario-flyer.jpg\" class=\"jeg_preview_item \">\n                            <div class=\"jeg_preview_item_thumbnail\">\n                                <img loading=\"lazy\" decoding=\"async\" width=\"120\" height=\"86\" src=\"https:\/\/atecordoba.org\/wp-content\/uploads\/2021\/01\/26-01-Abriendo-Cauce-ATE-Rosario-flyer-120x86.jpg\" class=\"attachment-jnews-120x86 size-jnews-120x86\" alt=\"\" srcset=\"https:\/\/atecordoba.org\/wp-content\/uploads\/2021\/01\/26-01-Abriendo-Cauce-ATE-Rosario-flyer-120x86.jpg 120w, https:\/\/atecordoba.org\/wp-content\/uploads\/2021\/01\/26-01-Abriendo-Cauce-ATE-Rosario-flyer-350x250.jpg 350w, https:\/\/atecordoba.org\/wp-content\/uploads\/2021\/01\/26-01-Abriendo-Cauce-ATE-Rosario-flyer-750x536.jpg 750w, https:\/\/atecordoba.org\/wp-content\/uploads\/2021\/01\/26-01-Abriendo-Cauce-ATE-Rosario-flyer-1140x815.jpg 1140w\" sizes=\"auto, (max-width: 120px) 100vw, 120px\" \/>\n                            <\/div>\n                        <\/a><a data-id=\"2\" data-title=\"\" data-image=\"https:\/\/atecordoba.org\/wp-content\/uploads\/2021\/01\/25-1-ATE-Rosario-Abriendo-Cauce-mesa.jpeg\" href=\"https:\/\/atecordoba.org\/wp-content\/uploads\/2021\/01\/25-1-ATE-Rosario-Abriendo-Cauce-mesa.jpeg\" class=\"jeg_preview_item \">\n                            <div class=\"jeg_preview_item_thumbnail\">\n                                <img loading=\"lazy\" decoding=\"async\" width=\"120\" height=\"86\" src=\"https:\/\/atecordoba.org\/wp-content\/uploads\/2021\/01\/25-1-ATE-Rosario-Abriendo-Cauce-mesa-120x86.jpeg\" class=\"attachment-jnews-120x86 size-jnews-120x86\" alt=\"\" srcset=\"https:\/\/atecordoba.org\/wp-content\/uploads\/2021\/01\/25-1-ATE-Rosario-Abriendo-Cauce-mesa-120x86.jpeg 120w, https:\/\/atecordoba.org\/wp-content\/uploads\/2021\/01\/25-1-ATE-Rosario-Abriendo-Cauce-mesa-350x250.jpeg 350w, https:\/\/atecordoba.org\/wp-content\/uploads\/2021\/01\/25-1-ATE-Rosario-Abriendo-Cauce-mesa-750x536.jpeg 750w\" sizes=\"auto, (max-width: 120px) 100vw, 120px\" \/>\n                            <\/div>\n                        <\/a><a data-id=\"3\" data-title=\"\" data-image=\"https:\/\/atecordoba.org\/wp-content\/uploads\/2021\/01\/25-1-ATE-Rosario-Abriendo-Cauce.jpeg\" href=\"https:\/\/atecordoba.org\/wp-content\/uploads\/2021\/01\/25-1-ATE-Rosario-Abriendo-Cauce.jpeg\" class=\"jeg_preview_item \">\n                            <div class=\"jeg_preview_item_thumbnail\">\n                                <img loading=\"lazy\" decoding=\"async\" width=\"120\" height=\"86\" src=\"https:\/\/atecordoba.org\/wp-content\/uploads\/2021\/01\/25-1-ATE-Rosario-Abriendo-Cauce-120x86.jpeg\" class=\"attachment-jnews-120x86 size-jnews-120x86\" alt=\"\" srcset=\"https:\/\/atecordoba.org\/wp-content\/uploads\/2021\/01\/25-1-ATE-Rosario-Abriendo-Cauce-120x86.jpeg 120w, https:\/\/atecordoba.org\/wp-content\/uploads\/2021\/01\/25-1-ATE-Rosario-Abriendo-Cauce-350x250.jpeg 350w, https:\/\/atecordoba.org\/wp-content\/uploads\/2021\/01\/25-1-ATE-Rosario-Abriendo-Cauce-750x536.jpeg 750w\" sizes=\"auto, (max-width: 120px) 100vw, 120px\" \/>\n                            <\/div>\n                        <\/a><a data-id=\"4\" data-title=\"\" data-image=\"https:\/\/atecordoba.org\/wp-content\/uploads\/2021\/01\/25-1-ATE-Rosario-Abriendo-Cauce-Julia-Giuliani-2.jpeg\" href=\"https:\/\/atecordoba.org\/wp-content\/uploads\/2021\/01\/25-1-ATE-Rosario-Abriendo-Cauce-Julia-Giuliani-2.jpeg\" class=\"jeg_preview_item \">\n                            <div class=\"jeg_preview_item_thumbnail\">\n                                <img loading=\"lazy\" decoding=\"async\" width=\"120\" height=\"86\" src=\"https:\/\/atecordoba.org\/wp-content\/uploads\/2021\/01\/25-1-ATE-Rosario-Abriendo-Cauce-Julia-Giuliani-2-120x86.jpeg\" class=\"attachment-jnews-120x86 size-jnews-120x86\" alt=\"\" srcset=\"https:\/\/atecordoba.org\/wp-content\/uploads\/2021\/01\/25-1-ATE-Rosario-Abriendo-Cauce-Julia-Giuliani-2-120x86.jpeg 120w, https:\/\/atecordoba.org\/wp-content\/uploads\/2021\/01\/25-1-ATE-Rosario-Abriendo-Cauce-Julia-Giuliani-2-350x250.jpeg 350w, https:\/\/atecordoba.org\/wp-content\/uploads\/2021\/01\/25-1-ATE-Rosario-Abriendo-Cauce-Julia-Giuliani-2-750x536.jpeg 750w\" sizes=\"auto, (max-width: 120px) 100vw, 120px\" \/>\n                            <\/div>\n                        <\/a><a data-id=\"5\" data-title=\"\" data-image=\"https:\/\/atecordoba.org\/wp-content\/uploads\/2021\/01\/25-1-ATE-Rosario-Abriendo-Cauce-Julia-Giuliani-4.jpeg\" href=\"https:\/\/atecordoba.org\/wp-content\/uploads\/2021\/01\/25-1-ATE-Rosario-Abriendo-Cauce-Julia-Giuliani-4.jpeg\" class=\"jeg_preview_item \">\n                            <div class=\"jeg_preview_item_thumbnail\">\n                                <img loading=\"lazy\" decoding=\"async\" width=\"120\" height=\"86\" src=\"https:\/\/atecordoba.org\/wp-content\/uploads\/2021\/01\/25-1-ATE-Rosario-Abriendo-Cauce-Julia-Giuliani-4-120x86.jpeg\" class=\"attachment-jnews-120x86 size-jnews-120x86\" alt=\"\" srcset=\"https:\/\/atecordoba.org\/wp-content\/uploads\/2021\/01\/25-1-ATE-Rosario-Abriendo-Cauce-Julia-Giuliani-4-120x86.jpeg 120w, https:\/\/atecordoba.org\/wp-content\/uploads\/2021\/01\/25-1-ATE-Rosario-Abriendo-Cauce-Julia-Giuliani-4-350x250.jpeg 350w, https:\/\/atecordoba.org\/wp-content\/uploads\/2021\/01\/25-1-ATE-Rosario-Abriendo-Cauce-Julia-Giuliani-4-750x536.jpeg 750w\" sizes=\"auto, (max-width: 120px) 100vw, 120px\" \/>\n                            <\/div>\n                        <\/a>\n                    <\/div>\n                        <\/div>\n                        <div class=\"jeg_preview_description\">\n                            \n                            <div class=\"jeg_preview_description_wrapper\">\n                            \n                            <\/div>\n                        <\/div>\n                        <script>\n                            var gallery_1 = {\n                                rtl: false,\n                                native_zoom: false,\n                                zoom_max: 5,\n                                zoom_step: 40,\n                                image_sequence: [{\"src\":\"https:\\\/\\\/atecordoba.org\\\/wp-content\\\/uploads\\\/2021\\\/01\\\/25-1-ATE-Rosario-Abriendo-Cauce-Julia-Giuliani.jpeg\",\"w\":1080,\"h\":607,\"title\":\"\"},{\"src\":\"https:\\\/\\\/atecordoba.org\\\/wp-content\\\/uploads\\\/2021\\\/01\\\/26-01-Abriendo-Cauce-ATE-Rosario-flyer.jpg\",\"w\":1163,\"h\":1280,\"title\":\"\"},{\"src\":\"https:\\\/\\\/atecordoba.org\\\/wp-content\\\/uploads\\\/2021\\\/01\\\/25-1-ATE-Rosario-Abriendo-Cauce-mesa.jpeg\",\"w\":1032,\"h\":774,\"title\":\"\"},{\"src\":\"https:\\\/\\\/atecordoba.org\\\/wp-content\\\/uploads\\\/2021\\\/01\\\/25-1-ATE-Rosario-Abriendo-Cauce.jpeg\",\"w\":1280,\"h\":720,\"title\":\"\"},{\"src\":\"https:\\\/\\\/atecordoba.org\\\/wp-content\\\/uploads\\\/2021\\\/01\\\/25-1-ATE-Rosario-Abriendo-Cauce-Julia-Giuliani-2.jpeg\",\"w\":1080,\"h\":607,\"title\":\"\"},{\"src\":\"https:\\\/\\\/atecordoba.org\\\/wp-content\\\/uploads\\\/2021\\\/01\\\/25-1-ATE-Rosario-Abriendo-Cauce-Julia-Giuliani-4.jpeg\",\"w\":1032,\"h\":774,\"title\":\"\"}]\n                            };\n                        <\/script>\n                    <\/div>\n<p>&nbsp;<\/p>\n<p>Durante estos 25 y 26 de enero, <strong>la Secretaria de Prensa y Comunicaci\u00f3n de ATE C\u00f3rdoba, Julia Giuliani se encuentra participando del Encuentro de Formaci\u00f3n Sindical &#8220;Abriendo Cauce&#8221; para delegadas y delegados de la hist\u00f3rica ATE Seccional Rosario<\/strong>, la m\u00e1s grande del pa\u00eds. Desde la Provincia de C\u00f3rdoba, tambi\u00e9n se hicieron presentes representaciones de distintas Seccionales: Rafaela Alcoba y Mauricio Maccio, Secretaria General y de Finanzas de ATE R\u00edo Cuarto y C\u00e9sar Guzm\u00e1n, de CTAA R\u00edo Cuarto; y una comitiva de ATE R\u00edo Tercero encabezada por su Secretario General, Dami\u00e1n Albornoz. El encuentro cont\u00f3, tambi\u00e9n, con la\u00a0 participaci\u00f3n de referentes lationamericanos como Julio Fuentes, Presidente de la Confederaci\u00f3n Latinoamericana y del Caribe de Trabajadoras\/es Estatales (CLATE).<\/p>\n<p>&#8220;Vemos un gran nivel de participaci\u00f3n de trabajadoras\/es, de j\u00f3venes, mujeres y diversidades. Una juventud precarizada pero organizada tambi\u00e9n para dar la pelea que le permita revertir esa situaci\u00f3n&#8221;, destac\u00f3 Giuliani. &#8220;Es muy destacable y agradecemos a Lorena Almir\u00f3n, Secretaria General de ATE Rosario -y a toda la conducci\u00f3n de la Seccional- por la invitaci\u00f3n y por seguir tejiendo lazos codo a codo&#8221;, manifest\u00f3 la responsable de prensa del CDP.<\/p>\n<p>Ayer, <strong>la Secretaria de Prensa particip\u00f3 como expositora en un panel que se denomin\u00f3 &#8220;Puentes de la historia y organizaci\u00f3n de las y los trabajadores&#8221;, junto a Rodolfo Aguiar, Secretario Adjunto del Consejo Directivo Nacional (CDN) de ATE, Fernando Peyrano el Secretario General Adjunto de ATE Rosario y Rodolfo Kenfp, miembro del CDN.<\/strong> En el panel, Giuliani destac\u00f3 que pudo expresar &#8220;la necesidad de que este cauce que est\u00e1 abierto, empecemos a transitarlo mujeres, diversidades, juventudes para ser protagonistas de un nuevo proceso dentro de nuestro sindicato&#8221;. &#8220;No podemos estar ajenas\/os a la ola feminista de la cual hemos sido parte trabajando la campa\u00f1a por el aborto seguro, legal y gratuito, pero tambi\u00e9n con la necesidad de generar un sindicato abierto, con libertades hacia adentro, que no deje en lo meramente reivindicativo las cuestiones de g\u00e9nero&#8221;, remarc\u00f3 Giuliani. La Secretaria de Prensa de ATE C\u00f3rdoba en su alocuci\u00f3n destac\u00f3 el lugar de la historia &#8220;no solamente a nuestra entidad sindical santafesina, de referentes como H\u00e9ctor Quagliaro, Jorge Acedo, Miguel Peirano, sino que tambi\u00e9n pudimos dar cuenta del proceso que estamos realizando en ATE C\u00f3rdoba para rescatar la memoria hist\u00f3rica de nuestro sindicato con figuras como las de H\u00e9ctor &#8220;la perra&#8221; Castro, Mar\u00eda Lila Garc\u00eda&#8221;, Ilda Laciar de Carrica&#8221;, refiri\u00f3 Giuliani. &#8220;Planteamos la necesidad de recuperar valores, formas de acci\u00f3n de ANUSATE, esa visi\u00f3n estrat\u00e9gica que nos permiti\u00f3 recuperar nuestro sindicato y nos sigue interpelando con sus planteos hacia el futuro&#8221;, remarc\u00f3.<\/p>\n<p>&#8220;Es fundamental sindicalizarnos, salir a conmover a quienes a\u00fan no sean parte: hacer aparecer a nuestro sindicato como un sujeto pol\u00edtico activo en cada sector, pero tambi\u00e9n en cada barrio, en cada provincia, para tejer redes con otras organizaciones sociales, culturales, pol\u00edticas ya que <strong>la contradicci\u00f3n principal sigue siendo liberaci\u00f3n o dependencia y, en ese camino tenemos que estar las y los estatales luchando no solo por cuestiones\u00a0 salariales y mejores condiciones laborales, sino tambi\u00e9n por una Patria Libre, Justa y Soberana, donde el Estado est\u00e9 al servicio del Pueblo&#8221;, exclam\u00f3 Giuliani<\/strong>.<\/p>\n<p>&#8220;Debemos rescatar algunos hitos hist\u00f3ricos de quienes hoy expresan un modelo burocr\u00e1tico sindical: el programa de La Falda de 1957, Huerta Grande de 1962, el manifiesto de la CGT de los Argentinos de 1968, no tienen nada que ver con lo que hoy expresa la CGT. Son programas de liberaci\u00f3n que nuestra expresi\u00f3n sindical es verdaderamente consecuente con ellos&#8221;, concluy\u00f3 la Secretaria de Prensa y Comunicaci\u00f3n del CDP.<\/p>\n","protected":false},"excerpt":{"rendered":"<p>&nbsp; Durante estos 25 y 26 de enero, la Secretaria de Prensa y Comunicaci\u00f3n de ATE C\u00f3rdoba, Julia Giuliani se encuentra participando del Encuentro de Formaci\u00f3n Sindical &#8220;Abriendo Cauce&#8221; para delegadas y delegados de la hist\u00f3rica ATE Seccional Rosario, la m\u00e1s grande del pa\u00eds. Desde la Provincia de C\u00f3rdoba, tambi\u00e9n se hicieron presentes representaciones de [&hellip;]<\/p>\n","protected":false},"author":6,"featured_media":24184,"comment_status":"open","ping_status":"open","sticky":false,"template":"","format":"standard","meta":{"_exactmetrics_skip_tracking":false,"_exactmetrics_sitenote_active":false,"_exactmetrics_sitenote_note":"","_exactmetrics_sitenote_category":0,"jnews-multi-image_gallery":[],"jnews_single_post":{"source_name":"","source_url":"","via_name":"","via_url":"","override_template":"0","override":[{"template":"1","single_blog_custom":"","parallax":"1","fullscreen":"0","layout":"right-sidebar","sidebar":"default-sidebar","second_sidebar":"default-sidebar","sticky_sidebar":"1","share_position":"top","share_float_style":"share-monocrhome","show_share_counter":"1","show_view_counter":"1","show_featured":"1","show_post_meta":"1","show_post_author":"1","show_post_author_image":"1","show_post_date":"1","post_date_format":"default","post_date_format_custom":"Y\/m\/d","show_post_category":"1","show_post_reading_time":"0","post_reading_time_wpm":"300","show_zoom_button":"0","zoom_button_out_step":"2","zoom_button_in_step":"3","show_post_tag":"1","show_prev_next_post":"1","show_popup_post":"1","number_popup_post":"1","show_author_box":"0","show_post_related":"0","show_inline_post_related":"0"}],"override_image_size":"0","image_override":[{"single_post_thumbnail_size":"crop-500","single_post_gallery_size":"crop-500"}],"trending_post":"0","trending_post_position":"meta","trending_post_label":"Trending","sponsored_post":"0","sponsored_post_label":"Sponsored by","sponsored_post_name":"","sponsored_post_url":"","sponsored_post_logo_enable":"0","sponsored_post_logo":"","sponsored_post_desc":""},"jnews_primary_category":{"id":""},"jnews_social_meta":{"fb_title":"","fb_description":"","fb_image":"","twitter_title":"","twitter_description":"","twitter_image":""},"jnews_review":[],"enable_review":"0","type":"percentage","name":"","summary":"","brand":"","sku":"","good":[{"good_text":""}],"bad":[{"bad_text":""}],"score_override":"","override_value":"","rating":[{"rating_text":"","rating_number":"10"}],"price":[{"shop":"","price":"","link":"","icon":""}],"jnews_override_counter":{"override_view_counter":"0","view_counter_number":"0","override_share_counter":"0","share_counter_number":"0","override_like_counter":"0","like_counter_number":"0","override_dislike_counter":"0","dislike_counter_number":"0"},"jnews_post_split":{"enable_post_split":"0","post_split":[{"template":"1","tag":"h2","numbering":"asc","mode":"normal"}]},"footnotes":""},"categories":[756,341],"tags":[],"class_list":["post-24180","post","type-post","status-publish","format-standard","has-post-thumbnail","hentry","category-consejo-directivo-nacional-cdn","category-cdp"],"jetpack_featured_media_url":"https:\/\/atecordoba.org\/wp-content\/uploads\/2021\/01\/25-1-ATE-Rosario-Abriendo-Cauce-Julia-Giuliani.jpeg","_links":{"self":[{"href":"https:\/\/atecordoba.org\/index.php?rest_route=\/wp\/v2\/posts\/24180","targetHints":{"allow":["GET"]}}],"collection":[{"href":"https:\/\/atecordoba.org\/index.php?rest_route=\/wp\/v2\/posts"}],"about":[{"href":"https:\/\/atecordoba.org\/index.php?rest_route=\/wp\/v2\/types\/post"}],"author":[{"embeddable":true,"href":"https:\/\/atecordoba.org\/index.php?rest_route=\/wp\/v2\/users\/6"}],"replies":[{"embeddable":true,"href":"https:\/\/atecordoba.org\/index.php?rest_route=%2Fwp%2Fv2%2Fcomments&post=24180"}],"version-history":[{"count":5,"href":"https:\/\/atecordoba.org\/index.php?rest_route=\/wp\/v2\/posts\/24180\/revisions"}],"predecessor-version":[{"id":24192,"href":"https:\/\/atecordoba.org\/index.php?rest_route=\/wp\/v2\/posts\/24180\/revisions\/24192"}],"wp:featuredmedia":[{"embeddable":true,"href":"https:\/\/atecordoba.org\/index.php?rest_route=\/wp\/v2\/media\/24184"}],"wp:attachment":[{"href":"https:\/\/atecordoba.org\/index.php?rest_route=%2Fwp%2Fv2%2Fmedia&parent=24180"}],"wp:term":[{"taxonomy":"category","embeddable":true,"href":"https:\/\/atecordoba.org\/index.php?rest_route=%2Fwp%2Fv2%2Fcategories&post=24180"},{"taxonomy":"post_tag","embeddable":true,"href":"https:\/\/atecordoba.org\/index.php?rest_route=%2Fwp%2Fv2%2Ftags&post=24180"}],"curies":[{"name":"wp","href":"https:\/\/api.w.org\/{rel}","templated":true}]}}