{"id":24101,"date":"2021-01-13T13:05:12","date_gmt":"2021-01-13T16:05:12","guid":{"rendered":"https:\/\/atecordoba.org\/?p=24101"},"modified":"2021-01-13T13:05:12","modified_gmt":"2021-01-13T16:05:12","slug":"mas-apoyos-internacionales-al-reclamo-de-salud-publica-de-villa-carlos-paz","status":"publish","type":"post","link":"https:\/\/atecordoba.org\/?p=24101","title":{"rendered":"M\u00e1s apoyos internacionales al reclamo de Salud P\u00fablica de Villa Carlos Paz"},"content":{"rendered":"<p><a href=\"https:\/\/atecordoba.org\/wp-content\/uploads\/2021\/01\/CIG-COnf-Carlos-Paz.jpg\"><img loading=\"lazy\" decoding=\"async\" class=\"alignleft  wp-image-24105\" src=\"https:\/\/atecordoba.org\/wp-content\/uploads\/2021\/01\/CIG-COnf-Carlos-Paz-300x139.jpg\" alt=\"\" width=\"414\" height=\"192\" srcset=\"https:\/\/atecordoba.org\/wp-content\/uploads\/2021\/01\/CIG-COnf-Carlos-Paz-300x139.jpg 300w, https:\/\/atecordoba.org\/wp-content\/uploads\/2021\/01\/CIG-COnf-Carlos-Paz-1024x475.jpg 1024w, https:\/\/atecordoba.org\/wp-content\/uploads\/2021\/01\/CIG-COnf-Carlos-Paz-768x356.jpg 768w, https:\/\/atecordoba.org\/wp-content\/uploads\/2021\/01\/CIG-COnf-Carlos-Paz-750x348.jpg 750w, https:\/\/atecordoba.org\/wp-content\/uploads\/2021\/01\/CIG-COnf-Carlos-Paz.jpg 1080w\" sizes=\"auto, (max-width: 414px) 100vw, 414px\" \/><\/a><\/p>\n<p>A las notas de reclamo interpuestas ayer a las autoridades de Villa Carlos Paz (Intendente y Concejo de Representantes) por parte de la Confederaci\u00f3n Latinoamericana de Trabajadores Estatales (CLATE) -que nuclea a 5 millones de estatales de 18 pa\u00edses de nuestra regi\u00f3n- y la Confederaci\u00f3n Sindical ELA y el Sindicato LAB (entidades sindicales del Pa\u00eds Vasco),<strong> se sumaron hoy las notas de reclamo enviadas por la Confederaci\u00f3n Sindical Internacional (CSI), -que representa a 200 millones de trabajadores\/as en 163 pa\u00edses y territorios- y la Confederaci\u00f3n Intersindical Galega.<\/strong><\/p>\n<p><strong>Desde la CSI exhortaron<\/strong> -en la nota dirigida al Intendente Daniel G\u00f3mez Gesteira, firmada por Ayuba Wabba, presidente de la entidad global y por Sharan Burrow, Secretaria General-, a que &#8220;su gobierno tome todas las medidas, en consulta con las organizaciones sindicales, para <strong>la reincorporaci\u00f3n inmediata de los y las trabajadoras despedidas a sus puestos de trabajo<\/strong>&#8220;.<\/p>\n<p>Por su parte, <strong>la<\/strong> <strong>Confederaci\u00f3n Intersindical Galega <\/strong>manifest\u00f3 que emplaza<strong> &#8220;a las personas responsables, a que dejen sin efecto estos despidos, readmitan al personal, e inicien un proceso de negociaci\u00f3n con los trabajadores y trabajadoras, y con sus representantes sindicales, como \u00fanica manera justa y democr\u00e1tica de resolver un conflicto que nunca debe llegar a estos l\u00edmites, y menos con esta situaci\u00f3n de pandemia&#8221;.<\/strong><\/p>\n<p>Compartimos, a continuaci\u00f3n, <strong>ambos comunicados completos<\/strong>:<\/p>\n<a href=\"https:\/\/atecordoba.org\/wp-content\/uploads\/2021\/01\/protest_cordoba_argentina_130121-Confederaci\u00f3n-Sindical-Internacional.pdf\" class=\"pdfemb-viewer\" style=\"\" data-width=\"max\" data-height=\"max\" data-toolbar=\"bottom\" data-toolbar-fixed=\"off\">protest_cordoba_argentina_130121 - Confederaci\u00f3n Sindical Internacional<\/a>\n<a href=\"https:\/\/atecordoba.org\/wp-content\/uploads\/2021\/01\/SOLIDARIDAD-CIG-CON-TRAB.-SALUD-DE-VILLA-CARLOS-PAZ-ARGENTINA.pdf\" class=\"pdfemb-viewer\" style=\"\" data-width=\"max\" data-height=\"max\" data-toolbar=\"bottom\" data-toolbar-fixed=\"off\">SOLIDARIDAD CIG CON TRAB. SALUD DE VILLA CARLOS PAZ ,ARGENTINA<\/a>\n","protected":false},"excerpt":{"rendered":"<p>A las notas de reclamo interpuestas ayer a las autoridades de Villa Carlos Paz (Intendente y Concejo de Representantes) por parte de la Confederaci\u00f3n Latinoamericana de Trabajadores Estatales (CLATE) -que nuclea a 5 millones de estatales de 18 pa\u00edses de nuestra regi\u00f3n- y la Confederaci\u00f3n Sindical ELA y el Sindicato LAB (entidades sindicales del Pa\u00eds [&hellip;]<\/p>\n","protected":false},"author":6,"featured_media":24105,"comment_status":"open","ping_status":"open","sticky":false,"template":"","format":"standard","meta":{"_exactmetrics_skip_tracking":false,"_exactmetrics_sitenote_active":false,"_exactmetrics_sitenote_note":"","_exactmetrics_sitenote_category":0,"jnews-multi-image_gallery":[],"jnews_single_post":{"source_name":"","source_url":"","via_name":"","via_url":"","override_template":"0","override":[{"template":"1","single_blog_custom":"","parallax":"1","fullscreen":"0","layout":"right-sidebar","sidebar":"default-sidebar","second_sidebar":"default-sidebar","sticky_sidebar":"1","share_position":"top","share_float_style":"share-monocrhome","show_share_counter":"1","show_view_counter":"1","show_featured":"1","show_post_meta":"1","show_post_author":"1","show_post_author_image":"1","show_post_date":"1","post_date_format":"default","post_date_format_custom":"Y\/m\/d","show_post_category":"1","show_post_reading_time":"0","post_reading_time_wpm":"300","show_zoom_button":"0","zoom_button_out_step":"2","zoom_button_in_step":"3","show_post_tag":"1","show_prev_next_post":"1","show_popup_post":"1","number_popup_post":"1","show_author_box":"0","show_post_related":"0","show_inline_post_related":"0"}],"override_image_size":"0","image_override":[{"single_post_thumbnail_size":"crop-500","single_post_gallery_size":"crop-500"}],"trending_post":"0","trending_post_position":"meta","trending_post_label":"Trending","sponsored_post":"0","sponsored_post_label":"Sponsored by","sponsored_post_name":"","sponsored_post_url":"","sponsored_post_logo_enable":"0","sponsored_post_logo":"","sponsored_post_desc":""},"jnews_primary_category":{"id":""},"jnews_social_meta":{"fb_title":"","fb_description":"","fb_image":"","twitter_title":"","twitter_description":"","twitter_image":""},"jnews_review":[],"enable_review":"0","type":"percentage","name":"","summary":"","brand":"","sku":"","good":[{"good_text":""}],"bad":[{"bad_text":""}],"score_override":"","override_value":"","rating":[{"rating_text":"","rating_number":"10"}],"price":[{"shop":"","price":"","link":"","icon":""}],"jnews_override_counter":{"override_view_counter":"0","view_counter_number":"0","override_share_counter":"0","share_counter_number":"0","override_like_counter":"0","like_counter_number":"0","override_dislike_counter":"0","dislike_counter_number":"0"},"jnews_post_split":{"enable_post_split":"0","post_split":[{"template":"1","tag":"h2","numbering":"asc","mode":"normal"}]},"footnotes":""},"categories":[10,341,108,20],"tags":[],"class_list":["post-24101","post","type-post","status-publish","format-standard","has-post-thumbnail","hentry","category-accion-politica","category-cdp","category-internacional","category-municipales"],"jetpack_featured_media_url":"https:\/\/atecordoba.org\/wp-content\/uploads\/2021\/01\/CIG-COnf-Carlos-Paz.jpg","_links":{"self":[{"href":"https:\/\/atecordoba.org\/index.php?rest_route=\/wp\/v2\/posts\/24101","targetHints":{"allow":["GET"]}}],"collection":[{"href":"https:\/\/atecordoba.org\/index.php?rest_route=\/wp\/v2\/posts"}],"about":[{"href":"https:\/\/atecordoba.org\/index.php?rest_route=\/wp\/v2\/types\/post"}],"author":[{"embeddable":true,"href":"https:\/\/atecordoba.org\/index.php?rest_route=\/wp\/v2\/users\/6"}],"replies":[{"embeddable":true,"href":"https:\/\/atecordoba.org\/index.php?rest_route=%2Fwp%2Fv2%2Fcomments&post=24101"}],"version-history":[{"count":2,"href":"https:\/\/atecordoba.org\/index.php?rest_route=\/wp\/v2\/posts\/24101\/revisions"}],"predecessor-version":[{"id":24106,"href":"https:\/\/atecordoba.org\/index.php?rest_route=\/wp\/v2\/posts\/24101\/revisions\/24106"}],"wp:featuredmedia":[{"embeddable":true,"href":"https:\/\/atecordoba.org\/index.php?rest_route=\/wp\/v2\/media\/24105"}],"wp:attachment":[{"href":"https:\/\/atecordoba.org\/index.php?rest_route=%2Fwp%2Fv2%2Fmedia&parent=24101"}],"wp:term":[{"taxonomy":"category","embeddable":true,"href":"https:\/\/atecordoba.org\/index.php?rest_route=%2Fwp%2Fv2%2Fcategories&post=24101"},{"taxonomy":"post_tag","embeddable":true,"href":"https:\/\/atecordoba.org\/index.php?rest_route=%2Fwp%2Fv2%2Ftags&post=24101"}],"curies":[{"name":"wp","href":"https:\/\/api.w.org\/{rel}","templated":true}]}}