{"id":2409,"date":"2013-02-26T13:54:05","date_gmt":"2013-02-26T16:54:05","guid":{"rendered":"http:\/\/www.atecordoba.org\/?p=2409"},"modified":"2013-02-26T13:54:05","modified_gmt":"2013-02-26T16:54:05","slug":"paro-nacional-los-trabajadores-estatales-merecemos-vivir-con-mejores-condiciones-salariales-y-laborales","status":"publish","type":"post","link":"https:\/\/atecordoba.org\/?p=2409","title":{"rendered":"Paro nacional: \u201cLos trabajadores estatales merecemos vivir con mejores condiciones salariales y laborales\u201d"},"content":{"rendered":"<p><em>CAPITAL FEDERAL\/\/ En el acto de cierre de la jornada nacional de paro y movilizaci\u00f3n que\u00a0la ATE\u00a0realiz\u00f3 en todo el pa\u00eds, el secretario general del CDN, Julio Fuentes, cuestion\u00f3 las pol\u00edticas p\u00fablicas de ajuste aplicadas por el gobierno nacional y los gobiernos provinciales y municipios se\u00f1alando que \u201clos trabajadores estatales no nos resignamos a que nos impongan pol\u00edticas de marginaci\u00f3n\u201d y agreg\u00f3: \u201cvamos a seguir luchando porque merecemos vivir en mejores condiciones salariales y laborales\u201d.<\/em><\/p>\n<p><a href=\"http:\/\/www.atecordoba.org\/wp-content\/uploads\/2013\/02\/paro-nacional-1.jpg\"><img loading=\"lazy\" decoding=\"async\" class=\"aligncenter size-full wp-image-2410\" title=\"paro nacional 1\" src=\"http:\/\/www.atecordoba.org\/wp-content\/uploads\/2013\/02\/paro-nacional-1.jpg\" alt=\"\" width=\"310\" height=\"206\" \/><\/a><\/p>\n<p>En la marcha central en\u00a0la Capital\u00a0Federal, que congreg\u00f3 a trabajadores estatales bonaerenses y capitalinos, de la administraci\u00f3n p\u00fablica, docentes y Salud, los distintos gremios \u00a0cuestionaron con \u00a0dureza las pol\u00edticas de recorte del gobernador Scioli y las que en un mismo sentido se aplican desde el Poder Ejecutivo Nacional.<br \/>\n<a href=\"http:\/\/www.atecordoba.org\/wp-content\/uploads\/2013\/02\/paro-nacional-2.jpg\"><img loading=\"lazy\" decoding=\"async\" class=\"aligncenter size-full wp-image-2411\" title=\"paro nacional 2\" src=\"http:\/\/www.atecordoba.org\/wp-content\/uploads\/2013\/02\/paro-nacional-2.jpg\" alt=\"\" width=\"448\" height=\"298\" \/><\/a><\/p>\n<p>En ese marco de ajuste que recae en las provincias Fuentes se\u00f1al\u00f3 la necesidad de impulsar un nuevo r\u00e9gimen de coparticipaci\u00f3n. All\u00ed hizo eje en el desfasaje aplicado en la distribuci\u00f3n de los fondos, entre lo que se queda\u00a0la Naci\u00f3n\u00a0y lo que se deriva a las provincias: \u201cde cada peso que se recauda 75 centavos se los queda el gobierno nacional, 21 centavos recae en los gobiernos provinciales y apenas 4 centavos llegan a los municipios\u201d.\u00a0 Pero Fuentes fue m\u00e1s all\u00e1 en su explicaci\u00f3n de lo que es \u201cuna injusta distribuci\u00f3n de los fondos\u201d se\u00f1alando que \u201cmientras Naci\u00f3n se queda con el grueso del dinero s\u00f3lo mantiene bajo su orbita a s\u00f3lo trescientos mil trabajadores estatales: las provincias con sus 21 centavos deben abonar el salario de dos millones doscientos mil trabajadores y los municipios con 4 centavos por peso pagan a tos mill\u00f3n cien mil trabajadores\u201d.<\/p>\n<p>Para Fuentes esto debe cambiar ya: \u201cas\u00ed los trabajadores estatales estamos condenamos a la pobreza. Hay que cambiar ya porque en muchos distritos ni siquiera se cumple con el pago de los 2.875 pesos que es el salario m\u00ednimo vital y m\u00f3vil\u201d.<\/p>\n<p><a href=\"http:\/\/www.atecordoba.org\/wp-content\/uploads\/2013\/02\/paro-nacional-3.jpg\"><img loading=\"lazy\" decoding=\"async\" class=\"aligncenter size-full wp-image-2412\" title=\"paro nacional 3\" src=\"http:\/\/www.atecordoba.org\/wp-content\/uploads\/2013\/02\/paro-nacional-3.jpg\" alt=\"\" width=\"448\" height=\"298\" \/><\/a><\/p>\n<p>&nbsp;<\/p>\n<p>As\u00ed el titular del CDN cuestion\u00f3 el rol que le cabe a los gobernadores \u201cque en lugar de exigir al poder central un cambio en el rumbo de la coparticipaci\u00f3n aceptan aplicar a rajatabla el ajuste\u201d.<\/p>\n<p>No quedaron fuera de su cr\u00edtica los intendentes para qui\u00e9nes tambi\u00e9n\u00a0 efect\u00fao una fuerte acusaci\u00f3n por perseguir a los trabajadores. Fuentes afirm\u00f3: \u201cen lugar de ir a la justicia porque los trabajadores les cortan las rutas bueno ser\u00eda que desde su lugar se sumen al pedido de una mejor coparticipaci\u00f3n, que adem\u00e1s beneficiar\u00e1 a sus propios pueblos\u201d.<\/p>\n<p>Fuentes tuvo palabras para los trabajadores, que a veces deben dejar su vida por las malas condiciones de trabajo que sufren.\u00a0 En eso hizo hincapi\u00e9 en los hechos recientes de Carmen de Areco donde 2 enfermeras del hospital local fallecieron por contagios. \u201cLo que all\u00ed paso ya no es una excepci\u00f3n sino que se va transformando en algo cotidiano. Todos los a\u00f1os se est\u00e1n muriendo trabajadores estatales por causas que ser\u00edan evitables si el gobierno invirtiera en infraestructura, higiene y con el incremento de capital humano\u201d.<\/p>\n<p>Por \u00faltimo el dirigente destac\u00f3 la lucha de los estatales provinciales afirmando que \u201cas\u00ed como ellos van dando muestras de unidad en la acci\u00f3n los dirigentes debemos seguir ese camino\u201d y en ese sentido agreg\u00f3: \u201chemos escuchado ese reclamo y desde hace un tiempo los que conducimos tambi\u00e9n estamos avanzando hacia ese objetivo porque si algo tenemos muy claro es que no nos resignamos a retroceder en nuestro reclamos\u201d.<\/p>\n<p>&nbsp;<\/p>\n<p><strong>\u201cLa pol\u00edtica del gobernador es vergonzosa\u201d<\/strong><\/p>\n<p>El inicio del acto fue con la palabra del titular de\u00a0la ATEPcia\u00a0de Buenos Aires Oscar de Isasi, qui\u00e9n lament\u00f3 la falta de di\u00e1logo y el encierro pol\u00edtico que muestra el gobernador Daniel Scioli. \u201cDa pesa decirlo pero a dos meses de iniciado el a\u00f1o el gobernador a\u00fan\u00a0 no efect\u00fao una oferta a los trabajadores. Es vergonzoso pero las clases comienzan hoy y no hay una propuesta salarial para nadie\u201d.<\/p>\n<p>Para De Isasi resulta bochornoso que qui\u00e9n se presenta a si mismo como \u201cv\u00edctima\u201d practique pol\u00edticas de ajuste continuo. \u201cNosotros no vamos a permitir el ajuste. El a\u00f1o pasado no dejamos que intentara imponer su aumento salarial. Con nuestra lucha tampoco le permitimos que pagara en c\u00f3modas cuotas el aguinaldo\u201d. \u201cAhora tampoco se lo vamos a permitir\u201d, complet\u00f3.<\/p>\n<p>Los n\u00fameros salariales ya hablan por si s\u00f3lo: el 60% de los trabajadores estatales provinciales cobran un salario que var\u00eda, seg\u00fan la antig\u00fcedad, entre los 3.100 y los 3.800 pesos. Pero el cuestionamiento que plante\u00f3 tambi\u00e9n apunt\u00f3 a los recortes presupuestarios que se hicieron en distintas \u00e1reas. De Isasi subray\u00f3 que en desarrollo Social se quit\u00f3 un punto al presupuesto del a\u00f1o anterior. Y que en el \u00e1rea Salud se repitieron las sumas del a\u00f1o pasado. \u201cLa provincia m\u00e1s rica del pa\u00eds tiene en Salud uno de los presupuestos m\u00e1s bajos\u201d, fue la contundente respuesta del titular provincial.<\/p>\n<p>Si bien hubo una fuerte cr\u00edtica al gobierno nacional, De Isasi acus\u00f3 al gobernador de querer transformarse en v\u00edctima cuando siempre fue socio: \u201cahora quiere trasformarse en un caudillo tard\u00edo y exige cambios en la coparticipaci\u00f3n. Pero durante 5 a\u00f1os fue sost\u00e9n de la desfinanciaci\u00f3n a la provincia. Durante 5 a\u00f1os vot\u00f3 una y cada una de las leyes que impuso el gobierno nacional\u201d.<\/p>\n<p><a href=\"http:\/\/www.atecordoba.org\/wp-content\/uploads\/2013\/02\/paro-nacional-4.jpg\"><img loading=\"lazy\" decoding=\"async\" class=\"aligncenter size-full wp-image-2414\" title=\"paro nacional 4\" src=\"http:\/\/www.atecordoba.org\/wp-content\/uploads\/2013\/02\/paro-nacional-4.jpg\" alt=\"\" width=\"298\" height=\"448\" \/><\/a><\/p>\n<p>El secretario general bonaerense tambi\u00e9n tuvo palabras para las 2 fallecidas en el hospital de Carmen de Areco.\u00a0 \u201cTodos sabemos en las condiciones infrahumanas que se trabaja en los hospitales de la provincia. Y pese a las amenazas en Carmen de Areco los trabajadores se han plantado: el \u00e1rea de Salud requiere urgentemente de mejoras presupuestarias, de personal, insumos. En las condiciones actuales ya no se puede trabajar\u201d.<\/p>\n<p>Antes del cierre De Isasi adelant\u00f3 que la pr\u00f3xima semana habr\u00e1 nuevas medidas de fuerza en la provincia\u00a0 y que a mediados de marzo habr\u00e1 una jornada de lucha con m\u00e1s de 50 cortes que har\u00e1n los trabajadores municipales en todo el territorio provincial.<\/p>\n<p><strong>Jornada de lucha en las provincias \u00a0 \u00a0\u00a0<\/strong><\/p>\n<p><strong>Formosa<\/strong><\/p>\n<p>\u201cCerca de 300 compa\u00f1eros de ATE y otras organizaciones sindicales y sociales se convocaron en Plaza San Mart\u00edn para marchar a la\u00a0 Casa de Gobierno de\u00a0la Provincia\u00a0a la espera de una respuesta del Ejecutivo a las demandas planteadas\u201d, asegur\u00f3 Gabriela Arroyo, delegada normalizadora provincial de ATE.<\/p>\n<p><strong>Santa Fe<\/strong><\/p>\n<p>La medida se realiza sin asistencia a los lugares de trabajo y se encuentran garantizadas las guardias m\u00ednimas en los hospitales y en los comedores escolares se entregar\u00e1n raciones secas de comida.\u00a0 En ese marco, el secretario general de ATE, Jorge Hoffmann, declar\u00f3:\u00a0<em>\u201cel total acatamiento al paro demuestra el rechazo un\u00e1nime a la propuesta salarial. El Gobierno Provincial debe convocar nuevamente a\u00a0la Paritaria\u00a0para evitar que el conflicto salarial se prolongue\u201d<\/em><strong>\u00a0Rosario<\/strong>. El Secretario General de ATE Rosario, Gustavo Mart\u00ednez, defini\u00f3 a la marcha desde Plaza 25 de Mayo hasta la delegaci\u00f3n local del gobierno provincial como \u201cuna de las m\u00e1s grandes de los \u00faltimos tiempos, con una participaci\u00f3n de alrededor 5000 compa\u00f1eros\u201d.<\/p>\n<p>All\u00ed confluyeron gremios estatales, docentes y de otros sindicatos, quienes adhirieron a la jornada de lucha en todas las reparticiones p\u00fablicas con un alto nivel de acatamiento.<\/p>\n<p><strong>Chaco<\/strong><\/p>\n<p>Alto acatamiento al paro en todos los hospitales y administraci\u00f3n p\u00fablica de la provincia.<\/p>\n<p><strong>Jujuy<\/strong><\/p>\n<p>\u201cEl paro sin asistencia los sectores de trabajo tuvo un acatamiento promedio, en toda la provincia, cercano al 80%\u201d, asegur\u00f3 el secretario general de ATE, Fernando Acosta. En algunas localidades hubo movilizaci\u00f3n de compa\u00f1eros y, particularmente en\u00a0La Quiaca, se tom\u00f3 el municipio a la espera de respuestas oficiales a las demandas. Los compa\u00f1eros de La Quiaca resolvieron en asamblea permanecer pacificamente en la sede municipal a la espera de una respuesta a sus reclamos.<\/p>\n<p><strong>San Juan<\/strong><\/p>\n<p>Desde las 10 comenzaron a realizarse asambleas en todos los sectores de trabajo con alta participaci\u00f3n de los compa\u00f1eros<\/p>\n<p><strong>Santiago del Estero<\/strong><\/p>\n<p>Cientos de estatales y docentes santiague\u00f1os marcharon hoy frente a\u00a0la Casa\u00a0de Gobierno provincial, en oposici\u00f3n al magro incremento del 22% en su salarios. Aqu\u00ed hay docentes que cobran s\u00f3lo $1120\u201d, asegur\u00f3 la titular local de ATE, \u00c9lida Ju\u00e1rez.<\/p>\n<p>M\u00e1s temprano, los trabajadores de\u00a0la Subsecretar\u00eda\u00a0de Agricultura Familiar iniciaron un paro de 48 horas, que ma\u00f1ana finalizar\u00e1 con una movilizaci\u00f3n por las calles capitalinas.<\/p>\n<p><strong>Tucum\u00e1n<\/strong><\/p>\n<p>\u201cLa Secretar\u00eda\u00a0de Trabajo provincial de San Miguel de Tucum\u00e1n fue el punto de concentraci\u00f3n de alrededor 800 compa\u00f1eros, quienes entregaron un petitorio de demandas a las autoridades que hasta ellos se acercaron\u201d, asegur\u00f3 Jorge Flores, Secretario Gremial de ATE.<\/p>\n<p><strong>Neuqu\u00e9n<\/strong><\/p>\n<p>En el marco del paro nacional, los trabajadores neuquinos se concentraron en el Instituto de Seguridad Social de la provincia, en reclamo de un aumento de las prestaciones sociales del instituto.<\/p>\n<div><strong>Salta<\/strong><br \/>\nCientos de estatales y docentes salte\u00f1os confluyeron en\u00a0la Plaza\u00a09 de Julio junto con otras organizaciones sindicales y sociales, inform\u00f3 el secretario provincial de ATE, Juan Arroyo, qui\u00e9n agreg\u00f3: \u201cla lucha es v\u00e1lida porque no solo en Salta sino en todo el pa\u00eds est\u00e1n sufriendo el impuestazo. Tambi\u00e9n hace falta una nueva ley de financiamiento educativo en especial porque el desfinanciamiento perjudica m\u00e1s a los municipios del interior\u201d.<\/p>\n<p><strong>Mendoza<\/strong><\/p>\n<p>Trabajadores estatales y docentes enrolados en ATE se concentraron durante la ma\u00f1ana en la puerta de\u00a0la Subsecretar\u00eda\u00a0de Trabajo, en oposici\u00f3n al techo salarial impuesto por el ejecutivo provincial. Raquel Blas, secretaria general del gremio, \u201creiter\u00f3 que los trabajadores estatales rechazaremos las propuestas del Gobierno que sean inferiores a lo conseguido el a\u00f1o pasado\u201d.<\/p>\n<div><strong>Chubut<\/strong><br \/>\nLas zonas cordillerana y sur de la provincia fueron epicentro del paro provincial de los trabajadores estatales. La medida de fuerza tuvo alto acatamiento entre los compa\u00f1eros de los hospitales de Comodoro Rivadavia y Rural de la localidad de Sarmiento. En Comodoro, puntualmente, ATE mantiene una larga disputa con el gobierno provincial por el frustrado convenio colectivo para los auxiliares de educaci\u00f3n que abarca a porteros y administrativos de toda la provincia, ya que el Ejecutivo pretende gozar de una paz social por seis meses a cambio del pase a planta de este sector de trabajo. El inicio del ciclo lectivo en Chubut se vio afectado tambi\u00e9n por el paro del sector de porteros afiliados a ATE.<\/p>\n<p><strong>R\u00edo Negro<\/strong><\/p>\n<p>La medida, coincidente con el paro nacional docente, tuvo gran contundencia en distintos organismos estatales (80% de aceptaci\u00f3n) y cont\u00f3 con importantes movilizaciones en General Roca, Bariloche y Viedma.<\/p>\n<p>En General Roca, docentes y estatales marcharon hasta\u00a0la Oficina\u00a0de\u00a0la Obra Social\u00a0IPROSS,\u00a0la Municipalidad\u00a0local yla Delegaci\u00f3n\u00a0del Consejo Provincial de Educaci\u00f3n. En tanto que en Bariloche, la movilizaci\u00f3n sali\u00f3 del Hospital Zonal Dr. Ram\u00f3n Carrillo para concluir en el Centro Administrativo de la ciudad. Y en la capital provincial, la movilizaci\u00f3n lleg\u00f3 hasta los principales organismos de Gobierno.<\/p>\n<p>&#8220;Esta jornada logr\u00f3 expresar el descontento generalizado que hoy existe en todos los sectores a partir del \u00faltimo aumento otorgado. Un 21% promedio, en tres cuotas, incluyendo la zona desfavorable y que no incrementa el valor de guardias y horas extras, resulta inaceptable, se\u00f1al\u00f3 Rodolfo Aguiar, Secretario General de ATE.<\/p>\n<p><strong>C\u00f3rdoba<\/strong><\/p>\n<p>Plaza San Mart\u00edn fue el lugar elegido por los compa\u00f1eros cordobeses para difundir su rechazo a la pauta ofrecida por el gobierno provincial del 26% desdoblado en tres cuotas, que no cubre la p\u00e9rdida del poder adquisitivo del salario durante el 2012 y el acumulado de lo transcurrido durante este a\u00f1o. Junto con los estatales pararon adem\u00e1s los compa\u00f1eros del Personal Civil de las Fuerzas Armadas, seg\u00fan indic\u00f3 Daniel Pawluchuzk, Secretario de Prensa de ATE.<\/p>\n<p><strong>La Rioja<\/strong><\/p>\n<p>Normando Ocampo, secretario general de ATE, asegur\u00f3 que el paro estatal provincial fue casi total. Los compa\u00f1eros, adem\u00e1s, se movilizaron a\u00a0la Plaza\u00a0de los Caudillos Federales en Chilecito, donde tambi\u00e9n confluyeron los compa\u00f1eros docentes, para realizar una radio abierta.<\/p>\n<p><strong>Catamarca:<\/strong><\/p>\n<p>Paro de 24 horas y movilizaci\u00f3n hasta\u00a0la Casa\u00a0de Gobierno, por \u00a0aumento salarial. ATE exige a la gobernadora Corpacci un incremento de 1.500 pesos para trabajadores del estado provincial y municipios.<\/p>\n<p><strong>Corrientes<\/strong><\/p>\n<p>Paro de 24 horas y asambleas en los sectores de trabajo.<\/p>\n<p><strong>Entre R\u00edos<\/strong><\/p>\n<p>Paro de 24 horas con casi 80% de acatamiento. El salario garantizado en la provincia, que est\u00e1 en 2.490 pesos, apenas supera el precio de la canasta b\u00e1sica alimentaria de 2.012 pesos que determina el nivel de indigencia, y muy lejos de la canasta b\u00e1sica total que est\u00e1 en 6.036 pesos seg\u00fan un estudio realizado por ATE Entre R\u00edos con herramientas del antiguo IPC. \u201cEl m\u00ednimo garantizado no alcanza para cubrir la canasta alimentaria\u201d, subray\u00f3 el titular del CDP, Miguel Pelandino, en la convocatoria hecha a los trabajadores.<\/p>\n<p><strong>La Pampa<\/strong><\/p>\n<p>Paro de 24 horas y asambleas en los sectores de trabajo. El CDP se apresta a presentarse a las paritarias con un reclamo de aumento salarial del 30%.<\/p>\n<p><strong>Misiones<\/strong><\/p>\n<p>Paro de 24 horas con asistencia a los lugares de trabajo y \u00a0asambleas, excepto entre los docentes, sector que no asistir\u00e1 a sus lugares de trabajo, por mesa de discusi\u00f3n salarial provincial<\/p>\n<p><strong>San Lu\u00eds<\/strong><br \/>\nParo de 24 horas. El CDP rechaz\u00f3 la semana pasada el aumento salarial que seg\u00fan el gobierno fue del 25. \u201cEs enga\u00f1oso porque en ello se\u00f1alan una suma que se garantiza por la antig\u00fcedad que en realidad no es tal y afecta principalmente a los compa\u00f1eros con m\u00e1s a\u00f1os de antig\u00fcedad, que en la provincia rondan los 28 a\u00f1os\u201d, subray\u00f3 Ra\u00fal Varela titular del CDP.<\/p>\n<p><strong>Santa Cruz<\/strong><br \/>\nEl paro nacional tuvo un alto acatamiento en las 14 localidades. En el caso de R\u00edo Gallegos, los compa\u00f1eros que militan en\u00a0la Agrupaci\u00f3n Nacional\u00a0Unidad y Solidaridad de ATE marcharon junto a otros compa\u00f1eros trabajadores estatales y realizaron un acto frente a la sede del gobierno provincial. El compa\u00f1ero Jorge Lemos, Paritario de nuestro sindicato record\u00f3 que \u201chace 22 meses que los compa\u00f1eros y compa\u00f1eras del estado provincial tenemos nuestros sueldos congelados porque no podemos tener paritaria salarial, pero venimos a decirle a este sistema que quiere sojuzgar de muchas maneras con el apriete, con la opresi\u00f3n que ya no pueden hacerlo, porque a fin de a\u00f1o conseguimos el acuerdo para que los compa\u00f1eros de la administraci\u00f3n p\u00fablica sean todos planta permanente\u201d.<\/p>\n<p>En las localidades del norte provincial se hizo sentir con gran presencia la medida de fuerza, a pesar del intenso temporal que azoto a la zona y provoc\u00f3 grandes inundaciones en localidades como Las Heras y Caleta Olivia. En Los Antiguos se sinti\u00f3 en el municipio con un gran acatamiento, al igual que en Perito Moreno. En San Juli\u00e1n, el acatamiento en el hospital es cercano al 100 por ciento.<\/p>\n<p><strong>Tierra del Fuego<\/strong><\/p>\n<p><strong><\/strong>Paro 24 horas con asamblea en sectores de trabajo, por aumento salarial y adem\u00e1s por el pago de la obra social, escalaf\u00f3n \u00fanico para trabajadores provinciales, cumplimiento en t\u00e9rmino del pago de los salarios y las asignaciones escolares.<\/p>\n<\/div>\n<\/div>\n","protected":false},"excerpt":{"rendered":"<p>CAPITAL FEDERAL\/\/ En el acto de cierre de la jornada nacional de paro y movilizaci\u00f3n que\u00a0la ATE\u00a0realiz\u00f3 en todo el pa\u00eds, el secretario general del CDN, Julio Fuentes, cuestion\u00f3 las pol\u00edticas p\u00fablicas de ajuste aplicadas por el gobierno nacional y los gobiernos provinciales y municipios se\u00f1alando que \u201clos trabajadores estatales no nos resignamos a que [&hellip;]<\/p>\n","protected":false},"author":1,"featured_media":19220,"comment_status":"open","ping_status":"open","sticky":false,"template":"","format":"standard","meta":{"_exactmetrics_skip_tracking":false,"_exactmetrics_sitenote_active":false,"_exactmetrics_sitenote_note":"","_exactmetrics_sitenote_category":0,"jnews-multi-image_gallery":[],"jnews_single_post":[],"jnews_primary_category":[],"jnews_social_meta":[],"jnews_review":[],"enable_review":"","type":"","name":"","summary":"","brand":"","sku":"","good":[],"bad":[],"score_override":"","override_value":"","rating":[],"price":[],"jnews_override_counter":[],"jnews_post_split":[],"footnotes":""},"categories":[18],"tags":[],"class_list":["post-2409","post","type-post","status-publish","format-standard","has-post-thumbnail","hentry","category-nacionales"],"jetpack_featured_media_url":"https:\/\/atecordoba.org\/wp-content\/uploads\/2020\/05\/logo-nuevochico-e1561581322808.png","_links":{"self":[{"href":"https:\/\/atecordoba.org\/index.php?rest_route=\/wp\/v2\/posts\/2409","targetHints":{"allow":["GET"]}}],"collection":[{"href":"https:\/\/atecordoba.org\/index.php?rest_route=\/wp\/v2\/posts"}],"about":[{"href":"https:\/\/atecordoba.org\/index.php?rest_route=\/wp\/v2\/types\/post"}],"author":[{"embeddable":true,"href":"https:\/\/atecordoba.org\/index.php?rest_route=\/wp\/v2\/users\/1"}],"replies":[{"embeddable":true,"href":"https:\/\/atecordoba.org\/index.php?rest_route=%2Fwp%2Fv2%2Fcomments&post=2409"}],"version-history":[{"count":0,"href":"https:\/\/atecordoba.org\/index.php?rest_route=\/wp\/v2\/posts\/2409\/revisions"}],"wp:featuredmedia":[{"embeddable":true,"href":"https:\/\/atecordoba.org\/index.php?rest_route=\/wp\/v2\/media\/19220"}],"wp:attachment":[{"href":"https:\/\/atecordoba.org\/index.php?rest_route=%2Fwp%2Fv2%2Fmedia&parent=2409"}],"wp:term":[{"taxonomy":"category","embeddable":true,"href":"https:\/\/atecordoba.org\/index.php?rest_route=%2Fwp%2Fv2%2Fcategories&post=2409"},{"taxonomy":"post_tag","embeddable":true,"href":"https:\/\/atecordoba.org\/index.php?rest_route=%2Fwp%2Fv2%2Ftags&post=2409"}],"curies":[{"name":"wp","href":"https:\/\/api.w.org\/{rel}","templated":true}]}}