{"id":24081,"date":"2021-01-12T14:14:19","date_gmt":"2021-01-12T17:14:19","guid":{"rendered":"https:\/\/atecordoba.org\/?p=24081"},"modified":"2021-01-12T14:36:09","modified_gmt":"2021-01-12T17:36:09","slug":"preocupacion-internacional-ante-la-situacion-de-las-trabajadoras-es-de-la-salud-de-villa-carlos-paz","status":"publish","type":"post","link":"https:\/\/atecordoba.org\/?p=24081","title":{"rendered":"Preocupaci\u00f3n Internacional ante la situaci\u00f3n de las trabajadoras\/es de la salud de Villa Carlos Paz"},"content":{"rendered":"<figure id=\"attachment_24090\" aria-describedby=\"caption-attachment-24090\" style=\"width: 640px\" class=\"wp-caption aligncenter\"><a href=\"https:\/\/atecordoba.org\/wp-content\/uploads\/2021\/01\/ELA-LAB-CLATE-portada-100.jpg\"><img loading=\"lazy\" decoding=\"async\" class=\"wp-image-24090 \" src=\"https:\/\/atecordoba.org\/wp-content\/uploads\/2021\/01\/ELA-LAB-CLATE-portada-100-300x139.jpg\" alt=\"\" width=\"640\" height=\"297\" srcset=\"https:\/\/atecordoba.org\/wp-content\/uploads\/2021\/01\/ELA-LAB-CLATE-portada-100-300x139.jpg 300w, https:\/\/atecordoba.org\/wp-content\/uploads\/2021\/01\/ELA-LAB-CLATE-portada-100-1024x474.jpg 1024w, https:\/\/atecordoba.org\/wp-content\/uploads\/2021\/01\/ELA-LAB-CLATE-portada-100-768x356.jpg 768w, https:\/\/atecordoba.org\/wp-content\/uploads\/2021\/01\/ELA-LAB-CLATE-portada-100-750x347.jpg 750w, https:\/\/atecordoba.org\/wp-content\/uploads\/2021\/01\/ELA-LAB-CLATE-portada-100.jpg 1080w\" sizes=\"auto, (max-width: 640px) 100vw, 640px\" \/><\/a><figcaption id=\"caption-attachment-24090\" class=\"wp-caption-text\">ELA, LAB y CLATE, repudiaron la violencia institucional del municipio y bregaron por la reincorporaci\u00f3n de las y los despedidos y el reconocimiento del derecho a la libre sindicalizaci\u00f3n.<\/figcaption><\/figure>\n<p><strong>La situaci\u00f3n que atraviesa la Salud P\u00fablica Municipal en Villa Carlos Paz ha adquirido relevancia y notoriedad de car\u00e1cter internacional.<\/strong> La gravedad de los sucesos acontecidos incluyen despidos, traslados compulsivos y persecuci\u00f3n sindical, situaciones de violencia institucional ejercidas por el Ejecutivo Municipal y sus cuadros medios de direcci\u00f3n pol\u00edtica, amparados en el miedo a perder el empleo de parte de quienes trabajan para dicho municipio. Solo por dar un ejemplo de una de las \u00e1reas municipales, el 83 por ciento de las trabajadoras y trabajadores de la Salud P\u00fablica Municipal posee contratos precarios que se renuevan cada 3, 6 o 12 meses, durante a\u00f1os, sujetas las renovaciones a la discrecionalidad de las\/los funcionarios\/as de turno, haciendo imposible -o sumamente peligroso para el sostenimiento de la fuente laboral- el ejercer el leg\u00edtimo derecho a la protesta y a la libre organizaci\u00f3n sindical.<\/p>\n<p><strong>Ante estas situaciones, la Confederaci\u00f3n Latinoamericana de Trabajadoras\/es Estatales (CLATE)<\/strong>, organizaci\u00f3n sindical internacional que re\u00fane a sindicatos de trabajadores del sector p\u00fablico de 18 pa\u00edses de Am\u00e9rica Latina y el Caribe -fundada en 1967 e integrada por m\u00e1s de 87 organizaciones sindicales de la regi\u00f3n-, <strong>y la Confederaci\u00f3n Sindical ELA del Pa\u00eds Vasco<\/strong>, fundada en 1911 y con m\u00e1s de 100 mil trabajadoras\/es afiliados, <strong>enviaron notas manifestando su preocupaci\u00f3n y la solidaridad para con los reclamos de las y los trabajadores.<\/strong> Las misivas (reproducidas completas al final) fueron dirigidas al intendente y a los Concejales de Villa Carlos Paz.<\/p>\n<p><a href=\"https:\/\/atecordoba.org\/wp-content\/uploads\/2021\/01\/CLATE-infograf\u00eda.jpg\"><img loading=\"lazy\" decoding=\"async\" class=\"alignleft size-medium wp-image-24084\" src=\"https:\/\/atecordoba.org\/wp-content\/uploads\/2021\/01\/CLATE-infograf\u00eda-300x134.jpg\" alt=\"\" width=\"300\" height=\"134\" srcset=\"https:\/\/atecordoba.org\/wp-content\/uploads\/2021\/01\/CLATE-infograf\u00eda-300x134.jpg 300w, https:\/\/atecordoba.org\/wp-content\/uploads\/2021\/01\/CLATE-infograf\u00eda.jpg 337w\" sizes=\"auto, (max-width: 300px) 100vw, 300px\" \/><\/a><\/p>\n<p><strong>La CLATE, en su comunicaci\u00f3n, manifest\u00f3: &#8220;repudiamos los despidos, traslados y toda violencia<\/strong> ejercida contra cualquiera de los 5 millones de afiliados\/as a nuestras organizaciones de base, <strong>m\u00e1s cuando los ataques invisten el car\u00e1cter manifiesto de violencia institucional por motivos sindicales<\/strong> como los que se suscitan en la Municipalidad de Villa Carlos Paz&#8221;.<\/p>\n<p>Al respecto, la misiva de CLATE -firmada por el Vicepresidente 2\u00ba de la organizaci\u00f3n, Herminio Cahue Calder\u00f3n del SUTEYM, M\u00e9xico; Jo\u00e3o Domingos Gomes Dos Santos, Vicepresidente 1\u00ba, perteneciente a la CSPB, Brasil; y el presidente, Julio Fuentes de Argentina- alert\u00f3 acerca de &#8220;las condiciones de precariedad estructural que inviste el trabajo en el Estado local, (a las que) se suman grav\u00edsimas denuncias de persecuci\u00f3n sindical, con amenazas e intimidaciones; traslados y despidos encubiertos -producto de la fr\u00e1gil situaci\u00f3n contractual que el Municipio mantiene a perpetuidad con sus trabajadoras\/es-; pr\u00e1cticas desleales como el pase de lista de las y los presentes a Asambleas debidamente notificadas al Ministerio de Trabajo y a la patronal local; y el desconocimiento de la voluntad que mayoritariamente han manifestado las trabajadoras y trabajadores de la Salud Municipal de pertenecer a la Asociaci\u00f3n Trabajadores del Estado (ATE) de la Rep\u00fablica Argentina, organizaci\u00f3n gremial con personer\u00eda jur\u00eddica n\u00famero 2 y con \u00e1mbito en los estados Nacional, Provinciales y Municipales&#8221;. <a href=\"https:\/\/atecordoba.org\/wp-content\/uploads\/2020\/06\/BannerCuadradoCLATE.jpeg\"><img loading=\"lazy\" decoding=\"async\" class=\"alignright size-medium wp-image-20192\" src=\"https:\/\/atecordoba.org\/wp-content\/uploads\/2020\/06\/BannerCuadradoCLATE-300x300.jpeg\" alt=\"\" width=\"300\" height=\"300\" srcset=\"https:\/\/atecordoba.org\/wp-content\/uploads\/2020\/06\/BannerCuadradoCLATE-300x300.jpeg 300w, https:\/\/atecordoba.org\/wp-content\/uploads\/2020\/06\/BannerCuadradoCLATE.jpeg 1024w, https:\/\/atecordoba.org\/wp-content\/uploads\/2020\/06\/BannerCuadradoCLATE-150x150.jpeg 150w, https:\/\/atecordoba.org\/wp-content\/uploads\/2020\/06\/BannerCuadradoCLATE-768x768.jpeg 768w, https:\/\/atecordoba.org\/wp-content\/uploads\/2020\/06\/BannerCuadradoCLATE-560x560.jpeg 560w, https:\/\/atecordoba.org\/wp-content\/uploads\/2020\/06\/BannerCuadradoCLATE-75x75.jpeg 75w, https:\/\/atecordoba.org\/wp-content\/uploads\/2020\/06\/BannerCuadradoCLATE-750x750.jpeg 750w\" sizes=\"auto, (max-width: 300px) 100vw, 300px\" \/><\/a><\/p>\n<p>Desde CLATE afirmaron que &#8220;la v\u00eda de resoluci\u00f3n de los diferendos, a esta altura del desarrollo de la vida democr\u00e1tica de nuestras naciones&#8221; es la del<strong> &#8220;respeto al di\u00e1logo y la pluralidad sindical&#8221;<\/strong>. En este sentido, desde la Confederaci\u00f3n Latinoamericana recordaron que existe &#8220;abundante legislaci\u00f3n en materia laboral tanto en el caso argentino como latinoamericano e internacional&#8221;, m\u00e1xime cuando un grupo tan importante en<br \/>\nrelaci\u00f3n a la totalidad de trabajadores de la salud municipal &#8220;decide organizarse en un sindicato como ATE, en convivencia con otra organizaci\u00f3n gremial&#8221;. &#8220;Vale recordar, como refuerzo a este punto -enuncian desde CLATE-, que <strong>en Argentina rige el principio de pluralidad sindical especialmente en el \u00e1mbito p\u00fablico y que, de tal forma, la ley ampara a las trabajadoras y trabajadores que en su Villa Carlos Paz decidieron organizarse en ATE,<\/strong> completando a tal fin sus fichas de afiliaci\u00f3n y eligiendo sus delegados\/as normalizadores\/as -todas actuaciones comunicadas fehacientemente tanto a usted como al Ministerio de Trabajo de la Naci\u00f3n-&#8220;.<\/p>\n<p>&#8220;Por todo ello -finaliza la nota- y apelando a su buen entendimiento para instruir a que se finalice con la violencia institucional y las pr\u00e1cticas intimidatorias por parte del Municipio para con todos aquellos\/as que decidan organizarse en ATE y reclamar por el reconocimiento de derechos laborales conculcados en la Constituci\u00f3n Nacional y las Leyes; as\u00ed como tambi\u00e9n aguardando la reinstalaci\u00f3n en sus puestos de trabajo de las\/los despedidos\/as y trasladados\/as injustamente por motivos persecutorios&#8221;.<\/p>\n<p><strong>Desde Europa, tambi\u00e9n<a href=\"https:\/\/atecordoba.org\/wp-content\/uploads\/2021\/01\/ELA-pais-vasco-logo.png\"><img loading=\"lazy\" decoding=\"async\" class=\"alignright size-medium wp-image-24085\" src=\"https:\/\/atecordoba.org\/wp-content\/uploads\/2021\/01\/ELA-pais-vasco-logo-300x165.png\" alt=\"\" width=\"300\" height=\"165\" srcset=\"https:\/\/atecordoba.org\/wp-content\/uploads\/2021\/01\/ELA-pais-vasco-logo-300x165.png 300w, https:\/\/atecordoba.org\/wp-content\/uploads\/2021\/01\/ELA-pais-vasco-logo-750x413.png 750w, https:\/\/atecordoba.org\/wp-content\/uploads\/2021\/01\/ELA-pais-vasco-logo.png 769w\" sizes=\"auto, (max-width: 300px) 100vw, 300px\" \/><\/a><\/strong><\/p>\n<p>&#8220;La pandemia del COVID-19 que estamos padeciendo en todos los rincones del mundo, ha dejado en evidencia cuales son de verdad las labores esenciales para el sostenimiento de la vida y las y los trabajadores de la salud constituyen uno de esos colectivos esenciales. Parad\u00f3jicamente, muchos de estos trabajos pese a su enorme relevancia, se desempe\u00f1an en condiciones de gran precariedad. <strong>Este es el caso de\u00a0 las\/os trabajadoras\/es del sector de la salud y los cuidados que se han sido represaliados en el Municipio Villa Carlos Paz, por reivindicar la leg\u00edtima mejora de sus condiciones de trabajo y ejercer el derecho a la libertad sindical&#8221;, manifestaron desde la Confederaci\u00f3n Sindical ELA del Pa\u00eds Vasco.<\/strong><\/p>\n<p>La nota est\u00e1 dirigida al Intendente Municipal, Daniel G\u00f3mez Gesteira; al Secretario de Salud P\u00fablica, Lic. Julio Niz; a la Secretar\u00eda de Gobierno y Coordinaci\u00f3n y al Concejo de Representantes de Villa Carlos Paz y lleva la firma de Laura Gonzalez de Txabarri, Secretaria Relaciones Internacionales y Miembro del Comit\u00e9 Ejecutivo de ELA. La dirigente internacionalista manifest\u00f3 que &#8220;queremos transmitir todo nuestro apoyo y solidaridad a las trabajadoras y trabajadores de la salud del Municipio Villa Carlos Paz, por los despidos y traslados de que han sido objeto por parte del Gobierno de G\u00f3mez Gesteira. Han sido represaliados por defender su leg\u00edtimos intereses y ejercer el derecho a la libertad sindical, derecho fundamental consagrado en la Constituci\u00f3n Nacional argentina, en los Convenios 87 y 98 de la OIT y en diversos tratados internacionales de Derechos Humanos&#8221;, advirti\u00f3 y concluy\u00f3: &#8220;toda nuestra solidaridad con nuestras compa\u00f1eras y compa\u00f1eros y todo nuestro apoyo a sus justas reivindicaciones y a las movilizaciones organizadas para denunciar\u00a0 la injusticia y arbitrariedad de las medidas adoptas, de las que exigimos su inmediata revocaci\u00f3n&#8221;.<\/p>\n<p>Por su parte, <strong>el sindicato LAB<\/strong> -tambi\u00e9n del pa\u00eds vasco, fundado<img loading=\"lazy\" decoding=\"async\" class=\"alignright wp-image-24093\" src=\"https:\/\/atecordoba.org\/wp-content\/uploads\/2021\/01\/Sindicato-LAB-pa\u00eds-vasco-Nota-212x300.jpg\" alt=\"\" width=\"269\" height=\"381\" srcset=\"https:\/\/atecordoba.org\/wp-content\/uploads\/2021\/01\/Sindicato-LAB-pa\u00eds-vasco-Nota-212x300.jpg 212w, https:\/\/atecordoba.org\/wp-content\/uploads\/2021\/01\/Sindicato-LAB-pa\u00eds-vasco-Nota-724x1024.jpg 724w, https:\/\/atecordoba.org\/wp-content\/uploads\/2021\/01\/Sindicato-LAB-pa\u00eds-vasco-Nota-768x1086.jpg 768w, https:\/\/atecordoba.org\/wp-content\/uploads\/2021\/01\/Sindicato-LAB-pa\u00eds-vasco-Nota-1087x1536.jpg 1087w, https:\/\/atecordoba.org\/wp-content\/uploads\/2021\/01\/Sindicato-LAB-pa\u00eds-vasco-Nota-750x1060.jpg 750w, https:\/\/atecordoba.org\/wp-content\/uploads\/2021\/01\/Sindicato-LAB-pa\u00eds-vasco-Nota.jpg 1132w\" sizes=\"auto, (max-width: 269px) 100vw, 269px\" \/>\u00a0en 1974, con 45000 afiliados y parte de la Federaci\u00f3n Sindical\u00a0 Mundial- <strong>denunci\u00f3 ante la comunidad internacional &#8220;la represi\u00f3n sindical en el Municipio de Villa Carlos Paz, Provincia de C\u00f3rdoba, Argentina&#8221;<\/strong>. &#8220;Desde LAB aspiramos a poder democratizar las relaciones laborales y es por ello que nos resulta inadmisible una represi\u00f3n sindical como la que est\u00e1n viviendo las y los trabajadores de la salud de Villa Carlos Paz&#8221;, expresaron y ratificaron: <strong>&#8220;Denunciaremos alto y claro all\u00e1 donde sea necesario semejante atropello a las libertades y a los derechos m\u00e1s elementales y defenderemos a las y los trabajadores all\u00ed donde sea necesario&#8221;<\/strong>. Para concluir, desde LAB expresaron que aguardan de la gesti\u00f3n de la intendencia <strong>&#8220;una soluci\u00f3n a un conflicto que solo podr\u00e1 resolverse revirtiendo los despidos de las y los trabajadores&#8221;<\/strong>.<\/p>\n<p>&nbsp;<\/p>\n<a href=\"https:\/\/atecordoba.org\/wp-content\/uploads\/2021\/01\/NOTAIntendente.pdf\" class=\"pdfemb-viewer\" style=\"\" data-width=\"max\" data-height=\"max\" data-toolbar=\"bottom\" data-toolbar-fixed=\"off\">NOTAIntendente<\/a>\n<a href=\"https:\/\/atecordoba.org\/wp-content\/uploads\/2021\/01\/Adhesi\u00f3n-ELA-Pa\u00eds-Vasco.pdf\" class=\"pdfemb-viewer\" style=\"\" data-width=\"max\" data-height=\"max\" data-toolbar=\"bottom\" data-toolbar-fixed=\"off\">Adhesi\u00f3n ELA Pa\u00eds Vasco<\/a>\n<p>&nbsp;<\/p>\n","protected":false},"excerpt":{"rendered":"<p>La situaci\u00f3n que atraviesa la Salud P\u00fablica Municipal en Villa Carlos Paz ha adquirido relevancia y notoriedad de car\u00e1cter internacional. La gravedad de los sucesos acontecidos incluyen despidos, traslados compulsivos y persecuci\u00f3n sindical, situaciones de violencia institucional ejercidas por el Ejecutivo Municipal y sus cuadros medios de direcci\u00f3n pol\u00edtica, amparados en el miedo a perder [&hellip;]<\/p>\n","protected":false},"author":6,"featured_media":24090,"comment_status":"open","ping_status":"open","sticky":false,"template":"","format":"standard","meta":{"_exactmetrics_skip_tracking":false,"_exactmetrics_sitenote_active":false,"_exactmetrics_sitenote_note":"","_exactmetrics_sitenote_category":0,"jnews-multi-image_gallery":[],"jnews_single_post":{"source_name":"","source_url":"","via_name":"","via_url":"","override_template":"0","override":[{"template":"1","single_blog_custom":"","parallax":"1","fullscreen":"0","layout":"right-sidebar","sidebar":"default-sidebar","second_sidebar":"default-sidebar","sticky_sidebar":"1","share_position":"top","share_float_style":"share-monocrhome","show_share_counter":"1","show_view_counter":"1","show_featured":"1","show_post_meta":"1","show_post_author":"1","show_post_author_image":"1","show_post_date":"1","post_date_format":"default","post_date_format_custom":"Y\/m\/d","show_post_category":"1","show_post_reading_time":"0","post_reading_time_wpm":"300","show_zoom_button":"0","zoom_button_out_step":"2","zoom_button_in_step":"3","show_post_tag":"1","show_prev_next_post":"1","show_popup_post":"1","number_popup_post":"1","show_author_box":"0","show_post_related":"0","show_inline_post_related":"0"}],"override_image_size":"0","image_override":[{"single_post_thumbnail_size":"crop-500","single_post_gallery_size":"crop-500"}],"trending_post":"0","trending_post_position":"meta","trending_post_label":"Trending","sponsored_post":"0","sponsored_post_label":"Sponsored by","sponsored_post_name":"","sponsored_post_url":"","sponsored_post_logo_enable":"0","sponsored_post_logo":"","sponsored_post_desc":""},"jnews_primary_category":{"id":""},"jnews_social_meta":{"fb_title":"","fb_description":"","fb_image":"","twitter_title":"","twitter_description":"","twitter_image":""},"jnews_review":[],"enable_review":"0","type":"percentage","name":"","summary":"","brand":"","sku":"","good":[{"good_text":""}],"bad":[{"bad_text":""}],"score_override":"","override_value":"","rating":[{"rating_text":"","rating_number":"10"}],"price":[{"shop":"","price":"","link":"","icon":""}],"jnews_override_counter":{"override_view_counter":"0","view_counter_number":"0","override_share_counter":"0","share_counter_number":"0","override_like_counter":"0","like_counter_number":"0","override_dislike_counter":"0","dislike_counter_number":"0"},"jnews_post_split":{"enable_post_split":"0","post_split":[{"template":"1","tag":"h2","numbering":"asc","mode":"normal"}]},"footnotes":""},"categories":[129,341,20],"tags":[],"class_list":["post-24081","post","type-post","status-publish","format-standard","has-post-thumbnail","hentry","category-clate","category-cdp","category-municipales"],"jetpack_featured_media_url":"https:\/\/atecordoba.org\/wp-content\/uploads\/2021\/01\/ELA-LAB-CLATE-portada-100.jpg","_links":{"self":[{"href":"https:\/\/atecordoba.org\/index.php?rest_route=\/wp\/v2\/posts\/24081","targetHints":{"allow":["GET"]}}],"collection":[{"href":"https:\/\/atecordoba.org\/index.php?rest_route=\/wp\/v2\/posts"}],"about":[{"href":"https:\/\/atecordoba.org\/index.php?rest_route=\/wp\/v2\/types\/post"}],"author":[{"embeddable":true,"href":"https:\/\/atecordoba.org\/index.php?rest_route=\/wp\/v2\/users\/6"}],"replies":[{"embeddable":true,"href":"https:\/\/atecordoba.org\/index.php?rest_route=%2Fwp%2Fv2%2Fcomments&post=24081"}],"version-history":[{"count":6,"href":"https:\/\/atecordoba.org\/index.php?rest_route=\/wp\/v2\/posts\/24081\/revisions"}],"predecessor-version":[{"id":24095,"href":"https:\/\/atecordoba.org\/index.php?rest_route=\/wp\/v2\/posts\/24081\/revisions\/24095"}],"wp:featuredmedia":[{"embeddable":true,"href":"https:\/\/atecordoba.org\/index.php?rest_route=\/wp\/v2\/media\/24090"}],"wp:attachment":[{"href":"https:\/\/atecordoba.org\/index.php?rest_route=%2Fwp%2Fv2%2Fmedia&parent=24081"}],"wp:term":[{"taxonomy":"category","embeddable":true,"href":"https:\/\/atecordoba.org\/index.php?rest_route=%2Fwp%2Fv2%2Fcategories&post=24081"},{"taxonomy":"post_tag","embeddable":true,"href":"https:\/\/atecordoba.org\/index.php?rest_route=%2Fwp%2Fv2%2Ftags&post=24081"}],"curies":[{"name":"wp","href":"https:\/\/api.w.org\/{rel}","templated":true}]}}