{"id":24067,"date":"2021-01-08T15:25:53","date_gmt":"2021-01-08T18:25:53","guid":{"rendered":"https:\/\/atecordoba.org\/?p=24067"},"modified":"2021-01-08T15:29:32","modified_gmt":"2021-01-08T18:29:32","slug":"ate-le-pide-al-presidente-la-continuidad-del-bono-de-5000-para-lxs-trabajadorxs-de-la-salud","status":"publish","type":"post","link":"https:\/\/atecordoba.org\/?p=24067","title":{"rendered":"ATE le pide al Presidente la continuidad del bono de $5000 para las y los trabajadores\/as de la salud"},"content":{"rendered":"<p><a href=\"https:\/\/atecordoba.org\/wp-content\/uploads\/2020\/08\/equipo-de-salud.jpg\"><img loading=\"lazy\" decoding=\"async\" class=\"wp-image-21079 aligncenter\" src=\"https:\/\/atecordoba.org\/wp-content\/uploads\/2020\/08\/equipo-de-salud-300x200.jpg\" alt=\"\" width=\"751\" height=\"500\" srcset=\"https:\/\/atecordoba.org\/wp-content\/uploads\/2020\/08\/equipo-de-salud-300x200.jpg 300w, https:\/\/atecordoba.org\/wp-content\/uploads\/2020\/08\/equipo-de-salud.jpg 512w\" sizes=\"auto, (max-width: 751px) 100vw, 751px\" \/><\/a><\/p>\n<p style=\"font-weight: 400;\"><strong><span style=\"font-style: inherit;\">Carta enviada al Presidente de la Naci\u00f3n, Alberto Fern\u00e1ndez<\/span><\/strong><\/p>\n<p style=\"font-weight: 400;\"><span style=\"font-style: inherit; font-weight: inherit;\">En nombre y representaci\u00f3n del CONSEJO DIRECTIVO NACIONAL de la ASOCIACI\u00d3N TRABAJADORES DEL ESTADO (A.T.E.), entidad sindical de primer grado, con Personer\u00eda Gremial Nro. 2, con domicilio en Av. Belgrano 2527 de la Ciudad Aut\u00f3noma de Bs. As., ante Ud. nos dirigimos y decimos:<\/span><\/p>\n<p style=\"font-weight: 400;\"><span style=\"font-style: inherit; font-weight: inherit;\">Durante el a\u00f1o 2020, signado como el a\u00f1o de la pandemia vimos el fortalecimiento del sistema de salud de todo el pa\u00eds a partir de la decisi\u00f3n del gobierno nacional de recuperar el Ministerio de salud y reconstruir el rol rector en la pol\u00edtica de estado estrat\u00e9gica para enfrentar la crisis socio-sanitaria provocada por la emergencia mundial del coronavirus. As\u00ed los\/as trabajadores\/as de Salud, que siendo atacados por la pandemia neoliberal, con despidos recortes y maltrato sistem\u00e1ticos, continuaron con esfuerzo y compromiso la tarea al servicio del pueblo, recuperando el rumbo y la dignidad de la labor.<\/span><\/p>\n<p style=\"font-weight: 400;\"><span style=\"font-style: inherit; font-weight: inherit;\">En este marco, el gobierno nacional atendi\u00f3 la demanda mediante el otorgamiento por el Decreto 315\/20 con un Bono de $5000 a los trabajadores de salud de todo el pa\u00eds.<\/span><\/p>\n<p style=\"font-weight: 400;\"><span style=\"font-style: inherit; font-weight: inherit;\">La dimensi\u00f3n poblacional y extensi\u00f3n en el tiempo de la pandemia gener\u00f3 la necesidad y la continuidad del derecho al Bono hasta fin de a\u00f1o.<\/span><\/p>\n<p style=\"font-weight: 400;\"><span style=\"font-style: inherit; font-weight: inherit;\">Producto del di\u00e1logo con el Ministerio de Salud, se gener\u00f3 la revisi\u00f3n en la aplicaci\u00f3n del Bono y se fueron corrigiendo errores, incluy\u00e9ndose sectores irracionalmente dejados de lado como los de APS. Toda esta labor igualmente result\u00f3 insuficiente para lograr la tan necesaria equidad en la distribuci\u00f3n y alcance de dicho bono.<\/span><\/p>\n<p style=\"font-weight: 400;\"><span style=\"font-style: inherit; font-weight: inherit;\">Ya en el 2021 la pandemia nos encuentra con la posibilidad de la vacuna como arma para enfrentarla y a la vez en el momento de m\u00e1ximo nivel de contagios y casos positivos, frente a la segunda Ola, tensionando al m\u00e1ximo el sistema de salud. Las mutaciones del virus aparecen en nuestro pa\u00eds y el sistema de vigilancia epidemiol\u00f3gico gen\u00f3mico est\u00e1 en alerta m\u00e1xima<\/span><\/p>\n<p style=\"font-weight: 400;\"><span style=\"font-style: inherit; font-weight: inherit;\">Frente a este cuadro de situaci\u00f3n reiteramos que, para los\/a s trabajadores y trabajadoras de salud quienes, con un desgaste y estr\u00e9s laboral sin precedentes, sostienen una tarea que aumenta y donde muchos dejaron hasta la vida, resulta Urgente la continuidad del bono de $5000 para todos los\/ as trabajadores\/as de salud y su incorporaci\u00f3n definitiva al salario de manera inmediata.<\/span><\/p>\n<p style=\"font-weight: 400;\"><span style=\"font-style: inherit; font-weight: inherit;\">Las\/os trabajadores\/as, siguen previniendo, atendiendo la emergencia y protagonizando la campa\u00f1a de vacunaci\u00f3n m\u00e1s grande de la historia y por eso no hay dudas de la necesidad de atender y resolver esta leg\u00edtima demanda.<\/span><\/p>\n<p style=\"font-weight: 400;\"><span style=\"font-style: inherit; font-weight: inherit;\">Entendiendo que la voluntad del Se\u00f1or Presidente, expresada de modo permanente es resolver las inequidades y reconocer a los\/as trabajadores\/as, que son el coraz\u00f3n del funcionamiento del Sistema Nacional de Salud, es que esperamos una pronta respuesta a nuestro planteo.<\/span><\/p>\n<p style=\"font-weight: 400;\"><span style=\"font-style: inherit; font-weight: inherit;\">HUGO E. GODOY Secretario General<\/span><\/p>\n<p style=\"font-weight: 400;\"><span style=\"font-style: inherit; font-weight: inherit;\">MERCEDES CABEZAS Secretaria de Organizaci\u00f3n<\/span><\/p>\n<p style=\"font-weight: 400;\"><span style=\"font-style: inherit; font-weight: inherit;\">FLAVIO W. VERGARA Director de Convenios Colectivos<\/span><\/p>\n<p style=\"font-weight: 400;\"><span style=\"font-style: inherit; font-weight: inherit;\">RODOLFO ARRECHEA Coordinaci\u00f3n Nacional de Salud<\/span><\/p>\n","protected":false},"excerpt":{"rendered":"<p>Carta enviada al Presidente de la Naci\u00f3n, Alberto Fern\u00e1ndez En nombre y representaci\u00f3n del CONSEJO DIRECTIVO NACIONAL de la ASOCIACI\u00d3N TRABAJADORES DEL ESTADO (A.T.E.), entidad sindical de primer grado, con Personer\u00eda Gremial Nro. 2, con domicilio en Av. Belgrano 2527 de la Ciudad Aut\u00f3noma de Bs. As., ante Ud. nos dirigimos y decimos: Durante el [&hellip;]<\/p>\n","protected":false},"author":6,"featured_media":21079,"comment_status":"open","ping_status":"open","sticky":false,"template":"","format":"standard","meta":{"_exactmetrics_skip_tracking":false,"_exactmetrics_sitenote_active":false,"_exactmetrics_sitenote_note":"","_exactmetrics_sitenote_category":0,"jnews-multi-image_gallery":[],"jnews_single_post":{"source_name":"","source_url":"","via_name":"","via_url":"","override_template":"0","override":[{"template":"1","single_blog_custom":"","parallax":"1","fullscreen":"0","layout":"right-sidebar","sidebar":"default-sidebar","second_sidebar":"default-sidebar","sticky_sidebar":"1","share_position":"top","share_float_style":"share-monocrhome","show_share_counter":"1","show_view_counter":"1","show_featured":"1","show_post_meta":"1","show_post_author":"1","show_post_author_image":"1","show_post_date":"1","post_date_format":"default","post_date_format_custom":"Y\/m\/d","show_post_category":"1","show_post_reading_time":"0","post_reading_time_wpm":"300","show_zoom_button":"0","zoom_button_out_step":"2","zoom_button_in_step":"3","show_post_tag":"1","show_prev_next_post":"1","show_popup_post":"1","number_popup_post":"1","show_author_box":"0","show_post_related":"0","show_inline_post_related":"0"}],"override_image_size":"0","image_override":[{"single_post_thumbnail_size":"crop-500","single_post_gallery_size":"crop-500"}],"trending_post":"0","trending_post_position":"meta","trending_post_label":"Trending","sponsored_post":"0","sponsored_post_label":"Sponsored by","sponsored_post_name":"","sponsored_post_url":"","sponsored_post_logo_enable":"0","sponsored_post_logo":"","sponsored_post_desc":""},"jnews_primary_category":{"id":""},"jnews_social_meta":{"fb_title":"","fb_description":"","fb_image":"","twitter_title":"","twitter_description":"","twitter_image":""},"jnews_review":[],"enable_review":"0","type":"percentage","name":"","summary":"","brand":"","sku":"","good":[{"good_text":""}],"bad":[{"bad_text":""}],"score_override":"","override_value":"","rating":[{"rating_text":"","rating_number":"10"}],"price":[{"shop":"","price":"","link":"","icon":""}],"jnews_override_counter":{"override_view_counter":"0","view_counter_number":"0","override_share_counter":"0","share_counter_number":"0","override_like_counter":"0","like_counter_number":"0","override_dislike_counter":"0","dislike_counter_number":"0"},"jnews_post_split":{"enable_post_split":"0","post_split":[{"template":"1","tag":"h2","numbering":"asc","mode":"normal"}]},"footnotes":""},"categories":[756,341],"tags":[],"class_list":["post-24067","post","type-post","status-publish","format-standard","has-post-thumbnail","hentry","category-consejo-directivo-nacional-cdn","category-cdp"],"jetpack_featured_media_url":"https:\/\/atecordoba.org\/wp-content\/uploads\/2020\/08\/equipo-de-salud.jpg","_links":{"self":[{"href":"https:\/\/atecordoba.org\/index.php?rest_route=\/wp\/v2\/posts\/24067","targetHints":{"allow":["GET"]}}],"collection":[{"href":"https:\/\/atecordoba.org\/index.php?rest_route=\/wp\/v2\/posts"}],"about":[{"href":"https:\/\/atecordoba.org\/index.php?rest_route=\/wp\/v2\/types\/post"}],"author":[{"embeddable":true,"href":"https:\/\/atecordoba.org\/index.php?rest_route=\/wp\/v2\/users\/6"}],"replies":[{"embeddable":true,"href":"https:\/\/atecordoba.org\/index.php?rest_route=%2Fwp%2Fv2%2Fcomments&post=24067"}],"version-history":[{"count":2,"href":"https:\/\/atecordoba.org\/index.php?rest_route=\/wp\/v2\/posts\/24067\/revisions"}],"predecessor-version":[{"id":24069,"href":"https:\/\/atecordoba.org\/index.php?rest_route=\/wp\/v2\/posts\/24067\/revisions\/24069"}],"wp:featuredmedia":[{"embeddable":true,"href":"https:\/\/atecordoba.org\/index.php?rest_route=\/wp\/v2\/media\/21079"}],"wp:attachment":[{"href":"https:\/\/atecordoba.org\/index.php?rest_route=%2Fwp%2Fv2%2Fmedia&parent=24067"}],"wp:term":[{"taxonomy":"category","embeddable":true,"href":"https:\/\/atecordoba.org\/index.php?rest_route=%2Fwp%2Fv2%2Fcategories&post=24067"},{"taxonomy":"post_tag","embeddable":true,"href":"https:\/\/atecordoba.org\/index.php?rest_route=%2Fwp%2Fv2%2Ftags&post=24067"}],"curies":[{"name":"wp","href":"https:\/\/api.w.org\/{rel}","templated":true}]}}