{"id":2406,"date":"2013-02-21T18:14:34","date_gmt":"2013-02-21T21:14:34","guid":{"rendered":"http:\/\/www.atecordoba.org\/?p=2406"},"modified":"2013-02-21T18:14:34","modified_gmt":"2013-02-21T21:14:34","slug":"provincia-la-recomposicion-salarial-en-cuotas-no-alcanza","status":"publish","type":"post","link":"https:\/\/atecordoba.org\/?p=2406","title":{"rendered":"Provincia: la recomposici\u00f3n salarial en cuotas no alcanza"},"content":{"rendered":"<p><em>ATE reclama en funci\u00f3n de las necesidades de los trabajadores y sus familias, no desde la coyuntura del gobierno de turno. En consecuencia planteamos la necesidad de llevar nuestros reclamos por un salario categor\u00eda inicial que iguale la canasta familiar de C\u00f3rdoba, estimada en 7800 pesos.<\/em><\/p>\n<p><a href=\"http:\/\/www.atecordoba.org\/wp-content\/uploads\/2013\/02\/BOMBO-ATE.jpg\"><img loading=\"lazy\" decoding=\"async\" class=\"aligncenter size-full wp-image-2407\" title=\"BOMBO ATE\" src=\"http:\/\/www.atecordoba.org\/wp-content\/uploads\/2013\/02\/BOMBO-ATE.jpg\" alt=\"\" width=\"275\" height=\"183\" \/><\/a><\/p>\n<p>La pauta ofrecida por el gobierno provincial del 26%, desdoblado en tres cuotas, no cubre la p\u00e9rdida del poder adquisitivo del salario durante el 2012 y el acumulado de lo transcurrido durante este a\u00f1o.<\/p>\n<p>En ese marco, rechazamos cualquier oferta diferenciada a sectores en particular, como se da el caso del sector m\u00e9dico, bajo la estrategia oficial de dividir para reinar. Todos los trabajadores de la salud en la provincia tienen las mismas necesidades salariales y, en consecuencia, deben obtener las mismas recomposiciones. Vale se\u00f1alar, que los coeficientes estipulados por ley (N\u00ba7625) deben ser respetados por la patronal, en este caso el gobierno provincial.<\/p>\n<p>En esa l\u00ednea, reiteramos nuestro repudio al pago diferido a los jubilados provinciales, discriminados por la administraci\u00f3n actual respecto a los activos.<\/p>\n<p>Por otro lado, la discusi\u00f3n salarial no debe ocultar los problemas de fondos que sufrimos los trabajadores, relacionados con nuestras condiciones de trabajo: falta de personal (no se alcanza a cubrir los planteles b\u00e1sicos). Esta situaci\u00f3n trae como resultado la extensi\u00f3n de jornadas de trabajo, que afectan a la salud de los compa\u00f1eros por falta de descanso, perdi\u00e9ndose derechos b\u00e1sicos como el franco compensatorio y licencias varias (que son pospuestas por razones de servicio).<\/p>\n<p>Todo genera como resultado una situaci\u00f3n de precarizaci\u00f3n laboral y multiplicidad de tareas, que conllevan a la enfermedad en el \u00e1mbito de trabajo del Estado.<\/p>\n<p>Es evidente que los conflictos en distintos sectores de la administraci\u00f3n p\u00fablica no pueden ser resueltos sin la participaci\u00f3n en paritarias de las organizaciones representativas de los trabajadores provinciales.<\/p>\n","protected":false},"excerpt":{"rendered":"<p>ATE reclama en funci\u00f3n de las necesidades de los trabajadores y sus familias, no desde la coyuntura del gobierno de turno. En consecuencia planteamos la necesidad de llevar nuestros reclamos por un salario categor\u00eda inicial que iguale la canasta familiar de C\u00f3rdoba, estimada en 7800 pesos. La pauta ofrecida por el gobierno provincial del 26%, [&hellip;]<\/p>\n","protected":false},"author":1,"featured_media":19220,"comment_status":"open","ping_status":"open","sticky":false,"template":"","format":"standard","meta":{"_exactmetrics_skip_tracking":false,"_exactmetrics_sitenote_active":false,"_exactmetrics_sitenote_note":"","_exactmetrics_sitenote_category":0,"jnews-multi-image_gallery":[],"jnews_single_post":[],"jnews_primary_category":[],"jnews_social_meta":[],"jnews_review":[],"enable_review":"","type":"","name":"","summary":"","brand":"","sku":"","good":[],"bad":[],"score_override":"","override_value":"","rating":[],"price":[],"jnews_override_counter":[],"jnews_post_split":[],"footnotes":""},"categories":[53,8],"tags":[],"class_list":["post-2406","post","type-post","status-publish","format-standard","has-post-thumbnail","hentry","category-comunicados-de-prensa","category-provinciales"],"jetpack_featured_media_url":"https:\/\/atecordoba.org\/wp-content\/uploads\/2020\/05\/logo-nuevochico-e1561581322808.png","_links":{"self":[{"href":"https:\/\/atecordoba.org\/index.php?rest_route=\/wp\/v2\/posts\/2406","targetHints":{"allow":["GET"]}}],"collection":[{"href":"https:\/\/atecordoba.org\/index.php?rest_route=\/wp\/v2\/posts"}],"about":[{"href":"https:\/\/atecordoba.org\/index.php?rest_route=\/wp\/v2\/types\/post"}],"author":[{"embeddable":true,"href":"https:\/\/atecordoba.org\/index.php?rest_route=\/wp\/v2\/users\/1"}],"replies":[{"embeddable":true,"href":"https:\/\/atecordoba.org\/index.php?rest_route=%2Fwp%2Fv2%2Fcomments&post=2406"}],"version-history":[{"count":0,"href":"https:\/\/atecordoba.org\/index.php?rest_route=\/wp\/v2\/posts\/2406\/revisions"}],"wp:featuredmedia":[{"embeddable":true,"href":"https:\/\/atecordoba.org\/index.php?rest_route=\/wp\/v2\/media\/19220"}],"wp:attachment":[{"href":"https:\/\/atecordoba.org\/index.php?rest_route=%2Fwp%2Fv2%2Fmedia&parent=2406"}],"wp:term":[{"taxonomy":"category","embeddable":true,"href":"https:\/\/atecordoba.org\/index.php?rest_route=%2Fwp%2Fv2%2Fcategories&post=2406"},{"taxonomy":"post_tag","embeddable":true,"href":"https:\/\/atecordoba.org\/index.php?rest_route=%2Fwp%2Fv2%2Ftags&post=2406"}],"curies":[{"name":"wp","href":"https:\/\/api.w.org\/{rel}","templated":true}]}}