{"id":24009,"date":"2021-01-02T20:26:59","date_gmt":"2021-01-02T23:26:59","guid":{"rendered":"https:\/\/atecordoba.org\/?p=24009"},"modified":"2021-01-02T20:26:59","modified_gmt":"2021-01-02T23:26:59","slug":"el-intendente-de-carlos-paz-gomez-gesteira-despide-trabajadores-y-trabajadoras-de-la-salud-en-plena-pandemia-y-posible-rebrote-ademas-del-inicio-de-la-temporada-turistica","status":"publish","type":"post","link":"https:\/\/atecordoba.org\/?p=24009","title":{"rendered":"El Intendente de Carlos Paz G\u00f3mez Gesteira, despide trabajadores y trabajadoras de la salud en plena pandemia y posible rebrote, adem\u00e1s del inicio de la temporada tur\u00edstica"},"content":{"rendered":"<p><b>El Intendente de Carlos Paz G\u00f3mez Gesteira, despide trabajadores y trabajadoras de la salud en plena pandemia y posible rebrote, adem\u00e1s del inicio de la temporada tur\u00edstica<\/b><\/p>\n<p>Mientras el intendente de Villa Carlos Paz, Daniel G\u00f3mez Gesteira, lanzaba fuegos artificiales el pasado 31 de diciembre, dejaba en la calle a siete trabajadores de la salud del Hospital Municipal Sayago.<img loading=\"lazy\" decoding=\"async\" class=\"size-thumbnail wp-image-24010 alignleft\" src=\"https:\/\/atecordoba.org\/wp-content\/uploads\/2021\/01\/IMG-20201231-WA0040-150x150.jpg\" alt=\"\" width=\"150\" height=\"150\" srcset=\"https:\/\/atecordoba.org\/wp-content\/uploads\/2021\/01\/IMG-20201231-WA0040-150x150.jpg 150w, https:\/\/atecordoba.org\/wp-content\/uploads\/2021\/01\/IMG-20201231-WA0040-560x560.jpg 560w, https:\/\/atecordoba.org\/wp-content\/uploads\/2021\/01\/IMG-20201231-WA0040-75x75.jpg 75w\" sizes=\"auto, (max-width: 150px) 100vw, 150px\" \/><\/p>\n<p><span style=\"font-weight: 400;\">La decisi\u00f3n se enmarca en el conflicto por salarios y mejores condiciones laborales que llevan adelante los m\u00e9dicos, enfermeros y personal del Sayago desde hace varios meses. Esta medida arbitraria y discriminatoria es rechazada de plano desde la Asociaci\u00f3n de Trabajadores del Estado (ATE).<\/span><\/p>\n<p><span style=\"font-weight: 400;\">Nuestra entidad sindical, fundada en 1925 y con la Personer\u00eda Gremial n\u00famero 2, la m\u00e1s antigua del pa\u00eds; debe ser reconocida como un actor en la vida gremial de las y los trabajadores municipales, especialmente en el sector salud. Vemos con preocupaci\u00f3n lo que est\u00e1 sucediendo en Carlos Paz en medio de la pandemia y con posibilidad latente de un rebrote en pleno verano.<\/span><\/p>\n<p><span style=\"font-weight: 400;\">Es inentendible que G\u00f3mez Gesteira inaugura la temporada de verano, con estrenos teatrales, fuegos artificiales y a contramano despide y trata como material desechable a la primera l\u00ednea, quienes han sido y son personal esencial para poder hacerle frente a este contexto de incertidumbre mundial.\u00a0<\/span><\/p>\n<p><span style=\"font-weight: 400;\">Este desprecio del Intendente solo demuestra sus pocas intenciones de resoluci\u00f3n del conflicto, insistimos con una mesa de di\u00e1logo que permita dar marcha atr\u00e1s a esta medida nefasta que solo busca ser una herramienta disciplinadora para quienes exigen se cumplan con derechos laborales b\u00e1sicos como son salarios dignos, escala salarial y diferenciada para la planta de salud y estabilidad laboral.<\/span><\/p>\n<p><span style=\"font-weight: 400;\">Hay una cuesti\u00f3n de sensatez, en plena temporada, en una crisis en la que se habla de un rebrote, en lugar de darle mejoras a sus trabajadores, directamente los desecha y eso llama la atenci\u00f3n de que el Intendente no vele por la salud de la poblaci\u00f3n de Carlos Paz y del turismo. A<\/span><span style=\"font-weight: 400;\">pelamos a la cordura del intendente y al di\u00e1logo para que reciba a ATE y que lo reconozca como gremio. Es una contradicci\u00f3n que un hombre de la democracia no permita que haya otras opciones de los trabajadores para que los representen.<\/span><\/p>\n<p><span style=\"font-weight: 400;\">Desde ATE declaramos el estado de alerta con asambleas y medidas de fuerza.<\/span><\/p>\n","protected":false},"excerpt":{"rendered":"<p>El Intendente de Carlos Paz G\u00f3mez Gesteira, despide trabajadores y trabajadoras de la salud en plena pandemia y posible rebrote, adem\u00e1s del inicio de la temporada tur\u00edstica Mientras el intendente de Villa Carlos Paz, Daniel G\u00f3mez Gesteira, lanzaba fuegos artificiales el pasado 31 de diciembre, dejaba en la calle a siete trabajadores de la salud [&hellip;]<\/p>\n","protected":false},"author":3,"featured_media":24010,"comment_status":"open","ping_status":"open","sticky":false,"template":"","format":"standard","meta":{"_exactmetrics_skip_tracking":false,"_exactmetrics_sitenote_active":false,"_exactmetrics_sitenote_note":"","_exactmetrics_sitenote_category":0,"jnews-multi-image_gallery":[],"jnews_single_post":{"source_name":"","source_url":"","via_name":"","via_url":"","override_template":"0","override":[{"template":"1","single_blog_custom":"","parallax":"1","fullscreen":"0","layout":"right-sidebar","sidebar":"default-sidebar","second_sidebar":"default-sidebar","sticky_sidebar":"1","share_position":"top","share_float_style":"share-monocrhome","show_share_counter":"1","show_view_counter":"1","show_featured":"1","show_post_meta":"1","show_post_author":"1","show_post_author_image":"1","show_post_date":"1","post_date_format":"default","post_date_format_custom":"Y\/m\/d","show_post_category":"1","show_post_reading_time":"0","post_reading_time_wpm":"300","show_zoom_button":"0","zoom_button_out_step":"2","zoom_button_in_step":"3","show_post_tag":"1","show_prev_next_post":"1","show_popup_post":"1","number_popup_post":"1","show_author_box":"0","show_post_related":"0","show_inline_post_related":"0"}],"override_image_size":"0","image_override":[{"single_post_thumbnail_size":"crop-500","single_post_gallery_size":"crop-500"}],"trending_post":"0","trending_post_position":"meta","trending_post_label":"Trending","sponsored_post":"0","sponsored_post_label":"Sponsored by","sponsored_post_name":"","sponsored_post_url":"","sponsored_post_logo_enable":"0","sponsored_post_logo":"","sponsored_post_desc":""},"jnews_primary_category":{"id":""},"jnews_social_meta":{"fb_title":"","fb_description":"","fb_image":"","twitter_title":"","twitter_description":"","twitter_image":""},"jnews_review":[],"enable_review":"0","type":"percentage","name":"","summary":"","brand":"","sku":"","good":[{"good_text":""}],"bad":[{"bad_text":""}],"score_override":"","override_value":"","rating":[{"rating_text":"","rating_number":"10"}],"price":[{"shop":"","price":"","link":"","icon":""}],"jnews_override_counter":{"override_view_counter":"0","view_counter_number":"0","override_share_counter":"0","share_counter_number":"0","override_like_counter":"0","like_counter_number":"0","override_dislike_counter":"0","dislike_counter_number":"0"},"jnews_post_split":{"enable_post_split":"0","post_split":[{"template":"1","tag":"h2","numbering":"asc","mode":"normal"}]},"footnotes":""},"categories":[10,53,341,7,118,20],"tags":[],"class_list":["post-24009","post","type-post","status-publish","format-standard","has-post-thumbnail","hentry","category-accion-politica","category-comunicados-de-prensa","category-cdp","category-hospitales","category-legales","category-municipales"],"jetpack_featured_media_url":"https:\/\/atecordoba.org\/wp-content\/uploads\/2021\/01\/IMG-20201231-WA0040.jpg","_links":{"self":[{"href":"https:\/\/atecordoba.org\/index.php?rest_route=\/wp\/v2\/posts\/24009","targetHints":{"allow":["GET"]}}],"collection":[{"href":"https:\/\/atecordoba.org\/index.php?rest_route=\/wp\/v2\/posts"}],"about":[{"href":"https:\/\/atecordoba.org\/index.php?rest_route=\/wp\/v2\/types\/post"}],"author":[{"embeddable":true,"href":"https:\/\/atecordoba.org\/index.php?rest_route=\/wp\/v2\/users\/3"}],"replies":[{"embeddable":true,"href":"https:\/\/atecordoba.org\/index.php?rest_route=%2Fwp%2Fv2%2Fcomments&post=24009"}],"version-history":[{"count":1,"href":"https:\/\/atecordoba.org\/index.php?rest_route=\/wp\/v2\/posts\/24009\/revisions"}],"predecessor-version":[{"id":24011,"href":"https:\/\/atecordoba.org\/index.php?rest_route=\/wp\/v2\/posts\/24009\/revisions\/24011"}],"wp:featuredmedia":[{"embeddable":true,"href":"https:\/\/atecordoba.org\/index.php?rest_route=\/wp\/v2\/media\/24010"}],"wp:attachment":[{"href":"https:\/\/atecordoba.org\/index.php?rest_route=%2Fwp%2Fv2%2Fmedia&parent=24009"}],"wp:term":[{"taxonomy":"category","embeddable":true,"href":"https:\/\/atecordoba.org\/index.php?rest_route=%2Fwp%2Fv2%2Fcategories&post=24009"},{"taxonomy":"post_tag","embeddable":true,"href":"https:\/\/atecordoba.org\/index.php?rest_route=%2Fwp%2Fv2%2Ftags&post=24009"}],"curies":[{"name":"wp","href":"https:\/\/api.w.org\/{rel}","templated":true}]}}