{"id":23978,"date":"2020-12-29T15:20:59","date_gmt":"2020-12-29T18:20:59","guid":{"rendered":"https:\/\/atecordoba.org\/?p=23978"},"modified":"2020-12-29T15:58:57","modified_gmt":"2020-12-29T18:58:57","slug":"ffmm-reincorporan-a-cuatro-trabajadores-despedidos-por-el-macrismo","status":"publish","type":"post","link":"https:\/\/atecordoba.org\/?p=23978","title":{"rendered":"FFMM: reincorporan a cuatro trabajadores despedidos por el macrismo"},"content":{"rendered":"<p><img loading=\"lazy\" decoding=\"async\" class=\"wp-image-23982 aligncenter\" src=\"https:\/\/atecordoba.org\/wp-content\/uploads\/2020\/12\/29-12-Reincorporaci\u00f3n-Rio-Tercero-100-300x200.jpg\" alt=\"\" width=\"764\" height=\"509\" srcset=\"https:\/\/atecordoba.org\/wp-content\/uploads\/2020\/12\/29-12-Reincorporaci\u00f3n-Rio-Tercero-100-300x200.jpg 300w, https:\/\/atecordoba.org\/wp-content\/uploads\/2020\/12\/29-12-Reincorporaci\u00f3n-Rio-Tercero-100.jpg 750w\" sizes=\"auto, (max-width: 764px) 100vw, 764px\" \/><\/p>\n<p>Hoy el secretario General de la Seccional ATE R\u00edo Tercero, Dami\u00e1n Albornoz, recibi\u00f3 la confirmaci\u00f3n por parte de la Direcci\u00f3n de la Fabrica Militar Rio Tercero de cuatro nuevas reincorporaciones que se har\u00e1n efectivas a partir de ma\u00f1ana a las 8hs.<\/p>\n<p>Este avance se da en marco de no claudicar en la exigencia de reincorporaci\u00f3n de todas y todos los trabajadores injustamente despedidos en el proceso del macrismo.<\/p>\n<p>El pasado Martes 22 de diciembre el Director de la Fabrica Militar Jos\u00e9 Maria Lopez hab\u00eda recibido a una delegaci\u00f3n de la CORREDMA, de ATE y se hab\u00eda comprometido a seguir avanzando en m\u00e1s reincorporaciones.<\/p>\n<p>&#8220;Compa\u00f1eros queda mucho por recuperar y avanzar pero este tambi\u00e9n es un gran paso que nos llena de alegr\u00eda y emoci\u00f3n al cumplirse tres a\u00f1os del primer proceso de despidos&#8221;, celebr\u00f3 Albornoz. En el mismo sentido, Federico Giuliani, Secretario General de ATE C\u00f3rdoba exclam\u00f3: &#8220;Fueron m\u00e1s de 700 las trabajadoras y trabajadores que, solo en nuestra provincia, se quedaron sin trabajo producto de las pol\u00edticas neoliberales y de achicamiento de todo lo p\u00fablico que llev\u00f3 adelante el gobierno anterior, seg\u00fan relevamos como CORREDMA en ATE C\u00f3rdoba. Estas reincorporaciones son un paso, importante, s\u00ed: pero necesitamos reconstruir y poner de pie con mucho m\u00e1s \u00e9nfasis todo lo p\u00fablico si realmente queremos una sociedad justa. Porque como siempre decimos, &#8220;no habr\u00e1 Justicia Social con despedidas y despedidos&#8221;, es que seguiremos luchando por todas y cada una de estas personas cuyos sue\u00f1os quedaron truncos por culpa de la ceocracia que gobern\u00f3 nuestro pa\u00eds entre 2015 y 2019&#8243;.<\/p>\n","protected":false},"excerpt":{"rendered":"<p>Hoy el secretario General de la Seccional ATE R\u00edo Tercero, Dami\u00e1n Albornoz, recibi\u00f3 la confirmaci\u00f3n por parte de la Direcci\u00f3n de la Fabrica Militar Rio Tercero de cuatro nuevas reincorporaciones que se har\u00e1n efectivas a partir de ma\u00f1ana a las 8hs. Este avance se da en marco de no claudicar en la exigencia de reincorporaci\u00f3n [&hellip;]<\/p>\n","protected":false},"author":7,"featured_media":23982,"comment_status":"open","ping_status":"open","sticky":true,"template":"","format":"standard","meta":{"_exactmetrics_skip_tracking":false,"_exactmetrics_sitenote_active":false,"_exactmetrics_sitenote_note":"","_exactmetrics_sitenote_category":0,"jnews-multi-image_gallery":[],"jnews_single_post":{"source_name":"","source_url":"","via_name":"","via_url":"","override_template":"0","override":[{"template":"1","single_blog_custom":"","parallax":"1","fullscreen":"0","layout":"right-sidebar","sidebar":"default-sidebar","second_sidebar":"default-sidebar","sticky_sidebar":"1","share_position":"top","share_float_style":"share-monocrhome","show_share_counter":"1","show_view_counter":"1","show_featured":"1","show_post_meta":"1","show_post_author":"1","show_post_author_image":"1","show_post_date":"1","post_date_format":"default","post_date_format_custom":"Y\/m\/d","show_post_category":"1","show_post_reading_time":"0","post_reading_time_wpm":"300","show_zoom_button":"0","zoom_button_out_step":"2","zoom_button_in_step":"3","show_post_tag":"1","show_prev_next_post":"1","show_popup_post":"1","number_popup_post":"1","show_author_box":"0","show_post_related":"0","show_inline_post_related":"0"}],"override_image_size":"0","image_override":[{"single_post_thumbnail_size":"crop-500","single_post_gallery_size":"crop-500"}],"trending_post":"0","trending_post_position":"meta","trending_post_label":"Trending","sponsored_post":"0","sponsored_post_label":"Sponsored by","sponsored_post_name":"","sponsored_post_url":"","sponsored_post_logo_enable":"0","sponsored_post_logo":"","sponsored_post_desc":""},"jnews_primary_category":{"id":""},"jnews_social_meta":{"fb_title":"","fb_description":"","fb_image":"","twitter_title":"","twitter_description":"","twitter_image":""},"jnews_review":[],"enable_review":"0","type":"percentage","name":"","summary":"","brand":"","sku":"","good":[{"good_text":""}],"bad":[{"bad_text":""}],"score_override":"","override_value":"","rating":[{"rating_text":"","rating_number":"10"}],"price":[{"shop":"","price":"","link":"","icon":""}],"jnews_override_counter":{"override_view_counter":"0","view_counter_number":"0","override_share_counter":"0","share_counter_number":"0","override_like_counter":"0","like_counter_number":"0","override_dislike_counter":"0","dislike_counter_number":"0"},"jnews_post_split":{"enable_post_split":"0","post_split":[{"template":"1","tag":"h2","numbering":"asc","mode":"normal"}]},"footnotes":""},"categories":[18,13],"tags":[570],"class_list":["post-23978","post","type-post","status-publish","format-standard","has-post-thumbnail","hentry","category-nacionales","category-rio-tercero","tag-direccion-general-de-fabricaciones-militares"],"jetpack_featured_media_url":"https:\/\/atecordoba.org\/wp-content\/uploads\/2020\/12\/29-12-Reincorporaci\u00f3n-Rio-Tercero-100.jpg","_links":{"self":[{"href":"https:\/\/atecordoba.org\/index.php?rest_route=\/wp\/v2\/posts\/23978","targetHints":{"allow":["GET"]}}],"collection":[{"href":"https:\/\/atecordoba.org\/index.php?rest_route=\/wp\/v2\/posts"}],"about":[{"href":"https:\/\/atecordoba.org\/index.php?rest_route=\/wp\/v2\/types\/post"}],"author":[{"embeddable":true,"href":"https:\/\/atecordoba.org\/index.php?rest_route=\/wp\/v2\/users\/7"}],"replies":[{"embeddable":true,"href":"https:\/\/atecordoba.org\/index.php?rest_route=%2Fwp%2Fv2%2Fcomments&post=23978"}],"version-history":[{"count":6,"href":"https:\/\/atecordoba.org\/index.php?rest_route=\/wp\/v2\/posts\/23978\/revisions"}],"predecessor-version":[{"id":23986,"href":"https:\/\/atecordoba.org\/index.php?rest_route=\/wp\/v2\/posts\/23978\/revisions\/23986"}],"wp:featuredmedia":[{"embeddable":true,"href":"https:\/\/atecordoba.org\/index.php?rest_route=\/wp\/v2\/media\/23982"}],"wp:attachment":[{"href":"https:\/\/atecordoba.org\/index.php?rest_route=%2Fwp%2Fv2%2Fmedia&parent=23978"}],"wp:term":[{"taxonomy":"category","embeddable":true,"href":"https:\/\/atecordoba.org\/index.php?rest_route=%2Fwp%2Fv2%2Fcategories&post=23978"},{"taxonomy":"post_tag","embeddable":true,"href":"https:\/\/atecordoba.org\/index.php?rest_route=%2Fwp%2Fv2%2Ftags&post=23978"}],"curies":[{"name":"wp","href":"https:\/\/api.w.org\/{rel}","templated":true}]}}