{"id":23968,"date":"2020-12-29T12:49:14","date_gmt":"2020-12-29T15:49:14","guid":{"rendered":"https:\/\/atecordoba.org\/?p=23968"},"modified":"2020-12-29T12:49:14","modified_gmt":"2020-12-29T15:49:14","slug":"mas-cuestionamientos-de-la-comunidad-universitaria-a-los-manejos-del-rectorado-de-la-upc","status":"publish","type":"post","link":"https:\/\/atecordoba.org\/?p=23968","title":{"rendered":"M\u00e1s cuestionamientos de la comunidad universitaria a los manejos del rectorado de la UPC"},"content":{"rendered":"<p><img loading=\"lazy\" decoding=\"async\" class=\" wp-image-23796 aligncenter\" src=\"https:\/\/atecordoba.org\/wp-content\/uploads\/2020\/12\/univ-provincial-300x199.jpg\" alt=\"\" width=\"599\" height=\"397\" srcset=\"https:\/\/atecordoba.org\/wp-content\/uploads\/2020\/12\/univ-provincial-300x199.jpg 300w, https:\/\/atecordoba.org\/wp-content\/uploads\/2020\/12\/univ-provincial-768x509.jpg 768w, https:\/\/atecordoba.org\/wp-content\/uploads\/2020\/12\/univ-provincial-750x497.jpg 750w, https:\/\/atecordoba.org\/wp-content\/uploads\/2020\/12\/univ-provincial.jpg 1024w\" sizes=\"auto, (max-width: 599px) 100vw, 599px\" \/>UPC en Movimiento es un espacio de la Universidad Provincial de C\u00f3rdob conformado por docentes, codocentes, estudiantes, egresadas y egresados que naci\u00f3 a partir de la falta de di\u00e1logo de las autoridades universitarias, que conducen la casa de estudios sin atender a las necesidades y reclamos de la comunidad universitaria y, sobre todo, sin adecuarse a los par\u00e1metros de la Ley Superior de Educaci\u00f3n sobre los procesos de normalizaci\u00f3n para obtener la categor\u00eda de universidad p\u00fablica.<\/p>\n<p>En tal sentido, el espacio emiti\u00f3 hoy un documento con duras cr\u00edticas al contubernio que el rectorado emplea con el gremio sectorial docente provincial UEPC, para atentar contra derechos de las y los trabajadores del organismo, as\u00ed como limitar la participaci\u00f3n democr\u00e1tica de estudiantes, egresados y egresadas, a trav\u00e9s de un Acta-Acuerdo conformada a espaldas de la comunidad universitaria.<\/p>\n<p>En sinton\u00eda con el proceso de afiliaci\u00f3n masiva a ATE del personal universitario UPC en Movimiento difundi\u00f3 el documento que plasma muchas de las fuertes cr\u00edticas a las autoridades provinciales.<\/p>\n<p style=\"text-align: center;\"><strong><u>EN DEFENSA DE LA DEMOCRACIA UNIVERSITARIA<\/u><\/strong><\/p>\n<p>&#8220;La Universidad Provincial de C\u00f3rdoba, es una instituci\u00f3n educativa p\u00fablica creada en el a\u00f1o 2007, mediante la ley 9.375 emitida por la Legislatura de la Provincia de C\u00f3rdoba y que desde 2014 se encuentra en la instancia de normalizaci\u00f3n.<\/p>\n<p>La normalizaci\u00f3n, lleva ya casi 7 a\u00f1os contraviniendo lo previsto en el Art. 49 de la Ley de Educaci\u00f3n Superior el cual, en lo pertinente al plazo para democratizar una nueva instituci\u00f3n universitaria,\u00a0 establece: \u201c\u2026.. <strong>adecu\u00e1ndose el proyecto de estatuto a las normas de la presente ley, proceder\u00e1 el Ministerio de Cultura y Educaci\u00f3n a autorizar la puesta en marcha de la nueva instituci\u00f3n, la que deber\u00e1 quedar normalizada en un plazo no superior a los cuatro (4) a\u00f1os a partir de su creaci\u00f3n\u201d.<\/strong><\/p>\n<p>De esta manera, nuestra Universidad Provincial de C\u00f3rdoba debe proceder urgentemente a democratizar sus espacios y dejar sin efecto todos aquellos actos y reglamentos que s\u00f3lo dilatan el cumplimiento del prop\u00f3sito normalizador deviniendo en instrumentos arbitrarios, inconsultos, ileg\u00edtimos y adem\u00e1s en el caso del Acta Acuerdo de fecha 09\/10\/2020 y su reciente modificaci\u00f3n, ilegales por atentar contra el derecho humano a la participaci\u00f3n democr\u00e1tica universal y el derecho humano a la estabilidad laboral.<\/p>\n<p>Respecto a la reciente Acta Acuerdo y su modificatoria firmada entre las Autoridades Rectorales y representantes de la UEPC en el marco de la CPPD debemos decir:<\/p>\n<p>En relaci\u00f3n a la modificaci\u00f3n firmada con fecha 26\/12\/2020, observamos un reconocimiento expl\u00edcito por parte de las partes firmantes de que el Acta Acuerdo se constituye como un instrumento equivocado y de vulneraci\u00f3n de derechos en el proceso de normalizaci\u00f3n que la Universidad transita.<\/p>\n<p>En ese sentido, los cambios realizados nos demuestran \u00a0que acertamos al levantar la voz disidente a tan nefasto instrumento y que indudablemente debemos seguir en el camino que hemos marcado para lograr construir una normativa verdaderamente progresista y democr\u00e1tica que respete los derechos humanos y reglamente con perspectiva de g\u00e9nero.<\/p>\n<blockquote><p>Por otra parte, nos resulta absolutamente preocupante la falta de participaci\u00f3n y di\u00e1logo con quienes decidimos promover el debate profundo sobre las decisiones que se toman en esta instancia hist\u00f3rica de tanta relevancia institucional.<\/p><\/blockquote>\n<p>En ese marco, resulta una decepci\u00f3n que delegadxs que firman la reciente modificatoria lo hagan contraviniendo la voluntad de quienes lxs elegimos para representarnos. Pero no s\u00f3lo ello, sino que tambi\u00e9n con su firma avalan la violencia y discriminaci\u00f3n que sufren sus propios compa\u00f1erxs de trabajo, que tambi\u00e9n han sido designadxs delegadxs y eligen ser consecuentes y leales al mandato de sus bases.<\/p>\n<p>Es este \u00faltimo punto el que como colectivo m\u00e1s nos duele. Pues la violencia de la gesti\u00f3n rectoral y de la patronal Junta Ejecutiva de la UEPC no nos sorprende en absoluto. Ahora bien, la violencia de quienes son nuestrxs propixs compa\u00f1erxs, a los que les depositamos la confianza como delegadxs, es algo que definitivamente no esper\u00e1bamos y que nos deja un enorme sinsabor.<\/p>\n<p>En segundo lugar, consideramos pertinente clarificar que lo que se pretende llevar a cabo, son Falsos Concursos, pues el denominado Concurso para la Regularizaci\u00f3n e Ingreso a la Carrera Docente no prev\u00e9 el otorgamiento de Cargo Docente Universitario ni tampoco el acceso a una categor\u00eda docente universitaria.<\/p>\n<p>Es decir, este \u201cfalso concurso\u201d es, en realidad, una Evaluaci\u00f3n Acad\u00e9mica que tiene como \u00fanico objeto la conformaci\u00f3n del claustro docente universitario para las futuras elecciones a realizarse en la Universidad.<\/p>\n<p>Esto resulta a todas luces incorrecto desde, al menos 3 dimensiones, a saber:<\/p>\n<p><strong>Dimensi\u00f3n Legal:<\/strong> El Acta Acuerdo que se pretende constituir como el instrumento de conformaci\u00f3n del claustro docente viola de manera flagrante el Art. 69 del Estatuto de la \u00a0UPC aprobado mediante Res. E 2717\/2016 del Ministerio de Educaci\u00f3n de la Naci\u00f3n el cual establece: <strong>CLAUSTRO DOCENTE: Se considera que forma parte del personal docente de la Universidad a quien planifica, desarrolla, eval\u00faa procesos de ense\u00f1anza y aprendizaje, o quien colabora con dichos procesos; y a quien realiza investigaci\u00f3n y extensi\u00f3n vinculadas a su disciplina y\/o tarea educativa, en sus distintas categor\u00edas, car\u00e1cter y dedicaci\u00f3n; comprendiendo tambi\u00e9n a aquel profesional que se encuentra cumpliendo funciones directivas de la Universidad.<br \/>\n<\/strong><\/p>\n<blockquote><p>Como puede observarse, la pertenencia al claustro docente la otorga el ejercicio de la labor docente en la instituci\u00f3n y de funciones directivas sin que se exija ning\u00fan otro requisito adicional.<\/p><\/blockquote>\n<p>Este Art. 69 se encuentra en sinton\u00eda con la Ley de Creaci\u00f3n N\u00ba 9375 de la UPC (Art. 4\u00ba, inc. B), con el Art. 78 de la Ley 24.521, con el Art 37 y 75, inc 19 de la CN y con los Tratados Internacionales con Jerarqu\u00eda Constitucional que consagran al derecho a la participaci\u00f3n democr\u00e1tica como un DERECHO HUMANO.<\/p>\n<p>Como puede verse, la ilegalidad del ACTA ACUERDO es MANIFIESTA convirtiendo al instrumento en NULO por afectar el Principio Democr\u00e1tico.<\/p>\n<p><strong>Dimensi\u00f3n Hist\u00f3rica:<\/strong> El Acta Acuerdo cuestionada, desconoce la constituci\u00f3n y desarrollo hist\u00f3rico de nuestra Universidad Provincial de C\u00f3rdoba la cual se cre\u00f3 sobre la base de ocho institutos fundantes. Hablar de instituciones fundantes, no es simplemente referirse a edificios de cemento, sino que nos estamos refiriendo a las comunidades que los habitan y le dan vida a su funcionamiento.<\/p>\n<p>Por tanto, la comunidad de los institutos fundantes, es constituyente de la Universidad Provincial de C\u00f3rdoba desde su misma creaci\u00f3n debiendo, en sinton\u00eda con la ley, considerarse como sujetos de derechos universitarios a toda la comunidad educativa de las instituciones de origen.<\/p>\n<p><strong>Dimensi\u00f3n Simb\u00f3lica<\/strong>: Es esta la dimensi\u00f3n m\u00e1s grave, por la concepci\u00f3n profundamente elitista que el ACTA ACUERDO refleja, pues: Condicionar el ejercicio del derecho a participar en la vida de la Universidad al resultado de una Evaluaci\u00f3n Acad\u00e9mica se traduce por una parte, en una intenci\u00f3n de calificar el derecho a expresarse democr\u00e1ticamente en la vida universitaria y por otra, en una desvirtuaci\u00f3n de la Evaluaci\u00f3n Acad\u00e9mica que, en lugar de implementarse en el marco de una pol\u00edtica integral de mejoramiento de la calidad educativa, es utilizada como un instrumento de especulaci\u00f3n y dilaci\u00f3n pol\u00edtica.<\/p>\n<blockquote><p>Esta pretensi\u00f3n, adem\u00e1s de ser ilegal, choca abiertamente con los compromisos hist\u00f3ricos de las Universidades de nuestro pa\u00eds con el Sistema Democr\u00e1tico como fundamento de la Autonom\u00eda Universitaria y como forma de gobierno indispensable e innegociable para el desarrollo integral de nuestra naci\u00f3n.<\/p><\/blockquote>\n<p>Por\u00a0 ello, instamos al Rectorado de la Universidad a llamar al di\u00e1logo abierto y constructivo con representantes de todos los estamentos y de esta manera debatir los caminos para cumplir el objetivo esencial de la normalizaci\u00f3n. Pues, democratizar la UPC con la participaci\u00f3n plena de su comunidad no s\u00f3lo es posible, sino que es el acto m\u00e1s legal, \u00e9tico y de justicia hist\u00f3rica que la gesti\u00f3n rectoral debiera llevar adelante en los primeros meses del a\u00f1o 2021.<\/p>\n<p>Finalmente, desde la organizaci\u00f3n y unidad constituida, reafirmamos el compromiso de seguir luchando, invitando a nuestrxs valiosxs compa\u00f1erxs docentes, co docentes, estudiantes y egresadxs a fortalecer y protagonizar esta gesta colectiva que tiene como fin hacer realidad\u00a0 una UNIVERSIDAD P\u00daBLICA GRATUITA, DE CALIDAD, POPULAR Y DEMOCR\u00c1TICA&#8221;.<\/p>\n","protected":false},"excerpt":{"rendered":"<p>UPC en Movimiento es un espacio de la Universidad Provincial de C\u00f3rdob conformado por docentes, codocentes, estudiantes, egresadas y egresados que naci\u00f3 a partir de la falta de di\u00e1logo de las autoridades universitarias, que conducen la casa de estudios sin atender a las necesidades y reclamos de la comunidad universitaria y, sobre todo, sin adecuarse [&hellip;]<\/p>\n","protected":false},"author":7,"featured_media":23969,"comment_status":"open","ping_status":"open","sticky":true,"template":"","format":"standard","meta":{"_exactmetrics_skip_tracking":false,"_exactmetrics_sitenote_active":false,"_exactmetrics_sitenote_note":"","_exactmetrics_sitenote_category":0,"jnews-multi-image_gallery":[],"jnews_single_post":{"source_name":"","source_url":"","via_name":"","via_url":"","override_template":"0","override":[{"template":"1","single_blog_custom":"","parallax":"1","fullscreen":"0","layout":"right-sidebar","sidebar":"default-sidebar","second_sidebar":"default-sidebar","sticky_sidebar":"1","share_position":"top","share_float_style":"share-monocrhome","show_share_counter":"1","show_view_counter":"1","show_featured":"1","show_post_meta":"1","show_post_author":"1","show_post_author_image":"1","show_post_date":"1","post_date_format":"default","post_date_format_custom":"Y\/m\/d","show_post_category":"1","show_post_reading_time":"0","post_reading_time_wpm":"300","show_zoom_button":"0","zoom_button_out_step":"2","zoom_button_in_step":"3","show_post_tag":"1","show_prev_next_post":"1","show_popup_post":"1","number_popup_post":"1","show_author_box":"0","show_post_related":"0","show_inline_post_related":"0"}],"override_image_size":"0","image_override":[{"single_post_thumbnail_size":"crop-500","single_post_gallery_size":"crop-500"}],"trending_post":"0","trending_post_position":"meta","trending_post_label":"Trending","sponsored_post":"0","sponsored_post_label":"Sponsored by","sponsored_post_name":"","sponsored_post_url":"","sponsored_post_logo_enable":"0","sponsored_post_logo":"","sponsored_post_desc":""},"jnews_primary_category":{"id":""},"jnews_social_meta":{"fb_title":"","fb_description":"","fb_image":"","twitter_title":"","twitter_description":"","twitter_image":""},"jnews_review":[],"enable_review":"0","type":"percentage","name":"","summary":"","brand":"","sku":"","good":[{"good_text":""}],"bad":[{"bad_text":""}],"score_override":"","override_value":"","rating":[{"rating_text":"","rating_number":"10"}],"price":[{"shop":"","price":"","link":"","icon":""}],"jnews_override_counter":{"override_view_counter":"0","view_counter_number":"0","override_share_counter":"0","share_counter_number":"0","override_like_counter":"0","like_counter_number":"0","override_dislike_counter":"0","dislike_counter_number":"0"},"jnews_post_split":{"enable_post_split":"0","post_split":[{"template":"1","tag":"h2","numbering":"asc","mode":"normal"}]},"footnotes":""},"categories":[8],"tags":[729],"class_list":["post-23968","post","type-post","status-publish","format-standard","has-post-thumbnail","hentry","category-provinciales","tag-universidad-provincial-de-cordoba"],"jetpack_featured_media_url":"https:\/\/atecordoba.org\/wp-content\/uploads\/2020\/12\/upc-en-movimiento.png","_links":{"self":[{"href":"https:\/\/atecordoba.org\/index.php?rest_route=\/wp\/v2\/posts\/23968","targetHints":{"allow":["GET"]}}],"collection":[{"href":"https:\/\/atecordoba.org\/index.php?rest_route=\/wp\/v2\/posts"}],"about":[{"href":"https:\/\/atecordoba.org\/index.php?rest_route=\/wp\/v2\/types\/post"}],"author":[{"embeddable":true,"href":"https:\/\/atecordoba.org\/index.php?rest_route=\/wp\/v2\/users\/7"}],"replies":[{"embeddable":true,"href":"https:\/\/atecordoba.org\/index.php?rest_route=%2Fwp%2Fv2%2Fcomments&post=23968"}],"version-history":[{"count":1,"href":"https:\/\/atecordoba.org\/index.php?rest_route=\/wp\/v2\/posts\/23968\/revisions"}],"predecessor-version":[{"id":23970,"href":"https:\/\/atecordoba.org\/index.php?rest_route=\/wp\/v2\/posts\/23968\/revisions\/23970"}],"wp:featuredmedia":[{"embeddable":true,"href":"https:\/\/atecordoba.org\/index.php?rest_route=\/wp\/v2\/media\/23969"}],"wp:attachment":[{"href":"https:\/\/atecordoba.org\/index.php?rest_route=%2Fwp%2Fv2%2Fmedia&parent=23968"}],"wp:term":[{"taxonomy":"category","embeddable":true,"href":"https:\/\/atecordoba.org\/index.php?rest_route=%2Fwp%2Fv2%2Fcategories&post=23968"},{"taxonomy":"post_tag","embeddable":true,"href":"https:\/\/atecordoba.org\/index.php?rest_route=%2Fwp%2Fv2%2Ftags&post=23968"}],"curies":[{"name":"wp","href":"https:\/\/api.w.org\/{rel}","templated":true}]}}