{"id":23954,"date":"2020-12-28T15:02:07","date_gmt":"2020-12-28T18:02:07","guid":{"rendered":"https:\/\/atecordoba.org\/?p=23954"},"modified":"2020-12-30T14:21:59","modified_gmt":"2020-12-30T17:21:59","slug":"reinstalan-a-delegada-de-ate-en-la-senaf","status":"publish","type":"post","link":"https:\/\/atecordoba.org\/?p=23954","title":{"rendered":"Reinstalan a delegada de ATE en la SeNAF"},"content":{"rendered":"<figure id=\"attachment_23964\" aria-describedby=\"caption-attachment-23964\" style=\"width: 540px\" class=\"wp-caption aligncenter\"><img loading=\"lazy\" decoding=\"async\" class=\"wp-image-23964\" src=\"https:\/\/atecordoba.org\/wp-content\/uploads\/2020\/12\/WhatsApp-Image-2020-12-29-at-11.00.48-300x225.jpeg\" alt=\"\" width=\"540\" height=\"405\" srcset=\"https:\/\/atecordoba.org\/wp-content\/uploads\/2020\/12\/WhatsApp-Image-2020-12-29-at-11.00.48-300x225.jpeg 300w, https:\/\/atecordoba.org\/wp-content\/uploads\/2020\/12\/WhatsApp-Image-2020-12-29-at-11.00.48-1024x768.jpeg 1024w, https:\/\/atecordoba.org\/wp-content\/uploads\/2020\/12\/WhatsApp-Image-2020-12-29-at-11.00.48-768x576.jpeg 768w, https:\/\/atecordoba.org\/wp-content\/uploads\/2020\/12\/WhatsApp-Image-2020-12-29-at-11.00.48-750x563.jpeg 750w, https:\/\/atecordoba.org\/wp-content\/uploads\/2020\/12\/WhatsApp-Image-2020-12-29-at-11.00.48.jpeg 1040w\" sizes=\"auto, (max-width: 540px) 100vw, 540px\" \/><figcaption id=\"caption-attachment-23964\" class=\"wp-caption-text\">Protesta de ATE, d\u00edas antes del despido de Pi\u00f1ero.<\/figcaption><\/figure>\n<p>Tras las gestiones realizadas por el Consejo Directivo Provincial y a partir de la lucha que realizaron las y los trabajadores de la Secretar\u00eda de Ni\u00f1ez, Adolescencia y Familia (SeNAF), la semana pasada se logr\u00f3 la reinstalaci\u00f3n en su lugar de trabajo a la delegada de ATE del \u00e1rea Penal Juvenil, Virginia Ayala.<\/p>\n<p>El secretario general de ATE C\u00f3rdoba, Federico Giuliani, afirm\u00f3 que &#8220;tenemos el orgullo de informar que por la lucha colectiva de las y los trabajadores y la acci\u00f3n gremial del Consejo Directivo Provincial de ATE C\u00f3rdoba, desde este Mi\u00e9rcoles 23 de Diciembre nuestra Delegada Sindical de SeNAF Penal Juvenil, Virginia Ayala vuelve a su lugar de trabajo luego de ser trasladada compulsivamente, en agosto, por el Ex Secretario de SeNaF, Jos\u00e9 Pi\u00f1ero. Destacamos que gracias a la gesti\u00f3n realizada con el Ministro de Justicia y DDHH de la provincia Juli\u00e1n L\u00f3pez se lleg\u00f3 a esta medida de justicia. Seguiremos la lucha y de pie para lograr la reincorporaci\u00f3n de las trabajadoras cesanteadas por Pi\u00f1ero&#8221;.<\/p>\n<p>Vale recordar que Pi\u00f1ero result\u00f3 expulsado de su cargo gracias a las denuncias de ATE y al largo conflicto que sus trabajadores y trabajadoras mantuvieron en pie reclamando cambios en las condiciones de trabajo que el funcionario ven\u00eda aplicando, en medio de un clima laboral cargado de agresiones y amedrentamientos a las y los compa\u00f1eros de sector, uno de cuyos ejemplos m\u00e1s claro fue el traslado de la delegada Ayala aun contando con la tutela gremial.<\/p>\n<figure id=\"attachment_23965\" aria-describedby=\"caption-attachment-23965\" style=\"width: 501px\" class=\"wp-caption alignright\"><img loading=\"lazy\" decoding=\"async\" class=\"wp-image-23965\" src=\"https:\/\/atecordoba.org\/wp-content\/uploads\/2020\/12\/WhatsApp-Image-2020-12-29-at-11.00.49-1-300x191.jpeg\" alt=\"\" width=\"501\" height=\"319\" srcset=\"https:\/\/atecordoba.org\/wp-content\/uploads\/2020\/12\/WhatsApp-Image-2020-12-29-at-11.00.49-1-300x191.jpeg 300w, https:\/\/atecordoba.org\/wp-content\/uploads\/2020\/12\/WhatsApp-Image-2020-12-29-at-11.00.49-1-1024x651.jpeg 1024w, https:\/\/atecordoba.org\/wp-content\/uploads\/2020\/12\/WhatsApp-Image-2020-12-29-at-11.00.49-1-768x488.jpeg 768w, https:\/\/atecordoba.org\/wp-content\/uploads\/2020\/12\/WhatsApp-Image-2020-12-29-at-11.00.49-1-750x477.jpeg 750w, https:\/\/atecordoba.org\/wp-content\/uploads\/2020\/12\/WhatsApp-Image-2020-12-29-at-11.00.49-1-1140x725.jpeg 1140w, https:\/\/atecordoba.org\/wp-content\/uploads\/2020\/12\/WhatsApp-Image-2020-12-29-at-11.00.49-1.jpeg 1280w\" sizes=\"auto, (max-width: 501px) 100vw, 501px\" \/><figcaption id=\"caption-attachment-23965\" class=\"wp-caption-text\">La delegada Ayala, con barbijo amarillo.<\/figcaption><\/figure>\n<p>Ahora, el siguiente paso ser\u00e1 reincorporar las tres trabajadoras despedidas los \u00faltimos meses en medio de las persecuciones de de Pi\u00f1ero.<\/p>\n<p>En esa l\u00ednea, Giuliani explic\u00f3 que ha quedado abierta &#8220;una mesa de di\u00e1logo para poder aportar a las mejoras que son necesarias en Senaf. Entregamos un informe y relevamiento del estado de situaci\u00f3n del organismo, que el ministro Juli\u00e1n L\u00f3pez recibi\u00f3 y lo va a revisar para ver que se puede sumar a la gesti\u00f3n. Adem\u00e1s qued\u00f3 para enero la posible reincorporaci\u00f3n de unas compa\u00f1eras que hab\u00edan sufrido una cesaci\u00f3n de contrato de parte de Pi\u00f1ero porque \u201cno respond\u00edan\u201d a su l\u00ednea pol\u00edtica&#8221;.<\/p>\n<p>&#8220;Entendemos que todo esto es resultado de la acci\u00f3n colectiva, de la lucha, \u00a0y la presencia de ATE en el sector&#8221;, afirm\u00f3 el dirigente.<\/p>\n<p>En tanto, las y los trabajadores del \u00e1rea Penal Juvenil recuperan su representaci\u00f3n sindical, principio b\u00e1sico de la normativa laboral vigente que fue vulnerado con el traslado compulsivo y arbitrario de Ayala.<\/p>\n<p><strong>Contin\u00faa en alerta<\/strong><\/p>\n<p>La delega reincorporada afirm\u00f3 que como integrante de la asamblea de ni\u00f1ez, adolescencia y familia y delegada sindical de ATE la reinstalaci\u00f3n a su lugar de trabajo &#8220;es un paso en esta ardua lucha por la defensa de los derechos de las y los trabajadores. No obstante, todav\u00eda estamos a la espera y seguimos en alerta por la reincorporaci\u00f3n de las compa\u00f1eras despedidas en la gesti\u00f3n de Pi\u00f1ero&#8221;.<\/p>\n<p>Y continu\u00f3: &#8220;es necesario detallar tambi\u00e9n que los convenios de las y los trabajadores precarizados con las ONGs vencen en diciembre. Consideramos que la renovaci\u00f3n de cada a\u00f1o no puede seguir siendo una incertidumbre que pone en vilo a las y los compa\u00f1eros, a sus familias, y a la organizaci\u00f3n de sus vidas. Por eso, no s\u00f3lo solicitamos la continuidad laboral de quienes no cubren la canasta b\u00e1sica, y muchos de ellas y ellos con salarios \u00ednfimos de 7.700 o 10.000 pesos, sino que tambi\u00e9n seguimos demandando el pase a planta permanente, el reconociendo pleno de sus derechos laborales como trabajadores que cumplen tareas propias y permanentes del Estado&#8221;.<\/p>\n<figure id=\"attachment_23966\" aria-describedby=\"caption-attachment-23966\" style=\"width: 501px\" class=\"wp-caption alignleft\"><img loading=\"lazy\" decoding=\"async\" class=\"wp-image-23966\" src=\"https:\/\/atecordoba.org\/wp-content\/uploads\/2020\/12\/WhatsApp-Image-2020-12-29-at-11.00.49-300x169.jpeg\" alt=\"\" width=\"501\" height=\"282\" srcset=\"https:\/\/atecordoba.org\/wp-content\/uploads\/2020\/12\/WhatsApp-Image-2020-12-29-at-11.00.49-300x169.jpeg 300w, https:\/\/atecordoba.org\/wp-content\/uploads\/2020\/12\/WhatsApp-Image-2020-12-29-at-11.00.49-1024x576.jpeg 1024w, https:\/\/atecordoba.org\/wp-content\/uploads\/2020\/12\/WhatsApp-Image-2020-12-29-at-11.00.49-768x432.jpeg 768w, https:\/\/atecordoba.org\/wp-content\/uploads\/2020\/12\/WhatsApp-Image-2020-12-29-at-11.00.49-750x422.jpeg 750w, https:\/\/atecordoba.org\/wp-content\/uploads\/2020\/12\/WhatsApp-Image-2020-12-29-at-11.00.49.jpeg 1040w\" sizes=\"auto, (max-width: 501px) 100vw, 501px\" \/><figcaption id=\"caption-attachment-23966\" class=\"wp-caption-text\">El plan de lucha produjo el desplazamiento del funcionario cuestionado.<\/figcaption><\/figure>\n<p style=\"text-align: left;\">Por otro lado, esperamos que la designaci\u00f3n de la nueva secretaria de SeNAF, Georgina Tavella, abra el di\u00e1logo en el sector. M\u00e1s aun tras los hechos de p\u00fablico conocimiento de vulneraci\u00f3n de derechos en las Instituciones pertenecientes a la misma.<\/p>\n<p><strong>Organizaciones <\/strong><\/p>\n<p>Ayala destac\u00f3 que &#8220;asumimos que el camino del di\u00e1logo est\u00e1 abierto, por lo cual entendemos que es necesaria la mesa de trabajo que nos incluya con organizaciones de DDHH, territoriales, colegios profesionales y universidades, para construir e implementar pol\u00edticas de infancias integrales, con mayor presupuesto para las infancias y juventudes y con dignidad para les trabajadores&#8221;.<\/p>\n<p>&#8220;\u00a1Es momento de no mirar para otro lado!&#8221;, concluy\u00f3 la delegada.<\/p>\n<p><strong>Denuncias<\/strong><\/p>\n<p>Hoy se hizo p\u00fablico una situaci\u00f3n de vulneraci\u00f3n de derechos en el Complejo Esperanza cuando una mam\u00e1 denunci\u00f3 que un guardia le cobraba 20 mil &#8216;para cuidar&#8217; a su hijo adolescente, que termin\u00f3 sufriendo una dura golpiza. Las autoridades del organismo <a href=\"https:\/\/www.lavoz.com.ar\/sucesos\/acusan-a-guardia-del-complejo-esperanza-de-cobrar-por-proteccion\">aseguraron que investigar\u00e1n los hechos<\/a>.<\/p>\n","protected":false},"excerpt":{"rendered":"<p>Tras las gestiones realizadas por el Consejo Directivo Provincial y a partir de la lucha que realizaron las y los trabajadores de la Secretar\u00eda de Ni\u00f1ez, Adolescencia y Familia (SeNAF), la semana pasada se logr\u00f3 la reinstalaci\u00f3n en su lugar de trabajo a la delegada de ATE del \u00e1rea Penal Juvenil, Virginia Ayala. El secretario [&hellip;]<\/p>\n","protected":false},"author":7,"featured_media":23955,"comment_status":"open","ping_status":"open","sticky":true,"template":"","format":"standard","meta":{"_exactmetrics_skip_tracking":false,"_exactmetrics_sitenote_active":false,"_exactmetrics_sitenote_note":"","_exactmetrics_sitenote_category":0,"jnews-multi-image_gallery":[],"jnews_single_post":{"source_name":"","source_url":"","via_name":"","via_url":"","override_template":"0","override":[{"template":"1","single_blog_custom":"","parallax":"1","fullscreen":"0","layout":"right-sidebar","sidebar":"default-sidebar","second_sidebar":"default-sidebar","sticky_sidebar":"1","share_position":"top","share_float_style":"share-monocrhome","show_share_counter":"1","show_view_counter":"1","show_featured":"1","show_post_meta":"1","show_post_author":"1","show_post_author_image":"1","show_post_date":"1","post_date_format":"default","post_date_format_custom":"Y\/m\/d","show_post_category":"1","show_post_reading_time":"0","post_reading_time_wpm":"300","show_zoom_button":"0","zoom_button_out_step":"2","zoom_button_in_step":"3","show_post_tag":"1","show_prev_next_post":"1","show_popup_post":"1","number_popup_post":"1","show_author_box":"0","show_post_related":"0","show_inline_post_related":"0"}],"override_image_size":"0","image_override":[{"single_post_thumbnail_size":"crop-500","single_post_gallery_size":"crop-500"}],"trending_post":"0","trending_post_position":"meta","trending_post_label":"Trending","sponsored_post":"0","sponsored_post_label":"Sponsored by","sponsored_post_name":"","sponsored_post_url":"","sponsored_post_logo_enable":"0","sponsored_post_logo":"","sponsored_post_desc":""},"jnews_primary_category":{"id":""},"jnews_social_meta":{"fb_title":"","fb_description":"","fb_image":"","twitter_title":"","twitter_description":"","twitter_image":""},"jnews_review":[],"enable_review":"0","type":"percentage","name":"","summary":"","brand":"","sku":"","good":[{"good_text":""}],"bad":[{"bad_text":""}],"score_override":"","override_value":"","rating":[{"rating_text":"","rating_number":"10"}],"price":[{"shop":"","price":"","link":"","icon":""}],"jnews_override_counter":{"override_view_counter":"0","view_counter_number":"0","override_share_counter":"0","share_counter_number":"0","override_like_counter":"0","like_counter_number":"0","override_dislike_counter":"0","dislike_counter_number":"0"},"jnews_post_split":{"enable_post_split":"0","post_split":[{"template":"1","tag":"h2","numbering":"asc","mode":"normal"}]},"footnotes":""},"categories":[8],"tags":[457],"class_list":["post-23954","post","type-post","status-publish","format-standard","has-post-thumbnail","hentry","category-provinciales","tag-senaf"],"jetpack_featured_media_url":"https:\/\/atecordoba.org\/wp-content\/uploads\/2020\/12\/20200902_121437-scaled.jpg","_links":{"self":[{"href":"https:\/\/atecordoba.org\/index.php?rest_route=\/wp\/v2\/posts\/23954","targetHints":{"allow":["GET"]}}],"collection":[{"href":"https:\/\/atecordoba.org\/index.php?rest_route=\/wp\/v2\/posts"}],"about":[{"href":"https:\/\/atecordoba.org\/index.php?rest_route=\/wp\/v2\/types\/post"}],"author":[{"embeddable":true,"href":"https:\/\/atecordoba.org\/index.php?rest_route=\/wp\/v2\/users\/7"}],"replies":[{"embeddable":true,"href":"https:\/\/atecordoba.org\/index.php?rest_route=%2Fwp%2Fv2%2Fcomments&post=23954"}],"version-history":[{"count":9,"href":"https:\/\/atecordoba.org\/index.php?rest_route=\/wp\/v2\/posts\/23954\/revisions"}],"predecessor-version":[{"id":24000,"href":"https:\/\/atecordoba.org\/index.php?rest_route=\/wp\/v2\/posts\/23954\/revisions\/24000"}],"wp:featuredmedia":[{"embeddable":true,"href":"https:\/\/atecordoba.org\/index.php?rest_route=\/wp\/v2\/media\/23955"}],"wp:attachment":[{"href":"https:\/\/atecordoba.org\/index.php?rest_route=%2Fwp%2Fv2%2Fmedia&parent=23954"}],"wp:term":[{"taxonomy":"category","embeddable":true,"href":"https:\/\/atecordoba.org\/index.php?rest_route=%2Fwp%2Fv2%2Fcategories&post=23954"},{"taxonomy":"post_tag","embeddable":true,"href":"https:\/\/atecordoba.org\/index.php?rest_route=%2Fwp%2Fv2%2Ftags&post=23954"}],"curies":[{"name":"wp","href":"https:\/\/api.w.org\/{rel}","templated":true}]}}