{"id":2395,"date":"2013-02-21T15:32:35","date_gmt":"2013-02-21T18:32:35","guid":{"rendered":"http:\/\/www.atecordoba.org\/?p=2395"},"modified":"2013-02-21T15:32:35","modified_gmt":"2013-02-21T18:32:35","slug":"2013-el-ano-de-german-la-lucha-contra-la-judicializacion-de-la-protesta-social-y-la-recuperacion-del-salario","status":"publish","type":"post","link":"https:\/\/atecordoba.org\/?p=2395","title":{"rendered":"2013:  el a\u00f1o de Germ\u00e1n, la lucha contra la judicializaci\u00f3n de la protesta social y la recuperaci\u00f3n del salario"},"content":{"rendered":"<p><em>En la primera reuni\u00f3n del CDN,\u00a0casi medio centenar de dirigentes (20 de ellos de conducciones provinciales) debatieron los ejes de acci\u00f3n de este a\u00f1o: la lucha contra la judicializaci\u00f3n de la protesta social, la problem\u00e1tica salarial y laboral de los estatales y el homenaje permanente para nuestro compa\u00f1ero Germ\u00e1n Abdala, en el a\u00f1o del 20 aniversario de su muerte.<\/em><\/p>\n<p><a href=\"http:\/\/www.atecordoba.org\/wp-content\/uploads\/2013\/02\/reunion_mesa-nacional_paro_25-2-20132.jpg\"><img loading=\"lazy\" decoding=\"async\" class=\"aligncenter size-full wp-image-2402\" title=\"reunion_mesa nacional_paro_25-2-2013\" src=\"http:\/\/www.atecordoba.org\/wp-content\/uploads\/2013\/02\/reunion_mesa-nacional_paro_25-2-20132.jpg\" alt=\"\" width=\"448\" height=\"336\" \/><\/a><\/p>\n<p>&nbsp;<\/p>\n<p>En sus primeros p\u00e1rrafos del informe pol\u00edtico, el secretario general Julio Fuentes\u00a0 puso en conocimiento de los compa\u00f1eros como ser\u00e1 el desarrollo de las actividades que se har\u00e1n este a\u00f1o para homenajear a Germ\u00e1n. Entre ellas se dispuso la realizaci\u00f3n de un libro que versar\u00e1 principalmente sobre la militancia nuestro compa\u00f1ero, tanto dentro de la organizaci\u00f3n gremial como su paso en el Congreso Nacional, donde dej\u00f3 su sello con la ley de negociaci\u00f3n colectiva para los trabajadores estatales. \u201cEste a\u00f1o vamos a hacer eje en su pensamiento, en especial para que miles de compa\u00f1eros puedan conocer con mayor profundidad su tiempo de lucha. As\u00ed como tendremos un a\u00f1o totalmente atravesado por los comicios generales de octubre, nosotros haremos lo nuestro mostrando cual ha sido el proyecto de Estado que impulsaba Germ\u00e1n\u201d, se\u00f1al\u00f3 Fuentes, antes de agregar: \u201cas\u00ed como Neustadt despectivamente lo presentaba como el \u00faltimo nosotros vamos a mostrar como era verdaderamente este Germ\u00e1n: un militante que entend\u00eda que el Estado deb\u00eda estar al servicio del pueblo\u201d.<\/p>\n<p><a href=\"http:\/\/www.atecordoba.org\/wp-content\/uploads\/2013\/02\/reunion-febrero-2013-3.jpg\"><img loading=\"lazy\" decoding=\"async\" class=\"aligncenter size-medium wp-image-2397\" title=\"reunion febrero 2013-3\" src=\"http:\/\/www.atecordoba.org\/wp-content\/uploads\/2013\/02\/reunion-febrero-2013-3-300x224.jpg\" alt=\"\" width=\"300\" height=\"224\" \/><\/a><\/p>\n<p>El CDN ha establecido que la figura de Germ\u00e1n ser\u00e1 conmemorada a lo largo de todo el a\u00f1o. Uno de los trabajos a presentar ser\u00e1 el de un libro con todas las entrevistas dadas por el compa\u00f1ero en diferentes medios de\u00a0la Capital\u00a0y el interior del pa\u00eds. Fuentes\u00a0 explic\u00f3 que este libro ir\u00e1 en paralelo con otro libro que se empez\u00f3 a escribir sobre la historia de ATE en el per\u00edodo 1977\/2013: \u201cPorque en el 2014 el hecho trascendental ser\u00e1n los 30 a\u00f1os que cumple nuestra Agrupaci\u00f3n ANUSATE. Y en ello trasciende la recuperaci\u00f3n de gremio y esta conducci\u00f3n de la organizaci\u00f3n que llevamos adelante desde\u00a01984\u201d, subray\u00f3. Fuentes.<\/p>\n<p><strong>Salarios y Poder Adquisitivo<\/strong><\/p>\n<p>El desarrollo del informe pol\u00edtico sigui\u00f3 con el tratamiento de la cuesti\u00f3n salarial y la ca\u00edda del poder adquisitivo de los trabajadores. Mucho antes de la declaratoria del paro para el pr\u00f3ximo lunes 25, el informe de Fuentes da cuenta del \u201cempeoramiento\u201d de las condiciones salariales del trabajador estatal. \u201cLos trabajadores del sector p\u00fablico cada d\u00eda est\u00e1n m\u00e1s pobres\u201d, en especial, resaltando la situaci\u00f3n en las administraciones provinciales y municipales, \u201cdonde en muchas de ellas ni siquiera se cumple con el pago del salario m\u00ednimo vital y m\u00f3vil de (2.875 pesos desde febrero 2013)\u201d.<\/p>\n<p>El titular de ATE se\u00f1al\u00f3 la necesidad de pelear por un cambio en el mecanismo de coparticipaci\u00f3n nacional\u00a0 (cuya \u00faltima reforma data del a\u00f1o 1994), y en ese sentido subray\u00f3 que \u201ctenemos trabajadores que no ganan ni mil pesos. Estamos fuera del salario m\u00ednimo, vital y m\u00f3vil: los municipales y provinciales no est\u00e1n incluidos en\u00a0la Ley\u00a0de Salario M\u00ednimo\u201d, y agreg\u00f3: \u201csin ley de coparticipaci\u00f3n, estamos condenados al ajuste permanente. Cuando aprueban el presupuesto nacional, nos ponen el techo salarial y por ello que es necesaria la nacionalizaci\u00f3n de nuestras luchas salariales\u201d.<\/p>\n<p>Del an\u00e1lisis que se hace del presupuesto nacional se desprende que casi el 52% de aquel se utiliza para el pago de salarios. Pero tambi\u00e9n se desprende que la masa utilizada para el pago de salarios se mantiene casi inamovible\u00a0 \u201cLa realidad es que cuando se aprueba el presupuesto nacional no est\u00e1n fijando un techo al aumento de salarios\u201d, dijo.<\/p>\n<p>Cuando se habla de salarios tambi\u00e9n vale hacer una explicaci\u00f3n sobre las asignaciones familiares y su rol como \u00edndice igualador en otro tiempo y ahora. Al respecto explica Fuentes que \u201cantes uno por cada hijo que ten\u00eda recib\u00eda una suma que reflejaba un sentido de igualdad en todo el territorio; hoy tenemos lugares donde la asignaci\u00f3n se acerca al piso que fij\u00f3\u00a0la Naci\u00f3n(340 pesos) y otros donde pagan 30 o 60 pesos y est\u00e1n congeladas por a\u00f1os. Tenemos trabajadores que dejan de cobrarla, y otros casos donde su incidencia es nula. Por eso es necesaria equipararlas y universalizarlas para darles un sentido verdaderamente igualitario\u201d.<\/p>\n<p>En este marco el CDN impulsa toda una reestructuraci\u00f3n de los valores de coparticipaci\u00f3n. Hoy de cada peso de impuesto 70 centavos quedan para Naci\u00f3n, 22 centavos para la provincia y s\u00f3lo 3 centavos van a las arcas municipales.<\/p>\n<p><strong>Judicializaci\u00f3n de la protesta social<\/strong><\/p>\n<p>Hace pocos d\u00edas se llev\u00f3 a cabo un proceso penal contra la titular de ATE Mendoza, Raquel Blas. Ahora nom\u00e1s, a mediados de marzo (18 y 19), el titular del CDN, Julio Fuentes y otros dirigentes van a proceso penal en su provincia, Neuqu\u00e9n, por la decisi\u00f3n del Tribunal Superior de Justicia de reabrir una causa que ya hab\u00eda culminado en el a\u00f1o 2007. Este \u201ctour judicial\u201d que enfrentan los dirigentes de ATE, tambi\u00e9n tiene otra parada en el mes de abril cuando se inicie el juicio contra un grupo de delegados del Hospital Garrahan.<\/p>\n<p>Los jueces motorizan y reabren causas. De alguna manera se trata de un regreso a los a\u00f1os \u201990, \u00e9poca donde la judicializaci\u00f3n de las protestas sociales fue una herramienta muy utilizada por los gobiernos provinciales y el propio menemismo.<\/p>\n<p>\u201cLos juicios van saliendo y no existe ninguna actitud legislativa por discutir el c\u00f3digo penal. Es muy grave que a\u00fan se utilice la figura de coacci\u00f3n agravada, instaurada durante el gobierno de facto de Ongan\u00eda\u201d, sostuvo Fuentes, previo a explicar que \u201cnos podr\u00edan abrir procesos judiciales toda vez que quisieran, porque en nuestro accionar como dirigentes gremiales incurrimos en esta figura todos los d\u00edas\u201d. El dirigente se\u00f1al\u00f3 que siendo An\u00edbal Fern\u00e1ndez\u00a0 ministro del gobierno hac\u00eda referencia continua a su aplicaci\u00f3n.<\/p>\n<p><a href=\"http:\/\/www.atecordoba.org\/wp-content\/uploads\/2013\/02\/raquel-blas-reunion-febrero-2013-2.jpg\"><img loading=\"lazy\" decoding=\"async\" class=\"aligncenter size-medium wp-image-2398\" title=\"raquel blas reunion febrero 2013-2\" src=\"http:\/\/www.atecordoba.org\/wp-content\/uploads\/2013\/02\/raquel-blas-reunion-febrero-2013-2-300x224.jpg\" alt=\"\" width=\"300\" height=\"224\" \/><\/a><\/p>\n<p>Los casos de Blas, Roberto Macho, Fuentes y Horacio Fern\u00e1ndez, entre otros, es diferente al de los compa\u00f1eros del Garrahan. All\u00ed se los va a juzgar por incumplimiento de la guardia m\u00ednima. \u201cLo parad\u00f3jico es que a ellos los acusan de faltar a su trabajo, pero lo que no se dice es que ellos protestaban por la falta de personal en las guardias\u201d, a\u00f1adi\u00f3.<\/p>\n<p>Raquel Blas, que finalmente fue absuelta por el Tribunal, agradeci\u00f3 el apoyo de los dirigentes de todo el pa\u00eds que se acercaron a su provincia para brindarle apoyo. Blas sostuvo que mucho del proceso judicial que se hizo en su contra fue por enfrentar al grupo Vila-Manzano en la concesi\u00f3n hecha en las m\u00e1quinas Tragamonedas del Casino provincial donde el grupo se queda con el 47% de las ganancias. \u201cEl fondo de la cuesti\u00f3n fue nuestra denuncia por el excesivo beneficio de Vila y Manzano. Ahora nosotros pedimos el Jury contra el fiscal general de la provincia. Y hemos descubierto que en algunas medidas judiciales que se impulsan all\u00ed son en favor del grupo\u201d.<\/p>\n<div>\n<p>Ahora la novedad que present\u00f3 Blas a los compa\u00f1eros fue una decisi\u00f3n judicial de revisar el contrato que liga al grupo con el Casino.<\/p>\n<p>Qui\u00e9n tambi\u00e9n opin\u00f3 sobre el camino de la judicializaci\u00f3n que se impulsa fue el Adjunto del CDN, Hugo Godoy. \u201cNos damos cuenta que no son situaciones aisladas\u201d, dijo, para despu\u00e9s ampliar que \u201ces probable que los jueces de Neuqu\u00e9n que act\u00faan en la causa de Julio y Horacio no conozcan a la jueza de Mendoza, ni a los de Capital Federal, ni a los del tribunal Superior de Justicia de R\u00edo Negro, que le quitaron la tutela sindical a nuestro dirigente en Bariloche\u00a0 Juan Carlos Curaqueo, pero si est\u00e1 claro que hay una habilitaci\u00f3n desde la pol\u00edtica para poner en pr\u00e1ctica este instrumento de persecuci\u00f3n\u201d.<\/p>\n<p>\u201cAlguna vez la presidente dijo que ya no hay motivos para cortar las rutas, pero esta visto que vienen alentando las decisiones judiciales. Entonces est\u00e1 a la vista que esta no se trata de una Justicia de la democracia sino una Justicia del Poder\u201d, afirm\u00f3 Godoy.<\/p>\n<p>Godoy sostuvo que se busca desalentar el reclamo social por mejores salarios. \u201cTodo va en ese sentido. Avanzan las leyes de Emergencia Econ\u00f3mica y avanza el ajuste sobre las Cajas Provisionales provinciales aumentando los a\u00f1os y porcentajes de aporte\u201d, apunt\u00f3; para luego agregar: \u201ccon el salario m\u00ednimo hicieron eso: en una paritaria del a\u00f1o 2012 fijaron un techo de 2.875 cuya \u00faltima cuota se paga en febrero 2013\u201d.<\/p>\n<p><a href=\"http:\/\/www.atecordoba.org\/wp-content\/uploads\/2013\/02\/cachorro-godoy_-reunion-febrero-2013-5.jpg\"><img loading=\"lazy\" decoding=\"async\" class=\"aligncenter size-medium wp-image-2399\" title=\"cachorro godoy_ reunion  febrero  2013-5\" src=\"http:\/\/www.atecordoba.org\/wp-content\/uploads\/2013\/02\/cachorro-godoy_-reunion-febrero-2013-5-300x224.jpg\" alt=\"\" width=\"300\" height=\"224\" \/><\/a><\/p>\n<p>Para Godoy se trata de \u201cuna estrategia econ\u00f3mica que junta al gobierno con las patronales de\u00a0la UIA\u00a0y\u00a0la Sociedad Rural\u00a0y\u00a0la CGT\u00a0para aplicar un ajuste contra el trabajador\u201d.<\/p>\n<p>Tras la exposici\u00f3n de los dirigentes del CDN hubo informe de los secretarios generales de CDPs. All\u00ed hubo amplia coincidencia en los recortes salariales, que se profundiza m\u00e1s con los trabajadores municipales. Ya sobre los municipios hubo coincidencia en el crecimiento de afiliaci\u00f3n del sector durante todo el a\u00f1o pasado. Y todos hicieron su aporte sobre la situaci\u00f3n laboral, en especial con el gran n\u00famero que persiste de trabajadores contratados y otro tipo de modalidad de contrato, m\u00e1s all\u00e1 de destacar que el a\u00f1o anterior se logr\u00f3 el pase a planta de una importante cantidad de compa\u00f1eros.<\/p>\n<\/div>\n","protected":false},"excerpt":{"rendered":"<p>En la primera reuni\u00f3n del CDN,\u00a0casi medio centenar de dirigentes (20 de ellos de conducciones provinciales) debatieron los ejes de acci\u00f3n de este a\u00f1o: la lucha contra la judicializaci\u00f3n de la protesta social, la problem\u00e1tica salarial y laboral de los estatales y el homenaje permanente para nuestro compa\u00f1ero Germ\u00e1n Abdala, en el a\u00f1o del 20 [&hellip;]<\/p>\n","protected":false},"author":1,"featured_media":19220,"comment_status":"open","ping_status":"open","sticky":false,"template":"","format":"standard","meta":{"_exactmetrics_skip_tracking":false,"_exactmetrics_sitenote_active":false,"_exactmetrics_sitenote_note":"","_exactmetrics_sitenote_category":0,"jnews-multi-image_gallery":[],"jnews_single_post":[],"jnews_primary_category":[],"jnews_social_meta":[],"jnews_review":[],"enable_review":"","type":"","name":"","summary":"","brand":"","sku":"","good":[],"bad":[],"score_override":"","override_value":"","rating":[],"price":[],"jnews_override_counter":[],"jnews_post_split":[],"footnotes":""},"categories":[18],"tags":[],"class_list":["post-2395","post","type-post","status-publish","format-standard","has-post-thumbnail","hentry","category-nacionales"],"jetpack_featured_media_url":"https:\/\/atecordoba.org\/wp-content\/uploads\/2020\/05\/logo-nuevochico-e1561581322808.png","_links":{"self":[{"href":"https:\/\/atecordoba.org\/index.php?rest_route=\/wp\/v2\/posts\/2395","targetHints":{"allow":["GET"]}}],"collection":[{"href":"https:\/\/atecordoba.org\/index.php?rest_route=\/wp\/v2\/posts"}],"about":[{"href":"https:\/\/atecordoba.org\/index.php?rest_route=\/wp\/v2\/types\/post"}],"author":[{"embeddable":true,"href":"https:\/\/atecordoba.org\/index.php?rest_route=\/wp\/v2\/users\/1"}],"replies":[{"embeddable":true,"href":"https:\/\/atecordoba.org\/index.php?rest_route=%2Fwp%2Fv2%2Fcomments&post=2395"}],"version-history":[{"count":0,"href":"https:\/\/atecordoba.org\/index.php?rest_route=\/wp\/v2\/posts\/2395\/revisions"}],"wp:featuredmedia":[{"embeddable":true,"href":"https:\/\/atecordoba.org\/index.php?rest_route=\/wp\/v2\/media\/19220"}],"wp:attachment":[{"href":"https:\/\/atecordoba.org\/index.php?rest_route=%2Fwp%2Fv2%2Fmedia&parent=2395"}],"wp:term":[{"taxonomy":"category","embeddable":true,"href":"https:\/\/atecordoba.org\/index.php?rest_route=%2Fwp%2Fv2%2Fcategories&post=2395"},{"taxonomy":"post_tag","embeddable":true,"href":"https:\/\/atecordoba.org\/index.php?rest_route=%2Fwp%2Fv2%2Ftags&post=2395"}],"curies":[{"name":"wp","href":"https:\/\/api.w.org\/{rel}","templated":true}]}}