{"id":23899,"date":"2020-12-23T14:20:53","date_gmt":"2020-12-23T17:20:53","guid":{"rendered":"https:\/\/atecordoba.org\/?p=23899"},"modified":"2020-12-23T14:20:53","modified_gmt":"2020-12-23T17:20:53","slug":"se-presento-ayer-el-observatorio-laboral-y-social-de-ate-cordoba","status":"publish","type":"post","link":"https:\/\/atecordoba.org\/?p=23899","title":{"rendered":"Se present\u00f3 ayer el Observatorio Laboral y Social de ATE C\u00f3rdoba"},"content":{"rendered":"<p><img loading=\"lazy\" decoding=\"async\" class=\" wp-image-23901 aligncenter\" src=\"https:\/\/atecordoba.org\/wp-content\/uploads\/2020\/12\/zoom-observatorio-laboral-y-social-22-12-300x163.png\" alt=\"\" width=\"599\" height=\"325\" srcset=\"https:\/\/atecordoba.org\/wp-content\/uploads\/2020\/12\/zoom-observatorio-laboral-y-social-22-12-300x163.png 300w, https:\/\/atecordoba.org\/wp-content\/uploads\/2020\/12\/zoom-observatorio-laboral-y-social-22-12-768x418.png 768w, https:\/\/atecordoba.org\/wp-content\/uploads\/2020\/12\/zoom-observatorio-laboral-y-social-22-12-750x408.png 750w, https:\/\/atecordoba.org\/wp-content\/uploads\/2020\/12\/zoom-observatorio-laboral-y-social-22-12.png 930w\" sizes=\"auto, (max-width: 599px) 100vw, 599px\" \/>Ayer se realiz\u00f3, por medio de un conversatorio virtual, el lanzamiento del Observatorio Laboral y Social de ATE C\u00f3rdoba.<br \/>\nEn la oportunidad se present\u00f3 el primer informe &#8220;Impacto de la pandemia en las y los trabajadores estatales&#8221;, con la coordinaci\u00f3n de la responsable del \u00e1rea, la secretaria de Actas y directora del Departamento de G\u00e9neros y Diversidades del Consejo Directivo Provincial Mar\u00eda Sotti, junto al prosecretario Gremial, Roberto Calvetti.<\/p>\n<p>La actividad cont\u00f3 con la disertaci\u00f3n de la integrante del Observatorio del Derecho Social de la CTAA Nacional, Jimena Frankel.<\/p>\n<p>A la hora de introducir la charla, Frankel disert\u00f3 sobre la metodolog\u00eda de trabajo que lleva adelante el Observatorio de la Central, en t\u00e9rminos de fuentes oficiales y period\u00edsticas que nutren de datos duros los informes que se realizan. De la misma forma, explic\u00f3 el registro de acciones gremiales o de protesta y las acciones comunicacionales, las negociaciones y su resultado concreto.<\/p>\n<p>M\u00e1s adelante, la investigadora abund\u00f3 sobre los informes trimestrales y el informe anual, a esta altura un cl\u00e1sico de la investigaci\u00f3n sociolaboral del campo popular, incluyendo los los informes de coyuntura como el referido a la pandemia y la elaboraci\u00f3n de herramientas de formaci\u00f3n, como el \u201cManual del delegado\u201d o el \u201cManual de la negociaci\u00f3n colectiva\u201d, donde el Observatorio articula con espacios de formaci\u00f3n e investigaci\u00f3n de la CTAA y de otros organismos, sindicatos e instituciones p\u00fablicas.<\/p>\n<p>De esta forma, sostuvo Frankel, se generan herramientas de \u00a0an\u00e1lisis de coyuntura pero tambi\u00e9n de acumulaci\u00f3n que permitan an\u00e1lisis estructurales que sirven para la acci\u00f3n gremial.<\/p>\n<p>Por su parte,\u00a0Mar\u00eda Sotti dijo que el novel Observatorio cordob\u00e9s tiene por horizonte &#8220;generar informaci\u00f3n para adoptar estrategias de acci\u00f3n sindical&#8221;, relevando dato de la situaci\u00f3n socio laboral de las y los trabajadores estatales, en los niveles nacional, provincial y municipal. &#8220;As\u00ed, pondremos foco en las condiciones contractuales para generar insumos a los fines de contar con elementos de negociaci\u00f3n en la paritaria. Tambi\u00e9n vamos a analizar las condiciones de higiene y seguridad de cada sector, identificando las problem\u00e1ticas, tanto en funci\u00f3n del riesgo f\u00edsico como del psicosocial&#8221;.<\/p>\n<p>Adem\u00e1s, la dirigente apunt\u00f3 a abordar &#8220;los niveles salariales con una perspectiva de g\u00e9nero, atento\u00a0 que la Secretaria General pretende que la mirada de g\u00e9nero sea transversal a todas las secretar\u00edas del CDP&#8221;.<\/p>\n<p>Seguidamente,\u00a0Roberto Calvetti comenz\u00f3 con el desarrollo y descripci\u00f3n el informe que se present\u00f3 para la actividad, aclarando que no se trat\u00f3 de un relevamiento limitado a los afiliados y afiliadas de ATE sino que el universo que abarc\u00f3 incluye a todos los trabajadores inscriptos en cada \u00e1rea.<\/p>\n<p>Para consultar el informe de manera completa ingresar a <a href=\"https:\/\/atecordoba.org\/wp-content\/uploads\/2020\/12\/OLS-INFORME-PRELIMINAR-1.pptx\">OLS-INFORME PRELIMINAR<\/a><\/p>\n<p>&nbsp;<\/p>\n<p>&nbsp;<\/p>\n","protected":false},"excerpt":{"rendered":"<p>Ayer se realiz\u00f3, por medio de un conversatorio virtual, el lanzamiento del Observatorio Laboral y Social de ATE C\u00f3rdoba. En la oportunidad se present\u00f3 el primer informe &#8220;Impacto de la pandemia en las y los trabajadores estatales&#8221;, con la coordinaci\u00f3n de la responsable del \u00e1rea, la secretaria de Actas y directora del Departamento de G\u00e9neros [&hellip;]<\/p>\n","protected":false},"author":7,"featured_media":23901,"comment_status":"open","ping_status":"open","sticky":true,"template":"","format":"standard","meta":{"_exactmetrics_skip_tracking":false,"_exactmetrics_sitenote_active":false,"_exactmetrics_sitenote_note":"","_exactmetrics_sitenote_category":0,"jnews-multi-image_gallery":[],"jnews_single_post":{"source_name":"","source_url":"","via_name":"","via_url":"","override_template":"0","override":[{"template":"1","single_blog_custom":"","parallax":"1","fullscreen":"0","layout":"right-sidebar","sidebar":"default-sidebar","second_sidebar":"default-sidebar","sticky_sidebar":"1","share_position":"top","share_float_style":"share-monocrhome","show_share_counter":"1","show_view_counter":"1","show_featured":"1","show_post_meta":"1","show_post_author":"1","show_post_author_image":"1","show_post_date":"1","post_date_format":"default","post_date_format_custom":"Y\/m\/d","show_post_category":"1","show_post_reading_time":"0","post_reading_time_wpm":"300","show_zoom_button":"0","zoom_button_out_step":"2","zoom_button_in_step":"3","show_post_tag":"1","show_prev_next_post":"1","show_popup_post":"1","number_popup_post":"1","show_author_box":"0","show_post_related":"0","show_inline_post_related":"0"}],"override_image_size":"0","image_override":[{"single_post_thumbnail_size":"crop-500","single_post_gallery_size":"crop-500"}],"trending_post":"0","trending_post_position":"meta","trending_post_label":"Trending","sponsored_post":"0","sponsored_post_label":"Sponsored by","sponsored_post_name":"","sponsored_post_url":"","sponsored_post_logo_enable":"0","sponsored_post_logo":"","sponsored_post_desc":""},"jnews_primary_category":{"id":""},"jnews_social_meta":{"fb_title":"","fb_description":"","fb_image":"","twitter_title":"","twitter_description":"","twitter_image":""},"jnews_review":[],"enable_review":"0","type":"percentage","name":"","summary":"","brand":"","sku":"","good":[{"good_text":""}],"bad":[{"bad_text":""}],"score_override":"","override_value":"","rating":[{"rating_text":"","rating_number":"10"}],"price":[{"shop":"","price":"","link":"","icon":""}],"jnews_override_counter":{"override_view_counter":"0","view_counter_number":"0","override_share_counter":"0","share_counter_number":"0","override_like_counter":"0","like_counter_number":"0","override_dislike_counter":"0","dislike_counter_number":"0"},"jnews_post_split":{"enable_post_split":"0","post_split":[{"template":"1","tag":"h2","numbering":"asc","mode":"normal"}]},"footnotes":""},"categories":[341],"tags":[752],"class_list":["post-23899","post","type-post","status-publish","format-standard","has-post-thumbnail","hentry","category-cdp","tag-observatorio-laboral-y-social"],"jetpack_featured_media_url":"https:\/\/atecordoba.org\/wp-content\/uploads\/2020\/12\/zoom-observatorio-laboral-y-social-22-12.png","_links":{"self":[{"href":"https:\/\/atecordoba.org\/index.php?rest_route=\/wp\/v2\/posts\/23899","targetHints":{"allow":["GET"]}}],"collection":[{"href":"https:\/\/atecordoba.org\/index.php?rest_route=\/wp\/v2\/posts"}],"about":[{"href":"https:\/\/atecordoba.org\/index.php?rest_route=\/wp\/v2\/types\/post"}],"author":[{"embeddable":true,"href":"https:\/\/atecordoba.org\/index.php?rest_route=\/wp\/v2\/users\/7"}],"replies":[{"embeddable":true,"href":"https:\/\/atecordoba.org\/index.php?rest_route=%2Fwp%2Fv2%2Fcomments&post=23899"}],"version-history":[{"count":1,"href":"https:\/\/atecordoba.org\/index.php?rest_route=\/wp\/v2\/posts\/23899\/revisions"}],"predecessor-version":[{"id":23902,"href":"https:\/\/atecordoba.org\/index.php?rest_route=\/wp\/v2\/posts\/23899\/revisions\/23902"}],"wp:featuredmedia":[{"embeddable":true,"href":"https:\/\/atecordoba.org\/index.php?rest_route=\/wp\/v2\/media\/23901"}],"wp:attachment":[{"href":"https:\/\/atecordoba.org\/index.php?rest_route=%2Fwp%2Fv2%2Fmedia&parent=23899"}],"wp:term":[{"taxonomy":"category","embeddable":true,"href":"https:\/\/atecordoba.org\/index.php?rest_route=%2Fwp%2Fv2%2Fcategories&post=23899"},{"taxonomy":"post_tag","embeddable":true,"href":"https:\/\/atecordoba.org\/index.php?rest_route=%2Fwp%2Fv2%2Ftags&post=23899"}],"curies":[{"name":"wp","href":"https:\/\/api.w.org\/{rel}","templated":true}]}}