{"id":2389,"date":"2013-02-21T14:51:47","date_gmt":"2013-02-21T17:51:47","guid":{"rendered":"http:\/\/www.atecordoba.org\/?p=2389"},"modified":"2013-02-21T14:51:47","modified_gmt":"2013-02-21T17:51:47","slug":"lunes-25-de-febrero-paro-nacional-de-ate","status":"publish","type":"post","link":"https:\/\/atecordoba.org\/?p=2389","title":{"rendered":"Lunes 25 de febrero: \u201cParo nacional de ATE\u201d"},"content":{"rendered":"<p><em>El Consejo Directivo Nacional, en su primera reuni\u00f3n del a\u00f1o realizada el lunes pasado, resolvi\u00f3 un paro nacional en reclamo de aumentos de salarios, equiparaci\u00f3n en el pago de las asignaciones familiares, igual remuneraci\u00f3n a igual tarea, que el salario m\u00ednimo vital y m\u00f3vil alcance a todos los trabajadores estatales del pa\u00eds, y el pago del 82% a los trabajadores jubilados.<\/em><\/p>\n<p><a href=\"http:\/\/www.atecordoba.org\/wp-content\/uploads\/2013\/02\/julio-fuentes_paro-nacional_25-2-2013.jpg\"><img loading=\"lazy\" decoding=\"async\" class=\"aligncenter size-full wp-image-2390\" title=\"julio fuentes_paro nacional_25-2-2013\" src=\"http:\/\/www.atecordoba.org\/wp-content\/uploads\/2013\/02\/julio-fuentes_paro-nacional_25-2-2013.jpg\" alt=\"\" width=\"900\" height=\"675\" \/><\/a><\/p>\n<p>El CDN, compuesto por los secretarios generales de las provincias y el secretariado nacional, se\u00f1al\u00f3 que lejos de mejorar la situaci\u00f3n salarial \u201clos trabajadores del sector p\u00fablico cada d\u00eda est\u00e1n m\u00e1s pobres\u201d, en especial, la situaci\u00f3n en las administraciones provinciales y municipales, \u201cdonde en muchas de ellas ni siquiera se cumple con el m\u00ednimo vital y m\u00f3vil de 2.875 pesos\u201d.<\/p>\n<p>Julio Fuentes, titular de la conducci\u00f3n nacional de ATE, se\u00f1al\u00f3 la necesidad de pelear por un cambio en el mecanismo de coparticipaci\u00f3n nacional (cuya \u00faltima reforma data del a\u00f1o 1994), y en ese sentido subray\u00f3 que \u201ctenemos trabajadores que no ganan ni mil pesos. Los municipales y provinciales no est\u00e1n incluidos en la Ley del Salario M\u00ednimo, Vital y M\u00f3vil. Y por\u00a0otro lado, agreg\u00f3 que \u201csin una ley de coparticipaci\u00f3n diferente, m\u00e1s justa y federal, estamos condenados al ajuste permanente. Cuando aprueban el presupuesto nacional, nos ponen el techo salarial a todos los estatales, y es por ello que es necesaria la nacionalizaci\u00f3n de nuestras luchas salariales\u201d.<\/p>\n<p><a href=\"http:\/\/www.atecordoba.org\/wp-content\/uploads\/2013\/02\/reunion_mesa-nacional_paro_25-2-2013.jpg\"><img loading=\"lazy\" decoding=\"async\" class=\"aligncenter size-full wp-image-2391\" title=\"reunion_mesa nacional_paro_25-2-2013\" src=\"http:\/\/www.atecordoba.org\/wp-content\/uploads\/2013\/02\/reunion_mesa-nacional_paro_25-2-2013.jpg\" alt=\"\" width=\"448\" height=\"336\" \/><\/a><\/p>\n<p>&nbsp;<\/p>\n<p>Este panorama, tal como fue descripto, cont\u00f3 con el apoyo de los dirigentes de las 20 provincias presentes y del Centro Nacional de Jubilados y Pensionados. Pero adem\u00e1s se hizo hincapi\u00e9 en que esta problem\u00e1tica recrudece cuando se trata de salario de los trabajadores municipales. \u201cEs que desde hace al menos 2 a\u00f1os se siente la ca\u00edda del poder adquisitivo del salario del trabajador debido a la inflaci\u00f3n que supera los aumentos y a una injusta y poco federal coparticipaci\u00f3n de impuestos\u201d, se\u00f1alaron.<\/p>\n<p>En representaci\u00f3n del Consejo Directivo Provincial C\u00f3rdoba estuvo presente el compa\u00f1ero Diego Guerra, prosecretario gremial.<\/p>\n","protected":false},"excerpt":{"rendered":"<p>El Consejo Directivo Nacional, en su primera reuni\u00f3n del a\u00f1o realizada el lunes pasado, resolvi\u00f3 un paro nacional en reclamo de aumentos de salarios, equiparaci\u00f3n en el pago de las asignaciones familiares, igual remuneraci\u00f3n a igual tarea, que el salario m\u00ednimo vital y m\u00f3vil alcance a todos los trabajadores estatales del pa\u00eds, y el pago [&hellip;]<\/p>\n","protected":false},"author":1,"featured_media":19220,"comment_status":"open","ping_status":"open","sticky":false,"template":"","format":"standard","meta":{"_exactmetrics_skip_tracking":false,"_exactmetrics_sitenote_active":false,"_exactmetrics_sitenote_note":"","_exactmetrics_sitenote_category":0,"jnews-multi-image_gallery":[],"jnews_single_post":[],"jnews_primary_category":[],"jnews_social_meta":[],"jnews_review":[],"enable_review":"","type":"","name":"","summary":"","brand":"","sku":"","good":[],"bad":[],"score_override":"","override_value":"","rating":[],"price":[],"jnews_override_counter":[],"jnews_post_split":[],"footnotes":""},"categories":[18],"tags":[],"class_list":["post-2389","post","type-post","status-publish","format-standard","has-post-thumbnail","hentry","category-nacionales"],"jetpack_featured_media_url":"https:\/\/atecordoba.org\/wp-content\/uploads\/2020\/05\/logo-nuevochico-e1561581322808.png","_links":{"self":[{"href":"https:\/\/atecordoba.org\/index.php?rest_route=\/wp\/v2\/posts\/2389","targetHints":{"allow":["GET"]}}],"collection":[{"href":"https:\/\/atecordoba.org\/index.php?rest_route=\/wp\/v2\/posts"}],"about":[{"href":"https:\/\/atecordoba.org\/index.php?rest_route=\/wp\/v2\/types\/post"}],"author":[{"embeddable":true,"href":"https:\/\/atecordoba.org\/index.php?rest_route=\/wp\/v2\/users\/1"}],"replies":[{"embeddable":true,"href":"https:\/\/atecordoba.org\/index.php?rest_route=%2Fwp%2Fv2%2Fcomments&post=2389"}],"version-history":[{"count":0,"href":"https:\/\/atecordoba.org\/index.php?rest_route=\/wp\/v2\/posts\/2389\/revisions"}],"wp:featuredmedia":[{"embeddable":true,"href":"https:\/\/atecordoba.org\/index.php?rest_route=\/wp\/v2\/media\/19220"}],"wp:attachment":[{"href":"https:\/\/atecordoba.org\/index.php?rest_route=%2Fwp%2Fv2%2Fmedia&parent=2389"}],"wp:term":[{"taxonomy":"category","embeddable":true,"href":"https:\/\/atecordoba.org\/index.php?rest_route=%2Fwp%2Fv2%2Fcategories&post=2389"},{"taxonomy":"post_tag","embeddable":true,"href":"https:\/\/atecordoba.org\/index.php?rest_route=%2Fwp%2Fv2%2Ftags&post=2389"}],"curies":[{"name":"wp","href":"https:\/\/api.w.org\/{rel}","templated":true}]}}