{"id":23886,"date":"2020-12-22T19:43:33","date_gmt":"2020-12-22T22:43:33","guid":{"rendered":"https:\/\/atecordoba.org\/?p=23886"},"modified":"2020-12-22T19:44:11","modified_gmt":"2020-12-22T22:44:11","slug":"con-presencia-en-mas-de-100-ciudades-y-comunas-ate-es-la-esperanza-de-los-municipales-de-cordoba","status":"publish","type":"post","link":"https:\/\/atecordoba.org\/?p=23886","title":{"rendered":"Con presencia en m\u00e1s de 100 ciudades y comunas, ATE es la esperanza de los municipales de C\u00f3rdoba"},"content":{"rendered":"<p><img loading=\"lazy\" decoding=\"async\" class=\" wp-image-23887 alignleft\" src=\"https:\/\/atecordoba.org\/wp-content\/uploads\/2020\/12\/WhatsApp-Image-2020-12-22-at-19.39.39-300x300.jpeg\" alt=\"\" width=\"470\" height=\"470\" srcset=\"https:\/\/atecordoba.org\/wp-content\/uploads\/2020\/12\/WhatsApp-Image-2020-12-22-at-19.39.39-300x300.jpeg 300w, https:\/\/atecordoba.org\/wp-content\/uploads\/2020\/12\/WhatsApp-Image-2020-12-22-at-19.39.39-150x150.jpeg 150w, https:\/\/atecordoba.org\/wp-content\/uploads\/2020\/12\/WhatsApp-Image-2020-12-22-at-19.39.39-75x75.jpeg 75w, https:\/\/atecordoba.org\/wp-content\/uploads\/2020\/12\/WhatsApp-Image-2020-12-22-at-19.39.39.jpeg 540w\" sizes=\"auto, (max-width: 470px) 100vw, 470px\" \/>La Asociaci\u00f3n Trabajadores del Estado ostenta la personer\u00eda gremial N\u00ba2 en el pa\u00eds y cuenta con 350 mil afiliados en todo el territorio nacional, con 95 a\u00f1os de historia construyendo dignidad para las y los trabajadores estatales, sean nacionales, provinciales o municipales.<\/p>\n<p>Esta realidad es base y fundamento de la legalidad y legitimidad ATE tiene, fuera de toda discusi\u00f3n, para ejercer con orgullo la representaci\u00f3n de las y los municipales en C\u00f3rdoba, teniendo presencia en 100 ciudades y comunas de la provincia.<\/p>\n<p>Este a\u00f1o 2020 crecimos en la representaci\u00f3n del sector, a pesar de los impedimentos que supone la pandemia para toda actividad como fue de p\u00fablico conocimiento. No obstante se trat\u00f3 de un salto muy importante en las afiliaciones, tanto para la conducci\u00f3n provincial como para cada una de las seccionales que nos integran (Villa Mar\u00eda, R\u00edo Cuarto, R\u00edo Tercero, Cruz del Eje, Adelia Mar\u00eda, San Francisco).<\/p>\n<p>La decisi\u00f3n de crecer entre los municipales es estrat\u00e9gica para ATE en todo el pa\u00eds, atento a que se trata del sector del Estado que vive peores condiciones, en t\u00e9rminos de derechos vulnerados y salarios a la baja. En muchos casos esos haberes ni siquiera no alcanzan a superar la l\u00ednea de la pobreza.<\/p>\n<p>En ese contexto, el crecimiento organizativo entre los municipales no solo es cuantitativo sino cualitativo, apoyado en una campa\u00f1a de afiliaci\u00f3n exclusiva para los municipales, pensada desde la Secretaria de Prensa y Comunicaci\u00f3n del Consejo Directivo Provincial.<\/p>\n<p>As\u00ed hemos logrado creer en cantidad y en calidad, con una campa\u00f1a pensada para promover y enamorar a las y los compa\u00f1eros para que se sumen a nuestro sindicato. Quienes delegados y delegadas, o tienen unas potencialidad para serlo, cuentan para su defensa con un manual especialmente dise\u00f1ado para capacitarse en la acci\u00f3n gremial, en lo pol\u00edtico, y en lo institucional, para que cada representante sea la voz de ATE en la localidad.<\/p>\n<p>En ese sentido, apuntamos tanto a la formaci\u00f3n y capacitaci\u00f3n como a las asambleas en tanto expresi\u00f3n de la voluntad del afiliado y la afiliada. Desde ATE no pensamos en salidas individuales, donde los cuadros dirigenciales se mueven a espaldas de las y los trabajadores, sino que entendemos que a partir de la asamblea, como herramienta de organizaci\u00f3n, de construcci\u00f3n y de lucha, apostando a la posibilidad de crecer y seguir conquistando derechos para este sector, que es el m\u00e1s precarizado de la cadena de trabajadores estatales.<\/p>\n<p>Esta estrategia de organizaci\u00f3n tambi\u00e9n apunta a consolidar los derechos ya ganados, que algunos intendentes e intendentas pretenden desconocer, al comportarse como patrones de estancia frente al personal a su cargo. Son derechos fueron ganados en base al esfuerzo de generaciones de trabajadoras y trabajadores a costa de sangre, sudor y l\u00e1grimas. En consecuencia, crecer en afiliaciones y en organizaci\u00f3n en la garant\u00eda que esos derechos no ser\u00e1n vulnerados.<\/p>\n<p><strong>Negociaci\u00f3n y salario<\/strong><\/p>\n<p>Cabe destacar que en las 100 localidades mencionadas, donde ATE\u00a0 se erige como representante de las y los municipales, nuestro gremio es el mayoritario y por eso llevamos adelante las negociaciones paritarias. Es decir, que estamos sentados frente a los departamentos ejecutivos para concretar las negociaciones salariales, de condiciones de trabajo en cada municipio, as\u00ed como en lo referido al escalaf\u00f3n, la carrera administrativa, los suplementos por tareas riesgosas, el suministro anual de dos mudas de ropa de trabajo al a\u00f1o, etc.<\/p>\n<p>En ATE la pr\u00e1ctica gremial determina que los dirigentes deben estar permanentemente presentes en los sectores de trabajo, para construir desde la cercan\u00eda con cada una de nuestras afiliadas y afiliados. De esta forma, las pol\u00edticas que definamos son consensuadas y acordadas en conjunto. Lo resaltamos para marcar la distancia \u00a0con aquellas pr\u00e1cticas burocr\u00e1ticas de los dirigentes que una vez al mes van a la municipalidad para hablar con los funcionarios y terminan en esa instancia su representaci\u00f3n sindical.<\/p>\n<p>Asimismo, destacamos que en cada discusi\u00f3n salarial que tuvimos este a\u00f1o con los distintos intendentes de C\u00f3rdoba siempre realizamos previamente una discusi\u00f3n con las y los trabajadores, para acordar cu\u00e1l es el porcentaje de recomposici\u00f3n salarial debemos plantear ante el Ejecutivo.<\/p>\n<p>Seguidamente, es la asamblea de trabajadores quien resuelve aceptar o no la oferta oficial, tratando de mantener incluidas las clausulas gatillos en estos periodos de fuerte inflaci\u00f3n, abriendo las mesas de relaciones laborales con las autoridades dos veces al a\u00f1o m\u00ednimamente. Este a\u00f1o fue importante la gesti\u00f3n de los bonos navide\u00f1os y de los bonos de salud, ah\u00ed donde los municipios no cumpl\u00edan con la disposici\u00f3n nacional.<\/p>\n<p>Adem\u00e1s, para ATE siempre es imperioso que nuestras compa\u00f1eras y compa\u00f1eros tengan las condiciones de higiene y seguridad laboral cubierta por lo que es una problem\u00e1tica presente en toda mesa de relaciones laborales.<\/p>\n<p>Por \u00faltimo, cabe se\u00f1alar que no somos mejores ni peores que otras pr\u00e1cticas sindicales pero si diferentes, tenemos una manera de construir organizaci\u00f3n desde la horizontalidad, desde abajo para arriba, donde tratamos de acordar y mantener canales de di\u00e1logo con la patronal. Pero si el di\u00e1logo no llega a buen puerto siempre est\u00e1n las instancias negociaci\u00f3n y de lucha sindical, de ser necesario, para lograr una vida digna para todas las trabajadoras y trabajadores municipales.<\/p>\n<p>&nbsp;<\/p>\n","protected":false},"excerpt":{"rendered":"<p>La Asociaci\u00f3n Trabajadores del Estado ostenta la personer\u00eda gremial N\u00ba2 en el pa\u00eds y cuenta con 350 mil afiliados en todo el territorio nacional, con 95 a\u00f1os de historia construyendo dignidad para las y los trabajadores estatales, sean nacionales, provinciales o municipales. Esta realidad es base y fundamento de la legalidad y legitimidad ATE tiene, [&hellip;]<\/p>\n","protected":false},"author":7,"featured_media":23887,"comment_status":"open","ping_status":"open","sticky":true,"template":"","format":"standard","meta":{"_exactmetrics_skip_tracking":false,"_exactmetrics_sitenote_active":false,"_exactmetrics_sitenote_note":"","_exactmetrics_sitenote_category":0,"jnews-multi-image_gallery":[],"jnews_single_post":{"source_name":"","source_url":"","via_name":"","via_url":"","override_template":"0","override":[{"template":"1","single_blog_custom":"","parallax":"1","fullscreen":"0","layout":"right-sidebar","sidebar":"default-sidebar","second_sidebar":"default-sidebar","sticky_sidebar":"1","share_position":"top","share_float_style":"share-monocrhome","show_share_counter":"1","show_view_counter":"1","show_featured":"1","show_post_meta":"1","show_post_author":"1","show_post_author_image":"1","show_post_date":"1","post_date_format":"default","post_date_format_custom":"Y\/m\/d","show_post_category":"1","show_post_reading_time":"0","post_reading_time_wpm":"300","show_zoom_button":"0","zoom_button_out_step":"2","zoom_button_in_step":"3","show_post_tag":"1","show_prev_next_post":"1","show_popup_post":"1","number_popup_post":"1","show_author_box":"0","show_post_related":"0","show_inline_post_related":"0"}],"override_image_size":"0","image_override":[{"single_post_thumbnail_size":"crop-500","single_post_gallery_size":"crop-500"}],"trending_post":"0","trending_post_position":"meta","trending_post_label":"Trending","sponsored_post":"0","sponsored_post_label":"Sponsored by","sponsored_post_name":"","sponsored_post_url":"","sponsored_post_logo_enable":"0","sponsored_post_logo":"","sponsored_post_desc":""},"jnews_primary_category":{"id":""},"jnews_social_meta":{"fb_title":"","fb_description":"","fb_image":"","twitter_title":"","twitter_description":"","twitter_image":""},"jnews_review":[],"enable_review":"0","type":"percentage","name":"","summary":"","brand":"","sku":"","good":[{"good_text":""}],"bad":[{"bad_text":""}],"score_override":"","override_value":"","rating":[{"rating_text":"","rating_number":"10"}],"price":[{"shop":"","price":"","link":"","icon":""}],"jnews_override_counter":{"override_view_counter":"0","view_counter_number":"0","override_share_counter":"0","share_counter_number":"0","override_like_counter":"0","like_counter_number":"0","override_dislike_counter":"0","dislike_counter_number":"0"},"jnews_post_split":{"enable_post_split":"0","post_split":[{"template":"1","tag":"h2","numbering":"asc","mode":"normal"}]},"footnotes":""},"categories":[20],"tags":[596],"class_list":["post-23886","post","type-post","status-publish","format-standard","has-post-thumbnail","hentry","category-municipales","tag-campana-de-afiliaciones"],"jetpack_featured_media_url":"https:\/\/atecordoba.org\/wp-content\/uploads\/2020\/12\/WhatsApp-Image-2020-12-22-at-19.39.39.jpeg","_links":{"self":[{"href":"https:\/\/atecordoba.org\/index.php?rest_route=\/wp\/v2\/posts\/23886","targetHints":{"allow":["GET"]}}],"collection":[{"href":"https:\/\/atecordoba.org\/index.php?rest_route=\/wp\/v2\/posts"}],"about":[{"href":"https:\/\/atecordoba.org\/index.php?rest_route=\/wp\/v2\/types\/post"}],"author":[{"embeddable":true,"href":"https:\/\/atecordoba.org\/index.php?rest_route=\/wp\/v2\/users\/7"}],"replies":[{"embeddable":true,"href":"https:\/\/atecordoba.org\/index.php?rest_route=%2Fwp%2Fv2%2Fcomments&post=23886"}],"version-history":[{"count":1,"href":"https:\/\/atecordoba.org\/index.php?rest_route=\/wp\/v2\/posts\/23886\/revisions"}],"predecessor-version":[{"id":23888,"href":"https:\/\/atecordoba.org\/index.php?rest_route=\/wp\/v2\/posts\/23886\/revisions\/23888"}],"wp:featuredmedia":[{"embeddable":true,"href":"https:\/\/atecordoba.org\/index.php?rest_route=\/wp\/v2\/media\/23887"}],"wp:attachment":[{"href":"https:\/\/atecordoba.org\/index.php?rest_route=%2Fwp%2Fv2%2Fmedia&parent=23886"}],"wp:term":[{"taxonomy":"category","embeddable":true,"href":"https:\/\/atecordoba.org\/index.php?rest_route=%2Fwp%2Fv2%2Fcategories&post=23886"},{"taxonomy":"post_tag","embeddable":true,"href":"https:\/\/atecordoba.org\/index.php?rest_route=%2Fwp%2Fv2%2Ftags&post=23886"}],"curies":[{"name":"wp","href":"https:\/\/api.w.org\/{rel}","templated":true}]}}