{"id":23847,"date":"2020-12-22T16:00:30","date_gmt":"2020-12-22T19:00:30","guid":{"rendered":"https:\/\/atecordoba.org\/?p=23847"},"modified":"2020-12-22T16:03:53","modified_gmt":"2020-12-22T19:03:53","slug":"plenario-de-ate-educacion-realizo-un-balance-de-la-actividad-del-ano","status":"publish","type":"post","link":"https:\/\/atecordoba.org\/?p=23847","title":{"rendered":"Plenario de ATE educaci\u00f3n realiz\u00f3 un balance de la actividad del a\u00f1o"},"content":{"rendered":"<p><img loading=\"lazy\" decoding=\"async\" class=\" wp-image-23848 aligncenter\" src=\"https:\/\/atecordoba.org\/wp-content\/uploads\/2020\/12\/ate-educacion_zoom-300x180.jpeg\" alt=\"\" width=\"600\" height=\"360\" srcset=\"https:\/\/atecordoba.org\/wp-content\/uploads\/2020\/12\/ate-educacion_zoom-300x180.jpeg 300w, https:\/\/atecordoba.org\/wp-content\/uploads\/2020\/12\/ate-educacion_zoom-1024x614.jpeg 1024w, https:\/\/atecordoba.org\/wp-content\/uploads\/2020\/12\/ate-educacion_zoom-768x461.jpeg 768w, https:\/\/atecordoba.org\/wp-content\/uploads\/2020\/12\/ate-educacion_zoom-750x450.jpeg 750w, https:\/\/atecordoba.org\/wp-content\/uploads\/2020\/12\/ate-educacion_zoom.jpeg 1080w\" sizes=\"auto, (max-width: 600px) 100vw, 600px\" \/>Con la presencia del secretario General del CDP, Federico Giuliani, y los asesores letrados Mar\u00eda Terragno, Paloma Mu\u00f1oz Gamboa y Eugenio Biafore, se llev\u00f3 a cabo una reuni\u00f3n del espacio ATE Educaci\u00f3n con el fin de realizar un balance de fin de a\u00f1o.<\/p>\n<p>En las oportunidad se presentaron nuevos compa\u00f1eros y compa\u00f1eras que se suman al grupo, que viene trabajando desde la conformaci\u00f3n del espacio en junio pasado.<\/p>\n<p>&#8220;Qued\u00f3 asentado el compromiso de profundizar la campa\u00f1a de afiliaciones para crecer en t\u00e9rminos organizativos en el sector. Adem\u00e1s, est\u00e1 previsto avanzar en la conformaci\u00f3n de un estatuto y en el pedido del c\u00f3digo de descuento que afiance la representaci\u00f3n de ATE en el sector&#8221;, explic\u00f3 Mat\u00edas Giuliani, director del Departamento de Salud Laboral ATE C\u00f3rdoba.<\/p>\n<p>Durante el conversatorio virtual, se evalu\u00f3 la participaci\u00f3n de algunos compa\u00f1eros y compa\u00f1eras en los talleres que dict\u00f3 el ISTATE (Instituto de Salud de las y los Trabajadores de ATE) referidos a la vuelta a clase, de cara a retomar la presencialidad en el 2021.<\/p>\n<p>&#8220;Se hizo hincapi\u00e9 en la necesidad de completar la formaci\u00f3n sobre el rol del delegado y la seguridad ene l trabajo, tareas a realizar el a\u00f1o venidero&#8221;, agreg\u00f3 Giuliani.<\/p>\n<p>Y concluy\u00f3 se\u00f1alando que &#8220;se estableci\u00f3 la urgencia de realizar un mapeo para tener presente d\u00f3nde hay representaci\u00f3n y qued\u00f3 pendiente conformar una mesa de coordinaci\u00f3n con representaci\u00f3n territorial en funci\u00f3n del crecimiento organizativo, sumada a la futura concreci\u00f3n de elecciones de delegados y delegadas en los sectores donde sea posible&#8221;.<\/p>\n","protected":false},"excerpt":{"rendered":"<p>Con la presencia del secretario General del CDP, Federico Giuliani, y los asesores letrados Mar\u00eda Terragno, Paloma Mu\u00f1oz Gamboa y Eugenio Biafore, se llev\u00f3 a cabo una reuni\u00f3n del espacio ATE Educaci\u00f3n con el fin de realizar un balance de fin de a\u00f1o. En las oportunidad se presentaron nuevos compa\u00f1eros y compa\u00f1eras que se suman [&hellip;]<\/p>\n","protected":false},"author":7,"featured_media":23848,"comment_status":"open","ping_status":"open","sticky":true,"template":"","format":"standard","meta":{"_exactmetrics_skip_tracking":false,"_exactmetrics_sitenote_active":false,"_exactmetrics_sitenote_note":"","_exactmetrics_sitenote_category":0,"jnews-multi-image_gallery":[],"jnews_single_post":{"source_name":"","source_url":"","via_name":"","via_url":"","override_template":"0","override":[{"template":"1","single_blog_custom":"","parallax":"1","fullscreen":"0","layout":"right-sidebar","sidebar":"default-sidebar","second_sidebar":"default-sidebar","sticky_sidebar":"1","share_position":"top","share_float_style":"share-monocrhome","show_share_counter":"1","show_view_counter":"1","show_featured":"1","show_post_meta":"1","show_post_author":"1","show_post_author_image":"1","show_post_date":"1","post_date_format":"default","post_date_format_custom":"Y\/m\/d","show_post_category":"1","show_post_reading_time":"0","post_reading_time_wpm":"300","show_zoom_button":"0","zoom_button_out_step":"2","zoom_button_in_step":"3","show_post_tag":"1","show_prev_next_post":"1","show_popup_post":"1","number_popup_post":"1","show_author_box":"0","show_post_related":"0","show_inline_post_related":"0"}],"override_image_size":"0","image_override":[{"single_post_thumbnail_size":"crop-500","single_post_gallery_size":"crop-500"}],"trending_post":"0","trending_post_position":"meta","trending_post_label":"Trending","sponsored_post":"0","sponsored_post_label":"Sponsored by","sponsored_post_name":"","sponsored_post_url":"","sponsored_post_logo_enable":"0","sponsored_post_logo":"","sponsored_post_desc":""},"jnews_primary_category":{"id":""},"jnews_social_meta":{"fb_title":"","fb_description":"","fb_image":"","twitter_title":"","twitter_description":"","twitter_image":""},"jnews_review":[],"enable_review":"0","type":"percentage","name":"","summary":"","brand":"","sku":"","good":[{"good_text":""}],"bad":[{"bad_text":""}],"score_override":"","override_value":"","rating":[{"rating_text":"","rating_number":"10"}],"price":[{"shop":"","price":"","link":"","icon":""}],"jnews_override_counter":{"override_view_counter":"0","view_counter_number":"0","override_share_counter":"0","share_counter_number":"0","override_like_counter":"0","like_counter_number":"0","override_dislike_counter":"0","dislike_counter_number":"0"},"jnews_post_split":{"enable_post_split":"0","post_split":[{"template":"1","tag":"h2","numbering":"asc","mode":"normal"}]},"footnotes":""},"categories":[564],"tags":[748],"class_list":["post-23847","post","type-post","status-publish","format-standard","has-post-thumbnail","hentry","category-educacion","tag-balance-anual-ate-educacion"],"jetpack_featured_media_url":"https:\/\/atecordoba.org\/wp-content\/uploads\/2020\/12\/ate-educacion_zoom.jpeg","_links":{"self":[{"href":"https:\/\/atecordoba.org\/index.php?rest_route=\/wp\/v2\/posts\/23847","targetHints":{"allow":["GET"]}}],"collection":[{"href":"https:\/\/atecordoba.org\/index.php?rest_route=\/wp\/v2\/posts"}],"about":[{"href":"https:\/\/atecordoba.org\/index.php?rest_route=\/wp\/v2\/types\/post"}],"author":[{"embeddable":true,"href":"https:\/\/atecordoba.org\/index.php?rest_route=\/wp\/v2\/users\/7"}],"replies":[{"embeddable":true,"href":"https:\/\/atecordoba.org\/index.php?rest_route=%2Fwp%2Fv2%2Fcomments&post=23847"}],"version-history":[{"count":2,"href":"https:\/\/atecordoba.org\/index.php?rest_route=\/wp\/v2\/posts\/23847\/revisions"}],"predecessor-version":[{"id":23850,"href":"https:\/\/atecordoba.org\/index.php?rest_route=\/wp\/v2\/posts\/23847\/revisions\/23850"}],"wp:featuredmedia":[{"embeddable":true,"href":"https:\/\/atecordoba.org\/index.php?rest_route=\/wp\/v2\/media\/23848"}],"wp:attachment":[{"href":"https:\/\/atecordoba.org\/index.php?rest_route=%2Fwp%2Fv2%2Fmedia&parent=23847"}],"wp:term":[{"taxonomy":"category","embeddable":true,"href":"https:\/\/atecordoba.org\/index.php?rest_route=%2Fwp%2Fv2%2Fcategories&post=23847"},{"taxonomy":"post_tag","embeddable":true,"href":"https:\/\/atecordoba.org\/index.php?rest_route=%2Fwp%2Fv2%2Ftags&post=23847"}],"curies":[{"name":"wp","href":"https:\/\/api.w.org\/{rel}","templated":true}]}}