{"id":23844,"date":"2020-12-22T15:13:56","date_gmt":"2020-12-22T18:13:56","guid":{"rendered":"https:\/\/atecordoba.org\/?p=23844"},"modified":"2020-12-22T16:06:37","modified_gmt":"2020-12-22T19:06:37","slug":"upc-delegados-normalizadores-evaluan-conformar-una-junta-interna","status":"publish","type":"post","link":"https:\/\/atecordoba.org\/?p=23844","title":{"rendered":"UPC: delegadas y delegados normalizadores eval\u00faan conformar una junta interna"},"content":{"rendered":"<p><img loading=\"lazy\" decoding=\"async\" class=\" wp-image-23845 aligncenter\" src=\"https:\/\/atecordoba.org\/wp-content\/uploads\/2020\/12\/upc-caja-navide\u00f1a-300x169.jpeg\" alt=\"\" width=\"602\" height=\"339\" srcset=\"https:\/\/atecordoba.org\/wp-content\/uploads\/2020\/12\/upc-caja-navide\u00f1a-300x169.jpeg 300w, https:\/\/atecordoba.org\/wp-content\/uploads\/2020\/12\/upc-caja-navide\u00f1a-1024x576.jpeg 1024w, https:\/\/atecordoba.org\/wp-content\/uploads\/2020\/12\/upc-caja-navide\u00f1a-768x432.jpeg 768w, https:\/\/atecordoba.org\/wp-content\/uploads\/2020\/12\/upc-caja-navide\u00f1a-750x422.jpeg 750w, https:\/\/atecordoba.org\/wp-content\/uploads\/2020\/12\/upc-caja-navide\u00f1a.jpeg 1080w\" sizes=\"auto, (max-width: 602px) 100vw, 602px\" \/>Tras la presentaci\u00f3n formal en ATE de la incorporaci\u00f3n de las y los trabajadores de la Universidad Provincial de C\u00f3rdoba (UPC) se realiz\u00f3 un balance de la pol\u00edtica que nuestro gremio tendr\u00e1 para el sector, en funci\u00f3n de las demandas de las y los compa\u00f1eros.<\/p>\n<p>El secretario Adjunto del Consejo Directivo Provincial, Hugo Duran, confi\u00f3 que las y los trabajadores tienen &#8220;todas las garant\u00edas para desarrollar la actividad. Cerrando un a\u00f1o que va a ser conflictivo en torno a tratar de democratizar la universidad, incorporando a todos y cada uno de los integrantes de la comunidad educativa. Y avanzar con el proyecto de terminar con la precarizaci\u00f3n, sea acad\u00e9mica o laboral. Desde ese lugar vamos a estar apoyando a los compa\u00f1eros y para que esas demandas tengan su fruto&#8221;.<\/p>\n<p>Por su parte el delegado normalizador de ATE en el sector, Juan Valfre, sostuvo que &#8220;estamos con mucha expectativa de podernos organizar en ATE, a partir del conflicto que se genera por la reglamentaci\u00f3n de evaluaci\u00f3n acad\u00e9mica que tiene por fin \u00fanicamente conceder o no el derecho a participar en la vidas democr\u00e1tica de la universidad, atento a que excluye al 30% de nuestros docentes&#8221;.<\/p>\n<p>La evaluaci\u00f3n acad\u00e9mica no puede ser un acto coercitivo que impida el derecho a participar de la vida democr\u00e1tica ya que el derecho se tiene por el car\u00e1cter de trabajador de la instituci\u00f3n. De lo contrario, se desvirt\u00faa el mecanismo de evaluaci\u00f3n acad\u00e9mica, que debe apuntar la calidad educativa.<\/p>\n<p>&#8220;Utilizar esa herramienta para excluir a trabajadoras y trabajadores de la participaci\u00f3n democr\u00e1tica es soslayar al sistema universitario nacional, que tiene como fin la conformaci\u00f3n de \u00f3rganos de cogobierno como base de la autonom\u00eda universitaria&#8221;, apunt\u00f3 Valfr\u00e9.<\/p>\n<p>El dirigente dijo que &#8220;como delegados normalizadores tenemos como meta en el corto plazo conformar una junta interna de ATE para tener la primera elecci\u00f3n democr\u00e1tica en al UPC despu\u00e9s de 7 a\u00f1os&#8221;.<\/p>\n<p>Y concluy\u00f3 con un mensaje dirigido a las autoridades universitarias: &#8220;invitamos al rectorado a convocar a los trabajadores y trabajadoras a que nos siente a dialogar&#8221;.<\/p>\n<p>Los delegados retiraron cajas navide\u00f1as para las y los afiliados, que ya superan el centenar de trabajadores y trabajadoras.<\/p>\n","protected":false},"excerpt":{"rendered":"<p>Tras la presentaci\u00f3n formal en ATE de la incorporaci\u00f3n de las y los trabajadores de la Universidad Provincial de C\u00f3rdoba (UPC) se realiz\u00f3 un balance de la pol\u00edtica que nuestro gremio tendr\u00e1 para el sector, en funci\u00f3n de las demandas de las y los compa\u00f1eros. El secretario Adjunto del Consejo Directivo Provincial, Hugo Duran, confi\u00f3 [&hellip;]<\/p>\n","protected":false},"author":7,"featured_media":23845,"comment_status":"open","ping_status":"open","sticky":true,"template":"","format":"standard","meta":{"_exactmetrics_skip_tracking":false,"_exactmetrics_sitenote_active":false,"_exactmetrics_sitenote_note":"","_exactmetrics_sitenote_category":0,"jnews-multi-image_gallery":[],"jnews_single_post":{"source_name":"","source_url":"","via_name":"","via_url":"","override_template":"0","override":[{"template":"1","single_blog_custom":"","parallax":"1","fullscreen":"0","layout":"right-sidebar","sidebar":"default-sidebar","second_sidebar":"default-sidebar","sticky_sidebar":"1","share_position":"top","share_float_style":"share-monocrhome","show_share_counter":"1","show_view_counter":"1","show_featured":"1","show_post_meta":"1","show_post_author":"1","show_post_author_image":"1","show_post_date":"1","post_date_format":"default","post_date_format_custom":"Y\/m\/d","show_post_category":"1","show_post_reading_time":"0","post_reading_time_wpm":"300","show_zoom_button":"0","zoom_button_out_step":"2","zoom_button_in_step":"3","show_post_tag":"1","show_prev_next_post":"1","show_popup_post":"1","number_popup_post":"1","show_author_box":"0","show_post_related":"0","show_inline_post_related":"0"}],"override_image_size":"0","image_override":[{"single_post_thumbnail_size":"crop-500","single_post_gallery_size":"crop-500"}],"trending_post":"0","trending_post_position":"meta","trending_post_label":"Trending","sponsored_post":"0","sponsored_post_label":"Sponsored by","sponsored_post_name":"","sponsored_post_url":"","sponsored_post_logo_enable":"0","sponsored_post_logo":"","sponsored_post_desc":""},"jnews_primary_category":{"id":""},"jnews_social_meta":{"fb_title":"","fb_description":"","fb_image":"","twitter_title":"","twitter_description":"","twitter_image":""},"jnews_review":[],"enable_review":"0","type":"percentage","name":"","summary":"","brand":"","sku":"","good":[{"good_text":""}],"bad":[{"bad_text":""}],"score_override":"","override_value":"","rating":[{"rating_text":"","rating_number":"10"}],"price":[{"shop":"","price":"","link":"","icon":""}],"jnews_override_counter":{"override_view_counter":"0","view_counter_number":"0","override_share_counter":"0","share_counter_number":"0","override_like_counter":"0","like_counter_number":"0","override_dislike_counter":"0","dislike_counter_number":"0"},"jnews_post_split":{"enable_post_split":"0","post_split":[{"template":"1","tag":"h2","numbering":"asc","mode":"normal"}]},"footnotes":""},"categories":[8],"tags":[729],"class_list":["post-23844","post","type-post","status-publish","format-standard","has-post-thumbnail","hentry","category-provinciales","tag-universidad-provincial-de-cordoba"],"jetpack_featured_media_url":"https:\/\/atecordoba.org\/wp-content\/uploads\/2020\/12\/upc-caja-navide\u00f1a.jpeg","_links":{"self":[{"href":"https:\/\/atecordoba.org\/index.php?rest_route=\/wp\/v2\/posts\/23844","targetHints":{"allow":["GET"]}}],"collection":[{"href":"https:\/\/atecordoba.org\/index.php?rest_route=\/wp\/v2\/posts"}],"about":[{"href":"https:\/\/atecordoba.org\/index.php?rest_route=\/wp\/v2\/types\/post"}],"author":[{"embeddable":true,"href":"https:\/\/atecordoba.org\/index.php?rest_route=\/wp\/v2\/users\/7"}],"replies":[{"embeddable":true,"href":"https:\/\/atecordoba.org\/index.php?rest_route=%2Fwp%2Fv2%2Fcomments&post=23844"}],"version-history":[{"count":2,"href":"https:\/\/atecordoba.org\/index.php?rest_route=\/wp\/v2\/posts\/23844\/revisions"}],"predecessor-version":[{"id":23851,"href":"https:\/\/atecordoba.org\/index.php?rest_route=\/wp\/v2\/posts\/23844\/revisions\/23851"}],"wp:featuredmedia":[{"embeddable":true,"href":"https:\/\/atecordoba.org\/index.php?rest_route=\/wp\/v2\/media\/23845"}],"wp:attachment":[{"href":"https:\/\/atecordoba.org\/index.php?rest_route=%2Fwp%2Fv2%2Fmedia&parent=23844"}],"wp:term":[{"taxonomy":"category","embeddable":true,"href":"https:\/\/atecordoba.org\/index.php?rest_route=%2Fwp%2Fv2%2Fcategories&post=23844"},{"taxonomy":"post_tag","embeddable":true,"href":"https:\/\/atecordoba.org\/index.php?rest_route=%2Fwp%2Fv2%2Ftags&post=23844"}],"curies":[{"name":"wp","href":"https:\/\/api.w.org\/{rel}","templated":true}]}}