{"id":23798,"date":"2020-12-18T11:14:03","date_gmt":"2020-12-18T14:14:03","guid":{"rendered":"https:\/\/atecordoba.org\/?p=23798"},"modified":"2020-12-18T11:14:03","modified_gmt":"2020-12-18T14:14:03","slug":"conversatorio-virtual-sobre-la-situacion-del-movimiento-obrero","status":"publish","type":"post","link":"https:\/\/atecordoba.org\/?p=23798","title":{"rendered":"Conversatorio virtual sobre la situaci\u00f3n del movimiento obrero"},"content":{"rendered":"<p><img loading=\"lazy\" decoding=\"async\" class=\" wp-image-23799 aligncenter\" src=\"https:\/\/atecordoba.org\/wp-content\/uploads\/2020\/12\/zoom-mov-obrero-300x300.jpeg\" alt=\"\" width=\"508\" height=\"508\" srcset=\"https:\/\/atecordoba.org\/wp-content\/uploads\/2020\/12\/zoom-mov-obrero-300x300.jpeg 300w, https:\/\/atecordoba.org\/wp-content\/uploads\/2020\/12\/zoom-mov-obrero-1024x1024.jpeg 1024w, https:\/\/atecordoba.org\/wp-content\/uploads\/2020\/12\/zoom-mov-obrero-150x150.jpeg 150w, https:\/\/atecordoba.org\/wp-content\/uploads\/2020\/12\/zoom-mov-obrero-768x768.jpeg 768w, https:\/\/atecordoba.org\/wp-content\/uploads\/2020\/12\/zoom-mov-obrero-560x560.jpeg 560w, https:\/\/atecordoba.org\/wp-content\/uploads\/2020\/12\/zoom-mov-obrero-75x75.jpeg 75w, https:\/\/atecordoba.org\/wp-content\/uploads\/2020\/12\/zoom-mov-obrero-750x750.jpeg 750w, https:\/\/atecordoba.org\/wp-content\/uploads\/2020\/12\/zoom-mov-obrero.jpeg 1080w\" sizes=\"auto, (max-width: 508px) 100vw, 508px\" \/>Hoy a las 18 horas se realizar\u00e1 un conversatorio virtual en el marco el ciclo de charlas que impulsa el Semanario El Meg\u00e1fono.<\/p>\n<p>En la oportunidad se abordar\u00e1 la situaci\u00f3n de Movimiento Obrero con la participaci\u00f3n del secretario General del Consejo Directivo Provincial, Federico Giuliani, junto al secretario General de la Federaci\u00f3n de Aceiteros, Daniel Yofra, y el secretario General de Sadop Rosario, Mart\u00edn Lucero.<\/p>\n<p>Para sumarse al conversatorio hay que ingresar a las redes sociales de https:\/\/elmegafono.net\/<\/p>\n","protected":false},"excerpt":{"rendered":"<p>Hoy a las 18 horas se realizar\u00e1 un conversatorio virtual en el marco el ciclo de charlas que impulsa el Semanario El Meg\u00e1fono. En la oportunidad se abordar\u00e1 la situaci\u00f3n de Movimiento Obrero con la participaci\u00f3n del secretario General del Consejo Directivo Provincial, Federico Giuliani, junto al secretario General de la Federaci\u00f3n de Aceiteros, Daniel [&hellip;]<\/p>\n","protected":false},"author":7,"featured_media":23799,"comment_status":"open","ping_status":"open","sticky":true,"template":"","format":"standard","meta":{"_exactmetrics_skip_tracking":false,"_exactmetrics_sitenote_active":false,"_exactmetrics_sitenote_note":"","_exactmetrics_sitenote_category":0,"jnews-multi-image_gallery":[],"jnews_single_post":{"source_name":"","source_url":"","via_name":"","via_url":"","override_template":"0","override":[{"template":"1","single_blog_custom":"","parallax":"1","fullscreen":"0","layout":"right-sidebar","sidebar":"default-sidebar","second_sidebar":"default-sidebar","sticky_sidebar":"1","share_position":"top","share_float_style":"share-monocrhome","show_share_counter":"1","show_view_counter":"1","show_featured":"1","show_post_meta":"1","show_post_author":"1","show_post_author_image":"1","show_post_date":"1","post_date_format":"default","post_date_format_custom":"Y\/m\/d","show_post_category":"1","show_post_reading_time":"0","post_reading_time_wpm":"300","show_zoom_button":"0","zoom_button_out_step":"2","zoom_button_in_step":"3","show_post_tag":"1","show_prev_next_post":"1","show_popup_post":"1","number_popup_post":"1","show_author_box":"0","show_post_related":"0","show_inline_post_related":"0"}],"override_image_size":"0","image_override":[{"single_post_thumbnail_size":"crop-500","single_post_gallery_size":"crop-500"}],"trending_post":"0","trending_post_position":"meta","trending_post_label":"Trending","sponsored_post":"0","sponsored_post_label":"Sponsored by","sponsored_post_name":"","sponsored_post_url":"","sponsored_post_logo_enable":"0","sponsored_post_logo":"","sponsored_post_desc":""},"jnews_primary_category":{"id":""},"jnews_social_meta":{"fb_title":"","fb_description":"","fb_image":"","twitter_title":"","twitter_description":"","twitter_image":""},"jnews_review":[],"enable_review":"0","type":"percentage","name":"","summary":"","brand":"","sku":"","good":[{"good_text":""}],"bad":[{"bad_text":""}],"score_override":"","override_value":"","rating":[{"rating_text":"","rating_number":"10"}],"price":[{"shop":"","price":"","link":"","icon":""}],"jnews_override_counter":{"override_view_counter":"0","view_counter_number":"0","override_share_counter":"0","share_counter_number":"0","override_like_counter":"0","like_counter_number":"0","override_dislike_counter":"0","dislike_counter_number":"0"},"jnews_post_split":{"enable_post_split":"0","post_split":[{"template":"1","tag":"h2","numbering":"asc","mode":"normal"}]},"footnotes":""},"categories":[10],"tags":[507,744],"class_list":["post-23798","post","type-post","status-publish","format-standard","has-post-thumbnail","hentry","category-accion-politica","tag-charla-debate","tag-movimiento-obrero"],"jetpack_featured_media_url":"https:\/\/atecordoba.org\/wp-content\/uploads\/2020\/12\/zoom-mov-obrero.jpeg","_links":{"self":[{"href":"https:\/\/atecordoba.org\/index.php?rest_route=\/wp\/v2\/posts\/23798","targetHints":{"allow":["GET"]}}],"collection":[{"href":"https:\/\/atecordoba.org\/index.php?rest_route=\/wp\/v2\/posts"}],"about":[{"href":"https:\/\/atecordoba.org\/index.php?rest_route=\/wp\/v2\/types\/post"}],"author":[{"embeddable":true,"href":"https:\/\/atecordoba.org\/index.php?rest_route=\/wp\/v2\/users\/7"}],"replies":[{"embeddable":true,"href":"https:\/\/atecordoba.org\/index.php?rest_route=%2Fwp%2Fv2%2Fcomments&post=23798"}],"version-history":[{"count":1,"href":"https:\/\/atecordoba.org\/index.php?rest_route=\/wp\/v2\/posts\/23798\/revisions"}],"predecessor-version":[{"id":23800,"href":"https:\/\/atecordoba.org\/index.php?rest_route=\/wp\/v2\/posts\/23798\/revisions\/23800"}],"wp:featuredmedia":[{"embeddable":true,"href":"https:\/\/atecordoba.org\/index.php?rest_route=\/wp\/v2\/media\/23799"}],"wp:attachment":[{"href":"https:\/\/atecordoba.org\/index.php?rest_route=%2Fwp%2Fv2%2Fmedia&parent=23798"}],"wp:term":[{"taxonomy":"category","embeddable":true,"href":"https:\/\/atecordoba.org\/index.php?rest_route=%2Fwp%2Fv2%2Fcategories&post=23798"},{"taxonomy":"post_tag","embeddable":true,"href":"https:\/\/atecordoba.org\/index.php?rest_route=%2Fwp%2Fv2%2Ftags&post=23798"}],"curies":[{"name":"wp","href":"https:\/\/api.w.org\/{rel}","templated":true}]}}