{"id":23795,"date":"2020-12-18T11:01:42","date_gmt":"2020-12-18T14:01:42","guid":{"rendered":"https:\/\/atecordoba.org\/?p=23795"},"modified":"2020-12-18T11:01:42","modified_gmt":"2020-12-18T14:01:42","slug":"ahora-conferencia-de-prensa-por-la-universidad-provincial","status":"publish","type":"post","link":"https:\/\/atecordoba.org\/?p=23795","title":{"rendered":"#Ahora: conferencia de prensa por la Universidad Provincial"},"content":{"rendered":"<p>Despu\u00e9s que un importante grupo de trabajadores y trabajadoras de la Universidad Provincial de C\u00f3rdoba resolviera afiliarse a ATE, nuestro gremio <a href=\"https:\/\/atecordoba.org\/?p=23563\">comenz\u00f3 el proceso organizativo<\/a> en el sector.<\/p>\n<p><img loading=\"lazy\" decoding=\"async\" class=\" wp-image-23796 aligncenter\" src=\"https:\/\/atecordoba.org\/wp-content\/uploads\/2020\/12\/univ-provincial-300x199.jpg\" alt=\"\" width=\"555\" height=\"368\" srcset=\"https:\/\/atecordoba.org\/wp-content\/uploads\/2020\/12\/univ-provincial-300x199.jpg 300w, https:\/\/atecordoba.org\/wp-content\/uploads\/2020\/12\/univ-provincial-768x509.jpg 768w, https:\/\/atecordoba.org\/wp-content\/uploads\/2020\/12\/univ-provincial-750x497.jpg 750w, https:\/\/atecordoba.org\/wp-content\/uploads\/2020\/12\/univ-provincial.jpg 1024w\" sizes=\"auto, (max-width: 555px) 100vw, 555px\" \/>En consecuencia, hoy desde las 11 horas, en la sede de ATE se llevar\u00e1 a cabo una conferencia de prensa, el secretario General de ATE C\u00f3rdoba, Federico Giuliani, realizar\u00e1 una conferencia de prensa junto a delegados y delegadas normalizadores del sector a los fines de hacer p\u00fablicos los problemas que afrontan en la instituci\u00f3n.<\/p>\n<p>Cada trabajador y trabajadora de la Universidad son ciudadanos y ciudadanas universitarias, con plena potestad de elegir y formar parte de los \u00f3rganos cogobernados y otras instancias representativas de gobierno de la UPC y as\u00ed deben ser reconocidos.<\/p>\n<p>De esta forma, se trata de derechos pol\u00edticos que deben ser respetados a priori: las evaluaciones que se pretenden instaurar para \u201ccategorizar\u201d a quienes puedan o no elegir y ser elegidos cercenan el esp\u00edritu democr\u00e1tico que deber\u00eda tener la instituci\u00f3n.<\/p>\n<p>Vale se\u00f1alar que la UPC se encuentra en proceso de normalizaci\u00f3n que exige la normativa del Consejo Interuniversitaario Nacional (CIN).<\/p>\n","protected":false},"excerpt":{"rendered":"<p>Despu\u00e9s que un importante grupo de trabajadores y trabajadoras de la Universidad Provincial de C\u00f3rdoba resolviera afiliarse a ATE, nuestro gremio comenz\u00f3 el proceso organizativo en el sector. En consecuencia, hoy desde las 11 horas, en la sede de ATE se llevar\u00e1 a cabo una conferencia de prensa, el secretario General de ATE C\u00f3rdoba, Federico [&hellip;]<\/p>\n","protected":false},"author":7,"featured_media":23796,"comment_status":"open","ping_status":"open","sticky":true,"template":"","format":"standard","meta":{"_exactmetrics_skip_tracking":false,"_exactmetrics_sitenote_active":false,"_exactmetrics_sitenote_note":"","_exactmetrics_sitenote_category":0,"jnews-multi-image_gallery":[],"jnews_single_post":{"source_name":"","source_url":"","via_name":"","via_url":"","override_template":"0","override":[{"template":"1","single_blog_custom":"","parallax":"1","fullscreen":"0","layout":"right-sidebar","sidebar":"default-sidebar","second_sidebar":"default-sidebar","sticky_sidebar":"1","share_position":"top","share_float_style":"share-monocrhome","show_share_counter":"1","show_view_counter":"1","show_featured":"1","show_post_meta":"1","show_post_author":"1","show_post_author_image":"1","show_post_date":"1","post_date_format":"default","post_date_format_custom":"Y\/m\/d","show_post_category":"1","show_post_reading_time":"0","post_reading_time_wpm":"300","show_zoom_button":"0","zoom_button_out_step":"2","zoom_button_in_step":"3","show_post_tag":"1","show_prev_next_post":"1","show_popup_post":"1","number_popup_post":"1","show_author_box":"0","show_post_related":"0","show_inline_post_related":"0"}],"override_image_size":"0","image_override":[{"single_post_thumbnail_size":"crop-500","single_post_gallery_size":"crop-500"}],"trending_post":"0","trending_post_position":"meta","trending_post_label":"Trending","sponsored_post":"0","sponsored_post_label":"Sponsored by","sponsored_post_name":"","sponsored_post_url":"","sponsored_post_logo_enable":"0","sponsored_post_logo":"","sponsored_post_desc":""},"jnews_primary_category":{"id":""},"jnews_social_meta":{"fb_title":"","fb_description":"","fb_image":"","twitter_title":"","twitter_description":"","twitter_image":""},"jnews_review":[],"enable_review":"0","type":"percentage","name":"","summary":"","brand":"","sku":"","good":[{"good_text":""}],"bad":[{"bad_text":""}],"score_override":"","override_value":"","rating":[{"rating_text":"","rating_number":"10"}],"price":[{"shop":"","price":"","link":"","icon":""}],"jnews_override_counter":{"override_view_counter":"0","view_counter_number":"0","override_share_counter":"0","share_counter_number":"0","override_like_counter":"0","like_counter_number":"0","override_dislike_counter":"0","dislike_counter_number":"0"},"jnews_post_split":{"enable_post_split":"0","post_split":[{"template":"1","tag":"h2","numbering":"asc","mode":"normal"}]},"footnotes":""},"categories":[8],"tags":[729],"class_list":["post-23795","post","type-post","status-publish","format-standard","has-post-thumbnail","hentry","category-provinciales","tag-universidad-provincial-de-cordoba"],"jetpack_featured_media_url":"https:\/\/atecordoba.org\/wp-content\/uploads\/2020\/12\/univ-provincial.jpg","_links":{"self":[{"href":"https:\/\/atecordoba.org\/index.php?rest_route=\/wp\/v2\/posts\/23795","targetHints":{"allow":["GET"]}}],"collection":[{"href":"https:\/\/atecordoba.org\/index.php?rest_route=\/wp\/v2\/posts"}],"about":[{"href":"https:\/\/atecordoba.org\/index.php?rest_route=\/wp\/v2\/types\/post"}],"author":[{"embeddable":true,"href":"https:\/\/atecordoba.org\/index.php?rest_route=\/wp\/v2\/users\/7"}],"replies":[{"embeddable":true,"href":"https:\/\/atecordoba.org\/index.php?rest_route=%2Fwp%2Fv2%2Fcomments&post=23795"}],"version-history":[{"count":1,"href":"https:\/\/atecordoba.org\/index.php?rest_route=\/wp\/v2\/posts\/23795\/revisions"}],"predecessor-version":[{"id":23797,"href":"https:\/\/atecordoba.org\/index.php?rest_route=\/wp\/v2\/posts\/23795\/revisions\/23797"}],"wp:featuredmedia":[{"embeddable":true,"href":"https:\/\/atecordoba.org\/index.php?rest_route=\/wp\/v2\/media\/23796"}],"wp:attachment":[{"href":"https:\/\/atecordoba.org\/index.php?rest_route=%2Fwp%2Fv2%2Fmedia&parent=23795"}],"wp:term":[{"taxonomy":"category","embeddable":true,"href":"https:\/\/atecordoba.org\/index.php?rest_route=%2Fwp%2Fv2%2Fcategories&post=23795"},{"taxonomy":"post_tag","embeddable":true,"href":"https:\/\/atecordoba.org\/index.php?rest_route=%2Fwp%2Fv2%2Ftags&post=23795"}],"curies":[{"name":"wp","href":"https:\/\/api.w.org\/{rel}","templated":true}]}}