{"id":23787,"date":"2020-12-18T09:28:42","date_gmt":"2020-12-18T12:28:42","guid":{"rendered":"https:\/\/atecordoba.org\/?p=23787"},"modified":"2020-12-18T14:23:45","modified_gmt":"2020-12-18T17:23:45","slug":"san-francisco-ate-solicito-un-bono-de-fin-de-ano","status":"publish","type":"post","link":"https:\/\/atecordoba.org\/?p=23787","title":{"rendered":"San Francisco: ATE solicit\u00f3 un bono de fin de a\u00f1o"},"content":{"rendered":"<p><img loading=\"lazy\" decoding=\"async\" class=\" wp-image-23811 aligncenter\" src=\"https:\/\/atecordoba.org\/wp-content\/uploads\/2020\/12\/132033645_866142757483414_3559973135792936770_o-300x178.jpg\" alt=\"\" width=\"605\" height=\"359\" srcset=\"https:\/\/atecordoba.org\/wp-content\/uploads\/2020\/12\/132033645_866142757483414_3559973135792936770_o-300x178.jpg 300w, https:\/\/atecordoba.org\/wp-content\/uploads\/2020\/12\/132033645_866142757483414_3559973135792936770_o-1024x606.jpg 1024w, https:\/\/atecordoba.org\/wp-content\/uploads\/2020\/12\/132033645_866142757483414_3559973135792936770_o-768x455.jpg 768w, https:\/\/atecordoba.org\/wp-content\/uploads\/2020\/12\/132033645_866142757483414_3559973135792936770_o-750x444.jpg 750w, https:\/\/atecordoba.org\/wp-content\/uploads\/2020\/12\/132033645_866142757483414_3559973135792936770_o-1140x675.jpg 1140w, https:\/\/atecordoba.org\/wp-content\/uploads\/2020\/12\/132033645_866142757483414_3559973135792936770_o.jpg 1280w\" sizes=\"auto, (max-width: 605px) 100vw, 605px\" \/>Los referentes de ATE San Francisco Dar\u00edo Paredes y Horacio Perna mantuvieron hoy una reuni\u00f3n con el Secretario de Gobierno de la Municipalidad de San Francisco, Dami\u00e1n Bernarte, para solicitar al Ejecutivo una recomposici\u00f3n salarial a cobrar con el sueldo del mes de diciembre, a los fines de amortizar las diferencias econ\u00f3micas, entre el aumento salarial recibido y la inflaci\u00f3n del a\u00f1o 2020.<\/p>\n<p>En ese sentido, los compa\u00f1eros pidieron un bono de fin de a\u00f1o, tal como establece la nota presentada oportunamente, teni\u00e9ndolo en cuenta tambi\u00e9n como un reconocimiento al empleado municipal que trabajo durante toda la pandemia.<\/p>\n<p>Ahora, las y los trabajadores aguardan una respuesta positiva para acercar un poco de dignidad a la mesa de sus familias para estas fiestas.<\/p>\n<p>&nbsp;<\/p>\n<div id='gallery_1' class='gallery galleryid-23787 gallery-columns-2 gallery-size-full'><figure class='gallery-item'>\n                <div class='gallery-icon portrait'>\n                    <a href='https:\/\/atecordoba.org\/wp-content\/uploads\/2020\/12\/nota-bono2.jpg'><img loading=\"lazy\" decoding=\"async\" width=\"723\" height=\"960\" src=\"\" class=\"attachment-full size-full lazyload\" alt=\"\" data-src=\"https:\/\/atecordoba.org\/wp-content\/uploads\/2020\/12\/nota-bono2.jpg\" data-sizes=\"auto\" data-srcset=\"https:\/\/atecordoba.org\/wp-content\/uploads\/2020\/12\/nota-bono2.jpg 723w, https:\/\/atecordoba.org\/wp-content\/uploads\/2020\/12\/nota-bono2-226x300.jpg 226w\" data-expand=\"700\" \/><\/a>\n                <\/div><\/figure><figure class='gallery-item'>\n                <div class='gallery-icon portrait'>\n                    <a href='https:\/\/atecordoba.org\/wp-content\/uploads\/2020\/12\/nota-bono1.jpg'><img loading=\"lazy\" decoding=\"async\" width=\"623\" height=\"960\" src=\"\" class=\"attachment-full size-full lazyload\" alt=\"\" data-src=\"https:\/\/atecordoba.org\/wp-content\/uploads\/2020\/12\/nota-bono1.jpg\" data-sizes=\"auto\" data-srcset=\"https:\/\/atecordoba.org\/wp-content\/uploads\/2020\/12\/nota-bono1.jpg 623w, https:\/\/atecordoba.org\/wp-content\/uploads\/2020\/12\/nota-bono1-195x300.jpg 195w\" data-expand=\"700\" \/><\/a>\n                <\/div><\/figure><br style=\"clear: both\" \/>\n            <\/div>\n\n","protected":false},"excerpt":{"rendered":"<p>Los referentes de ATE San Francisco Dar\u00edo Paredes y Horacio Perna mantuvieron hoy una reuni\u00f3n con el Secretario de Gobierno de la Municipalidad de San Francisco, Dami\u00e1n Bernarte, para solicitar al Ejecutivo una recomposici\u00f3n salarial a cobrar con el sueldo del mes de diciembre, a los fines de amortizar las diferencias econ\u00f3micas, entre el aumento [&hellip;]<\/p>\n","protected":false},"author":7,"featured_media":23811,"comment_status":"open","ping_status":"open","sticky":true,"template":"","format":"standard","meta":{"_exactmetrics_skip_tracking":false,"_exactmetrics_sitenote_active":false,"_exactmetrics_sitenote_note":"","_exactmetrics_sitenote_category":0,"jnews-multi-image_gallery":[],"jnews_single_post":{"source_name":"","source_url":"","via_name":"","via_url":"","override_template":"0","override":[{"template":"1","single_blog_custom":"","parallax":"1","fullscreen":"0","layout":"right-sidebar","sidebar":"default-sidebar","second_sidebar":"default-sidebar","sticky_sidebar":"1","share_position":"top","share_float_style":"share-monocrhome","show_share_counter":"1","show_view_counter":"1","show_featured":"1","show_post_meta":"1","show_post_author":"1","show_post_author_image":"1","show_post_date":"1","post_date_format":"default","post_date_format_custom":"Y\/m\/d","show_post_category":"1","show_post_reading_time":"0","post_reading_time_wpm":"300","show_zoom_button":"0","zoom_button_out_step":"2","zoom_button_in_step":"3","show_post_tag":"1","show_prev_next_post":"1","show_popup_post":"1","number_popup_post":"1","show_author_box":"0","show_post_related":"0","show_inline_post_related":"0"}],"override_image_size":"0","image_override":[{"single_post_thumbnail_size":"crop-500","single_post_gallery_size":"crop-500"}],"trending_post":"0","trending_post_position":"meta","trending_post_label":"Trending","sponsored_post":"0","sponsored_post_label":"Sponsored by","sponsored_post_name":"","sponsored_post_url":"","sponsored_post_logo_enable":"0","sponsored_post_logo":"","sponsored_post_desc":""},"jnews_primary_category":{"id":""},"jnews_social_meta":{"fb_title":"","fb_description":"","fb_image":"","twitter_title":"","twitter_description":"","twitter_image":""},"jnews_review":[],"enable_review":"0","type":"percentage","name":"","summary":"","brand":"","sku":"","good":[{"good_text":""}],"bad":[{"bad_text":""}],"score_override":"","override_value":"","rating":[{"rating_text":"","rating_number":"10"}],"price":[{"shop":"","price":"","link":"","icon":""}],"jnews_override_counter":{"override_view_counter":"0","view_counter_number":"0","override_share_counter":"0","share_counter_number":"0","override_like_counter":"0","like_counter_number":"0","override_dislike_counter":"0","dislike_counter_number":"0"},"jnews_post_split":{"enable_post_split":"0","post_split":[{"template":"1","tag":"h2","numbering":"asc","mode":"normal"}]},"footnotes":""},"categories":[20,148],"tags":[482],"class_list":["post-23787","post","type-post","status-publish","format-standard","has-post-thumbnail","hentry","category-municipales","category-san-justo","tag-municipalidad-de-san-francisco"],"jetpack_featured_media_url":"https:\/\/atecordoba.org\/wp-content\/uploads\/2020\/12\/132033645_866142757483414_3559973135792936770_o.jpg","_links":{"self":[{"href":"https:\/\/atecordoba.org\/index.php?rest_route=\/wp\/v2\/posts\/23787","targetHints":{"allow":["GET"]}}],"collection":[{"href":"https:\/\/atecordoba.org\/index.php?rest_route=\/wp\/v2\/posts"}],"about":[{"href":"https:\/\/atecordoba.org\/index.php?rest_route=\/wp\/v2\/types\/post"}],"author":[{"embeddable":true,"href":"https:\/\/atecordoba.org\/index.php?rest_route=\/wp\/v2\/users\/7"}],"replies":[{"embeddable":true,"href":"https:\/\/atecordoba.org\/index.php?rest_route=%2Fwp%2Fv2%2Fcomments&post=23787"}],"version-history":[{"count":3,"href":"https:\/\/atecordoba.org\/index.php?rest_route=\/wp\/v2\/posts\/23787\/revisions"}],"predecessor-version":[{"id":23812,"href":"https:\/\/atecordoba.org\/index.php?rest_route=\/wp\/v2\/posts\/23787\/revisions\/23812"}],"wp:featuredmedia":[{"embeddable":true,"href":"https:\/\/atecordoba.org\/index.php?rest_route=\/wp\/v2\/media\/23811"}],"wp:attachment":[{"href":"https:\/\/atecordoba.org\/index.php?rest_route=%2Fwp%2Fv2%2Fmedia&parent=23787"}],"wp:term":[{"taxonomy":"category","embeddable":true,"href":"https:\/\/atecordoba.org\/index.php?rest_route=%2Fwp%2Fv2%2Fcategories&post=23787"},{"taxonomy":"post_tag","embeddable":true,"href":"https:\/\/atecordoba.org\/index.php?rest_route=%2Fwp%2Fv2%2Ftags&post=23787"}],"curies":[{"name":"wp","href":"https:\/\/api.w.org\/{rel}","templated":true}]}}