{"id":23784,"date":"2020-12-18T09:15:20","date_gmt":"2020-12-18T12:15:20","guid":{"rendered":"https:\/\/atecordoba.org\/?p=23784"},"modified":"2020-12-18T09:15:20","modified_gmt":"2020-12-18T12:15:20","slug":"rio-tercero-el-proceso-de-reincorporaciones-en-ff-mm-es-importante-pero-aun-es-insuficiente","status":"publish","type":"post","link":"https:\/\/atecordoba.org\/?p=23784","title":{"rendered":"R\u00edo Tercero: &#8220;El proceso de reincorporaciones en FF MM es importante pero a\u00fan es insuficiente&#8221;"},"content":{"rendered":"<p><img loading=\"lazy\" decoding=\"async\" class=\" wp-image-23785 aligncenter\" src=\"https:\/\/atecordoba.org\/wp-content\/uploads\/2020\/12\/albornoz3-300x232.jpg\" alt=\"\" width=\"600\" height=\"464\" srcset=\"https:\/\/atecordoba.org\/wp-content\/uploads\/2020\/12\/albornoz3-300x232.jpg 300w, https:\/\/atecordoba.org\/wp-content\/uploads\/2020\/12\/albornoz3.jpg 701w\" sizes=\"auto, (max-width: 600px) 100vw, 600px\" \/>(fuente Rio 3 Noticias)<\/p>\n<p>Fueron 100 las personas despedidas entre los a\u00f1os 2017 y 2018 en la F\u00e1brica Militar R\u00edo Tercero, durante la gesti\u00f3n de Mauricio Macri. A finales de diciembre de 2017, cerca de las fiestas de fin de a\u00f1o, se produjeron las primeras cesant\u00edas; en agosto de 2018, se sumaron otras 59, y se complet\u00f3 el centenar de personas despedidas al cierre de aquel a\u00f1o.<\/p>\n<p>Asumida la actual gesti\u00f3n, se anticip\u00f3 que en la medida en que se reactivaran las industrias y se necesitara de personal se ir\u00eda reincorporando a esas personas que fueron cesanteadas, algo que sucedi\u00f3, en la sede central y en las unidades productivas. Una de las plantas, hist\u00f3rica como la de R\u00edo Tercero, la de Azul, Buenos Aires, fue directamente cerrada.<\/p>\n<p>Hace algunos meses, luego de la asunci\u00f3n de Jos\u00e9 Mar\u00eda L\u00f3pez como director de la industria riotercerense, se produjo la reincorporaci\u00f3n de los dos primeros trabajadores . Ahora, se conoci\u00f3 que retornar\u00e1n otros antes de finalizar 2020. &#8220;La informaci\u00f3n que tenemos es que alrededor de cinco trabajadores han recibido comunicaciones telef\u00f3nicas por parte de Fabricaciones Militares, en virtud de comenzar con los ex\u00e1menes preocupacionales. Esa es una buena noticia y ojal\u00e1 que para antes de fin de a\u00f1o se pueda concretar&#8221;, se\u00f1al\u00f3 el secretario de ATE R\u00edo Tercero, Dami\u00e1n Albornoz, en di\u00e1logo con este sitio de noticias y la emisora Mestiza Rock.<\/p>\n<p>Agreg\u00f3 el secretario gremial: &#8220;Podemos hablar de que se inicia un nuevo proceso de reincorporaciones, lo que a nuestro entender, si bien es muy importante sigue siendo escaso. Hoy por lo menos deber\u00edamos tener al 50 por ciento de los despedidos ya trabajando formalmente en Fabricaciones. Ha sido un a\u00f1o muy dif\u00edcil, muy particular, pero la industria no ha parado ni un segundo desde que se inici\u00f3 esta situaci\u00f3n, por lo tanto, hay un gran esfuerzo de los trabajadores activos, con un cansancio importante y necesitamos de m\u00e1s personal para cumplir con el resto de las producciones y hacerlo en condiciones seguras, por eso los necesitamos a quienes fueron injustamente despedidos&#8221;.<\/p>\n<p>El dirigente gremial se\u00f1al\u00f3 que en este tema como gremio son &#8220;concretos y francos&#8221;. &#8220;La realidad y la expectativa con respecto a las reincorporaciones es que, a este momento, como lo dije, deber\u00edamos tener por lo menos al 50 por ciento de los trabajadores (despedidos), ya reincorporados&#8221;, expres\u00f3. Y agreg\u00f3 que estiman que ser\u00e1n ocho las reincorporaciones para cerrar el a\u00f1o. En ese sentido, ampli\u00f3, se sumar\u00eda un trabajador que estaba en otra empresa y acept\u00f3 retornar. &#8220;Para nosotros eso es muy importante, porque cuando una persona comienza a tener una estabilidad laboral en otro lugar, pero as\u00ed y todo apuesta por volver a su puesto en donde ten\u00eda mucho para ofrecer, esa situaci\u00f3n demuestra el nivel de compromiso de los trabajadores para con la f\u00e1brica&#8221;, expres\u00f3.<\/p>\n<p>Albornoz anticip\u00f3 que en la jornada, luego de la entrevista, se realizar\u00eda una asamblea para analizar diferentes aspectos, como la situaci\u00f3n salarial, un balance de lo que fue el a\u00f1o y dijo, tambi\u00e9n &#8220;estar\u00edan los trabajadores que fueron despedidos&#8221;. Record\u00f3 que se trata de la\u00a0<em>&#8220;Comisi\u00f3n de Relevamiento de Despedidos en la era Macri&#8221;.<\/em>\u00a0Sus integrantes, indic\u00f3, luego de la asamblea, estaba previsto, ser\u00edan recibidos por L\u00f3pez y por parte del directorio de Fabricaciones Militares a nivel nacional, a trav\u00e9s de un reuni\u00f3n virtual. &#8220;Es para plantear la necesidad de los compa\u00f1eros que hoy est\u00e1n sin poder trabajar en f\u00e1brica&#8221;, anticipaba.<\/p>\n<p>El dirigente record\u00f3 que dicha comisi\u00f3n realiz\u00f3 un relevamiento de las condiciones en las que se encuentra cada una de las personas que hab\u00edan sido despedidas. &#8220;Ha sido una tarea muy importante. Hemos encontrado a algunos trabajadores que en este tiempo se han acogido a la jubilaci\u00f3n, otros tienen otra tarea, por eso estamos hablando de 45 que est\u00e1n en condiciones de poder recuperar su puesto laboral en F\u00e1brica Militar&#8221;, expres\u00f3.<\/p>\n<p>Albornoz record\u00f3 que en la jornada del jueves se cumplieron tres a\u00f1os de la primera tanda de despidos en la industria. &#8220;Es un d\u00eda muy especial, adem\u00e1s&#8221;, se\u00f1al\u00f3. &#8220;La asamblea, de hecho, tendr\u00e1 esa connotaci\u00f3n&#8221;, manifest\u00f3, poco antes de la realizaci\u00f3n de la misma. Indic\u00f3 que a pesar de la pandemia que gener\u00f3 dificultades para movilizarse se avanz\u00f3. &#8220;Creemos que hemos tenido algunos avances significativos en todos los sectores, pero fundamentalmente en la f\u00e1brica, aunque claramente lo que es el aumento salarial concreto como la reincorporaci\u00f3n de los despedidos, todav\u00eda sigue siendo insuficiente&#8221;, expres\u00f3.<\/p>\n<p>Analiz\u00f3 que todo parece indicar que &#8220;2021 viene con enormes proyecciones productivas para R\u00edo Tercero&#8221;. Recientemente se conoci\u00f3 que se invertir\u00e1 en la divisi\u00f3n de producci\u00f3n qu\u00edmica, adem\u00e1s de un nuevo contrato con Petroqu\u00edmica, industria vecina que le adquiere \u00e1cido n\u00edtrico a la planta estatal para la elaboraci\u00f3n de TDI. Tambi\u00e9n se construir\u00e1n 300 vagones en el sector metalmec\u00e1nico. La pasada semana estuvo el director de Fabricaciones, Iv\u00e1n Durig\u00f3n. El mismo funcionario, en una entrevista con este y otros medios, anticip\u00f3 que la industria riotercerense, ser\u00e1 el a\u00f1o pr\u00f3ximo la que m\u00e1s inversiones y proyectos recibir\u00e1.<\/p>\n<p>&#8220;Claramente que la cantidad de trabajadores que tenemos, ser\u00e1 poca, por lo tanto, la expectativa es que se profundice el proceso de reincorporaciones y que cuanto antes los despedidos sean convocados&#8221;, dijo Albornoz. &#8220;Lo dijimos en un primer momento: recuperar la f\u00e1brica, implica que los trabajadores cumplan sus funciones ya que son vitales para ello, porque de lo contrario despu\u00e9s se comienza a contratar a servicios privados, por ejemplo, para mantenimiento, cuando se necesita de alguna certificaci\u00f3n, cuando a eso lo podemos hacer perfectamente con los trabajadores que ten\u00edamos y hac\u00edan esa tarea&#8221;, indic\u00f3.<\/p>\n<p>Agreg\u00f3 que se insistir\u00e1 con las reincorporaciones, pero tambi\u00e9n por la recomposici\u00f3n salarial. &#8220;Es que los trabajadores de Fabricaciones Militares necesitamos comenzar tambi\u00e9n a reincorporar a nuestro poder adquisitivo todo lo que fuimos perdiendo en los nefastos cuatro a\u00f1os del macrismo&#8221;, dijo Albornoz en la ma\u00f1ana del jueves.<\/p>\n","protected":false},"excerpt":{"rendered":"<p>(fuente Rio 3 Noticias) Fueron 100 las personas despedidas entre los a\u00f1os 2017 y 2018 en la F\u00e1brica Militar R\u00edo Tercero, durante la gesti\u00f3n de Mauricio Macri. A finales de diciembre de 2017, cerca de las fiestas de fin de a\u00f1o, se produjeron las primeras cesant\u00edas; en agosto de 2018, se sumaron otras 59, y [&hellip;]<\/p>\n","protected":false},"author":7,"featured_media":23785,"comment_status":"open","ping_status":"open","sticky":true,"template":"","format":"standard","meta":{"_exactmetrics_skip_tracking":false,"_exactmetrics_sitenote_active":false,"_exactmetrics_sitenote_note":"","_exactmetrics_sitenote_category":0,"jnews-multi-image_gallery":[],"jnews_single_post":{"source_name":"","source_url":"","via_name":"","via_url":"","override_template":"0","override":[{"template":"1","single_blog_custom":"","parallax":"1","fullscreen":"0","layout":"right-sidebar","sidebar":"default-sidebar","second_sidebar":"default-sidebar","sticky_sidebar":"1","share_position":"top","share_float_style":"share-monocrhome","show_share_counter":"1","show_view_counter":"1","show_featured":"1","show_post_meta":"1","show_post_author":"1","show_post_author_image":"1","show_post_date":"1","post_date_format":"default","post_date_format_custom":"Y\/m\/d","show_post_category":"1","show_post_reading_time":"0","post_reading_time_wpm":"300","show_zoom_button":"0","zoom_button_out_step":"2","zoom_button_in_step":"3","show_post_tag":"1","show_prev_next_post":"1","show_popup_post":"1","number_popup_post":"1","show_author_box":"0","show_post_related":"0","show_inline_post_related":"0"}],"override_image_size":"0","image_override":[{"single_post_thumbnail_size":"crop-500","single_post_gallery_size":"crop-500"}],"trending_post":"0","trending_post_position":"meta","trending_post_label":"Trending","sponsored_post":"0","sponsored_post_label":"Sponsored by","sponsored_post_name":"","sponsored_post_url":"","sponsored_post_logo_enable":"0","sponsored_post_logo":"","sponsored_post_desc":""},"jnews_primary_category":{"id":""},"jnews_social_meta":{"fb_title":"","fb_description":"","fb_image":"","twitter_title":"","twitter_description":"","twitter_image":""},"jnews_review":[],"enable_review":"0","type":"percentage","name":"","summary":"","brand":"","sku":"","good":[{"good_text":""}],"bad":[{"bad_text":""}],"score_override":"","override_value":"","rating":[{"rating_text":"","rating_number":"10"}],"price":[{"shop":"","price":"","link":"","icon":""}],"jnews_override_counter":{"override_view_counter":"0","view_counter_number":"0","override_share_counter":"0","share_counter_number":"0","override_like_counter":"0","like_counter_number":"0","override_dislike_counter":"0","dislike_counter_number":"0"},"jnews_post_split":{"enable_post_split":"0","post_split":[{"template":"1","tag":"h2","numbering":"asc","mode":"normal"}]},"footnotes":""},"categories":[18,13],"tags":[570],"class_list":["post-23784","post","type-post","status-publish","format-standard","has-post-thumbnail","hentry","category-nacionales","category-rio-tercero","tag-direccion-general-de-fabricaciones-militares"],"jetpack_featured_media_url":"https:\/\/atecordoba.org\/wp-content\/uploads\/2020\/12\/albornoz3.jpg","_links":{"self":[{"href":"https:\/\/atecordoba.org\/index.php?rest_route=\/wp\/v2\/posts\/23784","targetHints":{"allow":["GET"]}}],"collection":[{"href":"https:\/\/atecordoba.org\/index.php?rest_route=\/wp\/v2\/posts"}],"about":[{"href":"https:\/\/atecordoba.org\/index.php?rest_route=\/wp\/v2\/types\/post"}],"author":[{"embeddable":true,"href":"https:\/\/atecordoba.org\/index.php?rest_route=\/wp\/v2\/users\/7"}],"replies":[{"embeddable":true,"href":"https:\/\/atecordoba.org\/index.php?rest_route=%2Fwp%2Fv2%2Fcomments&post=23784"}],"version-history":[{"count":1,"href":"https:\/\/atecordoba.org\/index.php?rest_route=\/wp\/v2\/posts\/23784\/revisions"}],"predecessor-version":[{"id":23786,"href":"https:\/\/atecordoba.org\/index.php?rest_route=\/wp\/v2\/posts\/23784\/revisions\/23786"}],"wp:featuredmedia":[{"embeddable":true,"href":"https:\/\/atecordoba.org\/index.php?rest_route=\/wp\/v2\/media\/23785"}],"wp:attachment":[{"href":"https:\/\/atecordoba.org\/index.php?rest_route=%2Fwp%2Fv2%2Fmedia&parent=23784"}],"wp:term":[{"taxonomy":"category","embeddable":true,"href":"https:\/\/atecordoba.org\/index.php?rest_route=%2Fwp%2Fv2%2Fcategories&post=23784"},{"taxonomy":"post_tag","embeddable":true,"href":"https:\/\/atecordoba.org\/index.php?rest_route=%2Fwp%2Fv2%2Ftags&post=23784"}],"curies":[{"name":"wp","href":"https:\/\/api.w.org\/{rel}","templated":true}]}}