{"id":2377,"date":"2013-01-25T16:58:44","date_gmt":"2013-01-25T19:58:44","guid":{"rendered":"http:\/\/www.atecordoba.org\/?p=2377"},"modified":"2013-01-25T16:58:44","modified_gmt":"2013-01-25T19:58:44","slug":"san-agustin-municipales-se-suman-a-ate","status":"publish","type":"post","link":"https:\/\/atecordoba.org\/?p=2377","title":{"rendered":"San Agust\u00edn: municipales se suman a ATE"},"content":{"rendered":"<p><em>Los trabajadores municipales de San Agust\u00edn comenzaron a asumir el desaf\u00edo de organizarse gremialmente de forma aut\u00f3noma para defender sus derechos y lograr mejoras salariales. Por eso el 9 de enero pasado realizaron una reuni\u00f3n en la localidad serrana, conjuntamente con parte de la conducci\u00f3n de ATE.<\/em><\/p>\n<p><a href=\"http:\/\/www.atecordoba.org\/wp-content\/uploads\/2013\/01\/bandera-doble.jpg\"><img loading=\"lazy\" decoding=\"async\" class=\"aligncenter size-medium wp-image-2378\" title=\"bandera doble\" src=\"http:\/\/www.atecordoba.org\/wp-content\/uploads\/2013\/01\/bandera-doble-300x225.jpg\" alt=\"\" width=\"300\" height=\"225\" \/><\/a><\/p>\n<p>En la oportunidad, los compa\u00f1eros Cristian Colman, secretario General de la seccional R\u00edo Tercero, H\u00e9ctor Cirio, secretario Progremial, y Luis B\u00e1rcena, secretario de Interior del Concejo Directivo Provincial, compartieron una reuni\u00f3n con un grupo de compa\u00f1eros, interesados por sumarse a nuestra organizaci\u00f3n. El compa\u00f1ero Cristian Sosa result\u00f3 elegido como delegado normalizador en el municipio.<\/p>\n<p>&#8220;Los compa\u00f1eros labraron un acta donde afirmaron su deseo y compromiso para afiliarse en ATE porque es la organizaci\u00f3n que defiende al trabajador del Estado&#8221;, se\u00f1al\u00f3 B\u00e1rcena al finalizar la reuni\u00f3n.<\/p>\n<p>En la agenda del sector se encuentran demandas hist\u00f3ricas de los municipales como terminar con la precarizaci\u00f3n y obtener un salario digno para sostener a sus familias.<\/p>\n\n","protected":false},"excerpt":{"rendered":"<p>Los trabajadores municipales de San Agust\u00edn comenzaron a asumir el desaf\u00edo de organizarse gremialmente de forma aut\u00f3noma para defender sus derechos y lograr mejoras salariales. Por eso el 9 de enero pasado realizaron una reuni\u00f3n en la localidad serrana, conjuntamente con parte de la conducci\u00f3n de ATE. En la oportunidad, los compa\u00f1eros Cristian Colman, secretario [&hellip;]<\/p>\n","protected":false},"author":1,"featured_media":19220,"comment_status":"open","ping_status":"open","sticky":false,"template":"","format":"standard","meta":{"_exactmetrics_skip_tracking":false,"_exactmetrics_sitenote_active":false,"_exactmetrics_sitenote_note":"","_exactmetrics_sitenote_category":0,"jnews-multi-image_gallery":[],"jnews_single_post":[],"jnews_primary_category":[],"jnews_social_meta":[],"jnews_review":[],"enable_review":"","type":"","name":"","summary":"","brand":"","sku":"","good":[],"bad":[],"score_override":"","override_value":"","rating":[],"price":[],"jnews_override_counter":[],"jnews_post_split":[],"footnotes":""},"categories":[20],"tags":[],"class_list":["post-2377","post","type-post","status-publish","format-standard","has-post-thumbnail","hentry","category-municipales"],"jetpack_featured_media_url":"https:\/\/atecordoba.org\/wp-content\/uploads\/2020\/05\/logo-nuevochico-e1561581322808.png","_links":{"self":[{"href":"https:\/\/atecordoba.org\/index.php?rest_route=\/wp\/v2\/posts\/2377","targetHints":{"allow":["GET"]}}],"collection":[{"href":"https:\/\/atecordoba.org\/index.php?rest_route=\/wp\/v2\/posts"}],"about":[{"href":"https:\/\/atecordoba.org\/index.php?rest_route=\/wp\/v2\/types\/post"}],"author":[{"embeddable":true,"href":"https:\/\/atecordoba.org\/index.php?rest_route=\/wp\/v2\/users\/1"}],"replies":[{"embeddable":true,"href":"https:\/\/atecordoba.org\/index.php?rest_route=%2Fwp%2Fv2%2Fcomments&post=2377"}],"version-history":[{"count":0,"href":"https:\/\/atecordoba.org\/index.php?rest_route=\/wp\/v2\/posts\/2377\/revisions"}],"wp:featuredmedia":[{"embeddable":true,"href":"https:\/\/atecordoba.org\/index.php?rest_route=\/wp\/v2\/media\/19220"}],"wp:attachment":[{"href":"https:\/\/atecordoba.org\/index.php?rest_route=%2Fwp%2Fv2%2Fmedia&parent=2377"}],"wp:term":[{"taxonomy":"category","embeddable":true,"href":"https:\/\/atecordoba.org\/index.php?rest_route=%2Fwp%2Fv2%2Fcategories&post=2377"},{"taxonomy":"post_tag","embeddable":true,"href":"https:\/\/atecordoba.org\/index.php?rest_route=%2Fwp%2Fv2%2Ftags&post=2377"}],"curies":[{"name":"wp","href":"https:\/\/api.w.org\/{rel}","templated":true}]}}