{"id":23768,"date":"2020-12-17T13:58:42","date_gmt":"2020-12-17T16:58:42","guid":{"rendered":"https:\/\/atecordoba.org\/?p=23768"},"modified":"2020-12-17T13:58:42","modified_gmt":"2020-12-17T16:58:42","slug":"gigena-audiencia-con-el-intendente","status":"publish","type":"post","link":"https:\/\/atecordoba.org\/?p=23768","title":{"rendered":"Gigena: audiencia con el intendente"},"content":{"rendered":"<p><img loading=\"lazy\" decoding=\"async\" class=\" wp-image-23770 aligncenter\" src=\"https:\/\/atecordoba.org\/wp-content\/uploads\/2020\/12\/WhatsApp-Image-2020-12-17-at-13.00.35-300x225.jpeg\" alt=\"\" width=\"600\" height=\"450\" srcset=\"https:\/\/atecordoba.org\/wp-content\/uploads\/2020\/12\/WhatsApp-Image-2020-12-17-at-13.00.35-300x225.jpeg 300w, https:\/\/atecordoba.org\/wp-content\/uploads\/2020\/12\/WhatsApp-Image-2020-12-17-at-13.00.35-1024x768.jpeg 1024w, https:\/\/atecordoba.org\/wp-content\/uploads\/2020\/12\/WhatsApp-Image-2020-12-17-at-13.00.35-768x576.jpeg 768w, https:\/\/atecordoba.org\/wp-content\/uploads\/2020\/12\/WhatsApp-Image-2020-12-17-at-13.00.35-750x563.jpeg 750w, https:\/\/atecordoba.org\/wp-content\/uploads\/2020\/12\/WhatsApp-Image-2020-12-17-at-13.00.35-1140x855.jpeg 1140w, https:\/\/atecordoba.org\/wp-content\/uploads\/2020\/12\/WhatsApp-Image-2020-12-17-at-13.00.35.jpeg 1152w\" sizes=\"auto, (max-width: 600px) 100vw, 600px\" \/>Hoy la seccional ATE R\u00edo Cuarto llev\u00f3 a cabo una audiencia con las autoridades de la localidad de Gigena, donde ATE ejerce la representaci\u00f3n de las y los trabajadores municipales.<\/p>\n<p>Estuvieron presentes el intendente, Fernando Gramaglia y el secretario de Gobierno N\u00e9stor Molinari, por parte del Ejecutivo municipal, en tanto la secretaria General de la Seccional, Rafaela Alcoba estuvo acompa\u00f1ada por las y los delegados Silvia Nielnisky, Norma Girardini y Joselo.<\/p>\n<p>&#8220;Se plante\u00f3 cuestiones pendientes como el pedido de informaci\u00f3n del listado total de trabajadores y trabajadora del municipio, realizado hace ya alg\u00fan tiempo y cuya entrega se hizo hoy. Adem\u00e1s, se estableci\u00f3 el criterio para recategorizaciones, pase a planta \u00a0permanente y solicitamos el bono compensatorio navide\u00f1o la semana pr\u00f3xima&#8221;, explic\u00f3 Alcoba.<\/p>\n<p><img loading=\"lazy\" decoding=\"async\" class=\" wp-image-23769 aligncenter\" src=\"https:\/\/atecordoba.org\/wp-content\/uploads\/2020\/12\/WhatsApp-Image-2020-12-17-at-13.00.36-300x225.jpeg\" alt=\"\" width=\"492\" height=\"369\" srcset=\"https:\/\/atecordoba.org\/wp-content\/uploads\/2020\/12\/WhatsApp-Image-2020-12-17-at-13.00.36-300x225.jpeg 300w, https:\/\/atecordoba.org\/wp-content\/uploads\/2020\/12\/WhatsApp-Image-2020-12-17-at-13.00.36-1024x768.jpeg 1024w, https:\/\/atecordoba.org\/wp-content\/uploads\/2020\/12\/WhatsApp-Image-2020-12-17-at-13.00.36-768x576.jpeg 768w, https:\/\/atecordoba.org\/wp-content\/uploads\/2020\/12\/WhatsApp-Image-2020-12-17-at-13.00.36-750x563.jpeg 750w, https:\/\/atecordoba.org\/wp-content\/uploads\/2020\/12\/WhatsApp-Image-2020-12-17-at-13.00.36.jpeg 1040w\" sizes=\"auto, (max-width: 492px) 100vw, 492px\" \/><\/p>\n<p>Adem\u00e1s, se hizo entrega de la caja navide\u00f1a para las y los afiliados de la localidad.<\/p>\n","protected":false},"excerpt":{"rendered":"<p>Hoy la seccional ATE R\u00edo Cuarto llev\u00f3 a cabo una audiencia con las autoridades de la localidad de Gigena, donde ATE ejerce la representaci\u00f3n de las y los trabajadores municipales. Estuvieron presentes el intendente, Fernando Gramaglia y el secretario de Gobierno N\u00e9stor Molinari, por parte del Ejecutivo municipal, en tanto la secretaria General de la [&hellip;]<\/p>\n","protected":false},"author":7,"featured_media":23769,"comment_status":"open","ping_status":"open","sticky":true,"template":"","format":"standard","meta":{"_exactmetrics_skip_tracking":false,"_exactmetrics_sitenote_active":false,"_exactmetrics_sitenote_note":"","_exactmetrics_sitenote_category":0,"jnews-multi-image_gallery":[],"jnews_single_post":{"source_name":"","source_url":"","via_name":"","via_url":"","override_template":"0","override":[{"template":"1","single_blog_custom":"","parallax":"1","fullscreen":"0","layout":"right-sidebar","sidebar":"default-sidebar","second_sidebar":"default-sidebar","sticky_sidebar":"1","share_position":"top","share_float_style":"share-monocrhome","show_share_counter":"1","show_view_counter":"1","show_featured":"1","show_post_meta":"1","show_post_author":"1","show_post_author_image":"1","show_post_date":"1","post_date_format":"default","post_date_format_custom":"Y\/m\/d","show_post_category":"1","show_post_reading_time":"0","post_reading_time_wpm":"300","show_zoom_button":"0","zoom_button_out_step":"2","zoom_button_in_step":"3","show_post_tag":"1","show_prev_next_post":"1","show_popup_post":"1","number_popup_post":"1","show_author_box":"0","show_post_related":"0","show_inline_post_related":"0"}],"override_image_size":"0","image_override":[{"single_post_thumbnail_size":"crop-500","single_post_gallery_size":"crop-500"}],"trending_post":"0","trending_post_position":"meta","trending_post_label":"Trending","sponsored_post":"0","sponsored_post_label":"Sponsored by","sponsored_post_name":"","sponsored_post_url":"","sponsored_post_logo_enable":"0","sponsored_post_logo":"","sponsored_post_desc":""},"jnews_primary_category":{"id":""},"jnews_social_meta":{"fb_title":"","fb_description":"","fb_image":"","twitter_title":"","twitter_description":"","twitter_image":""},"jnews_review":[],"enable_review":"0","type":"percentage","name":"","summary":"","brand":"","sku":"","good":[{"good_text":""}],"bad":[{"bad_text":""}],"score_override":"","override_value":"","rating":[{"rating_text":"","rating_number":"10"}],"price":[{"shop":"","price":"","link":"","icon":""}],"jnews_override_counter":{"override_view_counter":"0","view_counter_number":"0","override_share_counter":"0","share_counter_number":"0","override_like_counter":"0","like_counter_number":"0","override_dislike_counter":"0","dislike_counter_number":"0"},"jnews_post_split":{"enable_post_split":"0","post_split":[{"template":"1","tag":"h2","numbering":"asc","mode":"normal"}]},"footnotes":""},"categories":[20,12],"tags":[743],"class_list":["post-23768","post","type-post","status-publish","format-standard","has-post-thumbnail","hentry","category-municipales","category-rio-cuarto","tag-gigena"],"jetpack_featured_media_url":"https:\/\/atecordoba.org\/wp-content\/uploads\/2020\/12\/WhatsApp-Image-2020-12-17-at-13.00.36.jpeg","_links":{"self":[{"href":"https:\/\/atecordoba.org\/index.php?rest_route=\/wp\/v2\/posts\/23768","targetHints":{"allow":["GET"]}}],"collection":[{"href":"https:\/\/atecordoba.org\/index.php?rest_route=\/wp\/v2\/posts"}],"about":[{"href":"https:\/\/atecordoba.org\/index.php?rest_route=\/wp\/v2\/types\/post"}],"author":[{"embeddable":true,"href":"https:\/\/atecordoba.org\/index.php?rest_route=\/wp\/v2\/users\/7"}],"replies":[{"embeddable":true,"href":"https:\/\/atecordoba.org\/index.php?rest_route=%2Fwp%2Fv2%2Fcomments&post=23768"}],"version-history":[{"count":1,"href":"https:\/\/atecordoba.org\/index.php?rest_route=\/wp\/v2\/posts\/23768\/revisions"}],"predecessor-version":[{"id":23771,"href":"https:\/\/atecordoba.org\/index.php?rest_route=\/wp\/v2\/posts\/23768\/revisions\/23771"}],"wp:featuredmedia":[{"embeddable":true,"href":"https:\/\/atecordoba.org\/index.php?rest_route=\/wp\/v2\/media\/23769"}],"wp:attachment":[{"href":"https:\/\/atecordoba.org\/index.php?rest_route=%2Fwp%2Fv2%2Fmedia&parent=23768"}],"wp:term":[{"taxonomy":"category","embeddable":true,"href":"https:\/\/atecordoba.org\/index.php?rest_route=%2Fwp%2Fv2%2Fcategories&post=23768"},{"taxonomy":"post_tag","embeddable":true,"href":"https:\/\/atecordoba.org\/index.php?rest_route=%2Fwp%2Fv2%2Ftags&post=23768"}],"curies":[{"name":"wp","href":"https:\/\/api.w.org\/{rel}","templated":true}]}}