{"id":23765,"date":"2020-12-17T13:25:55","date_gmt":"2020-12-17T16:25:55","guid":{"rendered":"https:\/\/atecordoba.org\/?p=23765"},"modified":"2020-12-23T12:59:43","modified_gmt":"2020-12-23T15:59:43","slug":"ate-lanza-su-observatorio-social-y-laboral","status":"publish","type":"post","link":"https:\/\/atecordoba.org\/?p=23765","title":{"rendered":"ATE lanza su Observatorio Laboral y Social"},"content":{"rendered":"<p><img loading=\"lazy\" decoding=\"async\" class=\" wp-image-23764 alignleft\" src=\"https:\/\/atecordoba.org\/wp-content\/uploads\/2020\/12\/WhatsApp-Image-2020-12-17-at-13.17.10-300x300.jpeg\" alt=\"\" width=\"466\" height=\"466\" srcset=\"https:\/\/atecordoba.org\/wp-content\/uploads\/2020\/12\/WhatsApp-Image-2020-12-17-at-13.17.10-300x300.jpeg 300w, https:\/\/atecordoba.org\/wp-content\/uploads\/2020\/12\/WhatsApp-Image-2020-12-17-at-13.17.10-1024x1024.jpeg 1024w, https:\/\/atecordoba.org\/wp-content\/uploads\/2020\/12\/WhatsApp-Image-2020-12-17-at-13.17.10-150x150.jpeg 150w, https:\/\/atecordoba.org\/wp-content\/uploads\/2020\/12\/WhatsApp-Image-2020-12-17-at-13.17.10-768x768.jpeg 768w, https:\/\/atecordoba.org\/wp-content\/uploads\/2020\/12\/WhatsApp-Image-2020-12-17-at-13.17.10-560x560.jpeg 560w, https:\/\/atecordoba.org\/wp-content\/uploads\/2020\/12\/WhatsApp-Image-2020-12-17-at-13.17.10-75x75.jpeg 75w, https:\/\/atecordoba.org\/wp-content\/uploads\/2020\/12\/WhatsApp-Image-2020-12-17-at-13.17.10-750x750.jpeg 750w, https:\/\/atecordoba.org\/wp-content\/uploads\/2020\/12\/WhatsApp-Image-2020-12-17-at-13.17.10.jpeg 1080w\" sizes=\"auto, (max-width: 466px) 100vw, 466px\" \/>Bajo la coordinaci\u00f3n de la secretaria de Actas y directora del Departamento de G\u00e9neros y Diversidades, Mar\u00eda Sotti, el Consejo Directivo resolvi\u00f3 crear el Observatorio Social y Laboral de ATE C\u00f3rdoba, a partir de la resoluci\u00f3n 10\/2020.<br \/>\nSeg\u00fan explic\u00f3 Sotti, el organismo tiene la finalidad de &#8220;producir conocimiento que permita generar estrategias de acci\u00f3n y pol\u00edtica sindical&#8221;.<br \/>\nLa coordinadora se\u00f1al\u00f3 que el Observatorio &#8220;relevar\u00e1 datos sobre la situaci\u00f3n socio laboral de las y los trabajadores estatales en Naci\u00f3n, Provincia y municipios, relativas a la evoluci\u00f3n del empleo p\u00fablico, poniendo foco los tipos de contrataciones y en las instancias de negociaci\u00f3n colectiva y paritaria. A su vez, se propone tambi\u00e9n analizar las condiciones y medio ambiente de trabajo, visibilizando las principales problem\u00e1ticas e identificando los riesgos f\u00edsicos y psicosociales&#8221;.<br \/>\nSotti dijo que el ente &#8220;tambi\u00e9n abordar\u00e1 las brechas salariales inter y extra sectoriales, como las relacionadas con g\u00e9nero, buscando generar alianza con otros observatorios, universidades y centros de investigaci\u00f3n que permitan aunar esfuerzos en la producci\u00f3n y an\u00e1lisis de datos que se produce&#8221;.<br \/>\nY aclar\u00f3 que contar\u00e1 con la participaci\u00f3n de subcoordinadores del \u00e1mbito municipal, de Julia Giuliani, para el \u00e1mbito provincial estar\u00e1 Roberto Calvetti, y para el sector Nacional del Estado, Agust\u00edn Bertone y Mar\u00eda Elena Berger.<br \/>\nEl lanzamiento se llevar\u00e1 a cabo el pr\u00f3ximo martes 22 de diciembre, a las 18 horas, v\u00eda zoom.<br \/>\nEn la oportunidad se presentar\u00e1 el primer informe &#8220;Impacto de la pandemia en las y los trabajadores estatales&#8221;, con la disertaci\u00f3n del secretario General de ATE C\u00f3rdoba, Federico Giuliani, el coordinador del cuerpo de abogados y abogadas de ATE C\u00f3rdoba, Eugenio Biafore, la integrante del Observatorio del Derecho Social de la CTAA Nacional Jimena Frankel, junto con Mar\u00eda Sotti y Roberto Calvetti.<\/p>\n<p>Link para unirse a la reuni\u00f3n Zoom<br \/>\nhttps:\/\/us02web.zoom.us\/j\/81852377979?pwd=elFrekxvQkJIYU1RL2txWHBJK2FBdz09<\/p>\n<p>ID de reuni\u00f3n: 818 5237 7979<br \/>\nC\u00f3digo de acceso: 906348<\/p>\n","protected":false},"excerpt":{"rendered":"<p>Bajo la coordinaci\u00f3n de la secretaria de Actas y directora del Departamento de G\u00e9neros y Diversidades, Mar\u00eda Sotti, el Consejo Directivo resolvi\u00f3 crear el Observatorio Social y Laboral de ATE C\u00f3rdoba, a partir de la resoluci\u00f3n 10\/2020. Seg\u00fan explic\u00f3 Sotti, el organismo tiene la finalidad de &#8220;producir conocimiento que permita generar estrategias de acci\u00f3n y [&hellip;]<\/p>\n","protected":false},"author":7,"featured_media":23764,"comment_status":"open","ping_status":"open","sticky":true,"template":"","format":"standard","meta":{"_exactmetrics_skip_tracking":false,"_exactmetrics_sitenote_active":false,"_exactmetrics_sitenote_note":"","_exactmetrics_sitenote_category":0,"jnews-multi-image_gallery":[],"jnews_single_post":{"source_name":"","source_url":"","via_name":"","via_url":"","override_template":"0","override":[{"template":"1","single_blog_custom":"","parallax":"1","fullscreen":"0","layout":"right-sidebar","sidebar":"default-sidebar","second_sidebar":"default-sidebar","sticky_sidebar":"1","share_position":"top","share_float_style":"share-monocrhome","show_share_counter":"1","show_view_counter":"1","show_featured":"1","show_post_meta":"1","show_post_author":"1","show_post_author_image":"1","show_post_date":"1","post_date_format":"default","post_date_format_custom":"Y\/m\/d","show_post_category":"1","show_post_reading_time":"0","post_reading_time_wpm":"300","show_zoom_button":"0","zoom_button_out_step":"2","zoom_button_in_step":"3","show_post_tag":"1","show_prev_next_post":"1","show_popup_post":"1","number_popup_post":"1","show_author_box":"0","show_post_related":"0","show_inline_post_related":"0"}],"override_image_size":"0","image_override":[{"single_post_thumbnail_size":"crop-500","single_post_gallery_size":"crop-500"}],"trending_post":"0","trending_post_position":"meta","trending_post_label":"Trending","sponsored_post":"0","sponsored_post_label":"Sponsored by","sponsored_post_name":"","sponsored_post_url":"","sponsored_post_logo_enable":"0","sponsored_post_logo":"","sponsored_post_desc":""},"jnews_primary_category":{"id":""},"jnews_social_meta":{"fb_title":"","fb_description":"","fb_image":"","twitter_title":"","twitter_description":"","twitter_image":""},"jnews_review":[],"enable_review":"0","type":"percentage","name":"","summary":"","brand":"","sku":"","good":[{"good_text":""}],"bad":[{"bad_text":""}],"score_override":"","override_value":"","rating":[{"rating_text":"","rating_number":"10"}],"price":[{"shop":"","price":"","link":"","icon":""}],"jnews_override_counter":{"override_view_counter":"0","view_counter_number":"0","override_share_counter":"0","share_counter_number":"0","override_like_counter":"0","like_counter_number":"0","override_dislike_counter":"0","dislike_counter_number":"0"},"jnews_post_split":{"enable_post_split":"0","post_split":[{"template":"1","tag":"h2","numbering":"asc","mode":"normal"}]},"footnotes":""},"categories":[741],"tags":[742],"class_list":["post-23765","post","type-post","status-publish","format-standard","has-post-thumbnail","hentry","category-observatorio-laboral-y-social","tag-presentacion-observatorio-laboral-y-social"],"jetpack_featured_media_url":"https:\/\/atecordoba.org\/wp-content\/uploads\/2020\/12\/WhatsApp-Image-2020-12-17-at-13.17.10.jpeg","_links":{"self":[{"href":"https:\/\/atecordoba.org\/index.php?rest_route=\/wp\/v2\/posts\/23765","targetHints":{"allow":["GET"]}}],"collection":[{"href":"https:\/\/atecordoba.org\/index.php?rest_route=\/wp\/v2\/posts"}],"about":[{"href":"https:\/\/atecordoba.org\/index.php?rest_route=\/wp\/v2\/types\/post"}],"author":[{"embeddable":true,"href":"https:\/\/atecordoba.org\/index.php?rest_route=\/wp\/v2\/users\/7"}],"replies":[{"embeddable":true,"href":"https:\/\/atecordoba.org\/index.php?rest_route=%2Fwp%2Fv2%2Fcomments&post=23765"}],"version-history":[{"count":4,"href":"https:\/\/atecordoba.org\/index.php?rest_route=\/wp\/v2\/posts\/23765\/revisions"}],"predecessor-version":[{"id":23890,"href":"https:\/\/atecordoba.org\/index.php?rest_route=\/wp\/v2\/posts\/23765\/revisions\/23890"}],"wp:featuredmedia":[{"embeddable":true,"href":"https:\/\/atecordoba.org\/index.php?rest_route=\/wp\/v2\/media\/23764"}],"wp:attachment":[{"href":"https:\/\/atecordoba.org\/index.php?rest_route=%2Fwp%2Fv2%2Fmedia&parent=23765"}],"wp:term":[{"taxonomy":"category","embeddable":true,"href":"https:\/\/atecordoba.org\/index.php?rest_route=%2Fwp%2Fv2%2Fcategories&post=23765"},{"taxonomy":"post_tag","embeddable":true,"href":"https:\/\/atecordoba.org\/index.php?rest_route=%2Fwp%2Fv2%2Ftags&post=23765"}],"curies":[{"name":"wp","href":"https:\/\/api.w.org\/{rel}","templated":true}]}}