{"id":23755,"date":"2020-12-17T12:38:33","date_gmt":"2020-12-17T15:38:33","guid":{"rendered":"https:\/\/atecordoba.org\/?p=23755"},"modified":"2020-12-21T13:16:11","modified_gmt":"2020-12-21T16:16:11","slug":"ate-ofrecio-al-ministerio-de-salud-sus-instalaciones-para-realizar-la-campana-de-vacunacion-contra-el-covid-19","status":"publish","type":"post","link":"https:\/\/atecordoba.org\/?p=23755","title":{"rendered":"ATE ofreci\u00f3 al Ministerio de Salud sus instalaciones y militancia para realizar la campa\u00f1a de vacunaci\u00f3n contra el Covid 19"},"content":{"rendered":"<p><img loading=\"lazy\" decoding=\"async\" class=\" wp-image-23827 alignleft\" src=\"https:\/\/atecordoba.org\/wp-content\/uploads\/2020\/12\/21-12-ATE-vacunaci\u00f3n-3-100-300x300.jpg\" alt=\"\" width=\"423\" height=\"423\" srcset=\"https:\/\/atecordoba.org\/wp-content\/uploads\/2020\/12\/21-12-ATE-vacunaci\u00f3n-3-100-300x300.jpg 300w, https:\/\/atecordoba.org\/wp-content\/uploads\/2020\/12\/21-12-ATE-vacunaci\u00f3n-3-100-1024x1024.jpg 1024w, https:\/\/atecordoba.org\/wp-content\/uploads\/2020\/12\/21-12-ATE-vacunaci\u00f3n-3-100-150x150.jpg 150w, https:\/\/atecordoba.org\/wp-content\/uploads\/2020\/12\/21-12-ATE-vacunaci\u00f3n-3-100-768x768.jpg 768w, https:\/\/atecordoba.org\/wp-content\/uploads\/2020\/12\/21-12-ATE-vacunaci\u00f3n-3-100-560x560.jpg 560w, https:\/\/atecordoba.org\/wp-content\/uploads\/2020\/12\/21-12-ATE-vacunaci\u00f3n-3-100-75x75.jpg 75w, https:\/\/atecordoba.org\/wp-content\/uploads\/2020\/12\/21-12-ATE-vacunaci\u00f3n-3-100-750x750.jpg 750w, https:\/\/atecordoba.org\/wp-content\/uploads\/2020\/12\/21-12-ATE-vacunaci\u00f3n-3-100.jpg 1080w\" sizes=\"auto, (max-width: 423px) 100vw, 423px\" \/><\/p>\n<p style=\"text-align: left;\">En una nota dirigida al ministro de Salud Diego Cardozo, con copia al director del Comit\u00e9 de Emergencia (Coe) a cargo de la coordinaci\u00f3n de la lucha contra la pandemia del Covid 19, el Consejo Directivo Provincial (CDP) puso a disposici\u00f3n de la campa\u00f1a de vacunaci\u00f3n masiva la infraestructura de ATE C\u00f3rdoba, a los fines de facilitar la instrumentaci\u00f3n de dicha campa\u00f1a y evitar las aglomeraciones que pueden multiplicar los contagios.<\/p>\n<p>En tal sentido, en la misiva con la firma del Secretario General, Federico Giuliani, se solicit\u00f3 una audiencia con el objetivo de coordinar acciones en ese sentido. Tambi\u00e9n se comunic\u00f3 la disposici\u00f3n de los locales de la Central de Trabajadores Aut\u00f3noma en C\u00f3rdoba Capital:<\/p>\n<ul>\n<li>CDP calle Entre R\u00edos N\u00b0 450 Centro \u2013 C\u00f3rdoba (sal\u00f3n de usos m\u00faltiples)<\/li>\n<li>Centro de Jubilados ATE \u2013 calle Entre R\u00edos N\u00b0 450 Centro<\/li>\n<li>CTA Aut\u00f3noma \u2013 calle entre R\u00edos N\u00b0 440 Centro \u2013 C\u00f3rdoba<\/li>\n<li>CTA Aut\u00f3noma \u2013 calle Bv Las Heras N\u00b0 282 Centro- C\u00f3rdoba<\/li>\n<\/ul>\n<p>En tanto en el interior provincial:<\/p>\n<ul>\n<li>Seccional Rio Cuarto &#8211; calle San Mart\u00edn N\u00b0 374 \u2013 R\u00edo Cuatro<\/li>\n<li>Seccional Adelia Mar\u00eda \u2013 calle General Paz N\u00b0 300 \u2013 Adelia Mar\u00eda<\/li>\n<li>Seccional Rio Tercero \u2013 calle Esperanza esq. Gral. Mosconi \u2013 Rio Tercero<\/li>\n<li>Seccional Villa Mar\u00eda \u2013 calle Santa F\u00e9 N\u00b01559 \u2013 Villa Mar\u00eda<\/li>\n<li>Seccional Cruz del Eje \u2013 calle Soldado Romero N\u00b0 638 \u2013 Cruz del Eje<\/li>\n<li>Delegaci\u00f3n San Francisco \u2013 calle Ram\u00f3n y Cajal N\u00b0 805 \u2013 San Francisco<\/li>\n<li>Delegaci\u00f3n Villa Dolores \u2013 calle Italia N\u00b0 345 \u2013 Villa Dolores<\/li>\n<\/ul>\n<div id='gallery_1' class='gallery galleryid-23755 gallery-columns-2 gallery-size-full'><figure class='gallery-item'>\n                <div class='gallery-icon portrait'>\n                    <a href='https:\/\/atecordoba.org\/wp-content\/uploads\/2020\/12\/WhatsApp-Image-2020-12-17-at-11.39.08-1.jpeg'><img loading=\"lazy\" decoding=\"async\" width=\"648\" height=\"1152\" src=\"\" class=\"attachment-full size-full lazyload\" alt=\"\" data-src=\"https:\/\/atecordoba.org\/wp-content\/uploads\/2020\/12\/WhatsApp-Image-2020-12-17-at-11.39.08-1.jpeg\" data-sizes=\"auto\" data-srcset=\"https:\/\/atecordoba.org\/wp-content\/uploads\/2020\/12\/WhatsApp-Image-2020-12-17-at-11.39.08-1.jpeg 648w, https:\/\/atecordoba.org\/wp-content\/uploads\/2020\/12\/WhatsApp-Image-2020-12-17-at-11.39.08-1-169x300.jpeg 169w, https:\/\/atecordoba.org\/wp-content\/uploads\/2020\/12\/WhatsApp-Image-2020-12-17-at-11.39.08-1-576x1024.jpeg 576w\" data-expand=\"700\" \/><\/a>\n                <\/div><\/figure><figure class='gallery-item'>\n                <div class='gallery-icon portrait'>\n                    <a href='https:\/\/atecordoba.org\/wp-content\/uploads\/2020\/12\/WhatsApp-Image-2020-12-17-at-11.39.08.jpeg'><img loading=\"lazy\" decoding=\"async\" width=\"648\" height=\"1152\" src=\"\" class=\"attachment-full size-full lazyload\" alt=\"\" data-src=\"https:\/\/atecordoba.org\/wp-content\/uploads\/2020\/12\/WhatsApp-Image-2020-12-17-at-11.39.08.jpeg\" data-sizes=\"auto\" data-srcset=\"https:\/\/atecordoba.org\/wp-content\/uploads\/2020\/12\/WhatsApp-Image-2020-12-17-at-11.39.08.jpeg 648w, https:\/\/atecordoba.org\/wp-content\/uploads\/2020\/12\/WhatsApp-Image-2020-12-17-at-11.39.08-169x300.jpeg 169w, https:\/\/atecordoba.org\/wp-content\/uploads\/2020\/12\/WhatsApp-Image-2020-12-17-at-11.39.08-576x1024.jpeg 576w\" data-expand=\"700\" \/><\/a>\n                <\/div><\/figure><br style=\"clear: both\" \/>\n            <\/div>\n\n","protected":false},"excerpt":{"rendered":"<p>En una nota dirigida al ministro de Salud Diego Cardozo, con copia al director del Comit\u00e9 de Emergencia (Coe) a cargo de la coordinaci\u00f3n de la lucha contra la pandemia del Covid 19, el Consejo Directivo Provincial (CDP) puso a disposici\u00f3n de la campa\u00f1a de vacunaci\u00f3n masiva la infraestructura de ATE C\u00f3rdoba, a los fines [&hellip;]<\/p>\n","protected":false},"author":7,"featured_media":23827,"comment_status":"open","ping_status":"open","sticky":true,"template":"","format":"standard","meta":{"_exactmetrics_skip_tracking":false,"_exactmetrics_sitenote_active":false,"_exactmetrics_sitenote_note":"","_exactmetrics_sitenote_category":0,"jnews-multi-image_gallery":[],"jnews_single_post":{"source_name":"","source_url":"","via_name":"","via_url":"","override_template":"0","override":[{"template":"1","single_blog_custom":"","parallax":"1","fullscreen":"0","layout":"right-sidebar","sidebar":"default-sidebar","second_sidebar":"default-sidebar","sticky_sidebar":"1","share_position":"top","share_float_style":"share-monocrhome","show_share_counter":"1","show_view_counter":"1","show_featured":"1","show_post_meta":"1","show_post_author":"1","show_post_author_image":"1","show_post_date":"1","post_date_format":"default","post_date_format_custom":"Y\/m\/d","show_post_category":"1","show_post_reading_time":"0","post_reading_time_wpm":"300","show_zoom_button":"0","zoom_button_out_step":"2","zoom_button_in_step":"3","show_post_tag":"1","show_prev_next_post":"1","show_popup_post":"1","number_popup_post":"1","show_author_box":"0","show_post_related":"0","show_inline_post_related":"0"}],"override_image_size":"0","image_override":[{"single_post_thumbnail_size":"crop-500","single_post_gallery_size":"crop-500"}],"trending_post":"0","trending_post_position":"meta","trending_post_label":"Trending","sponsored_post":"0","sponsored_post_label":"Sponsored by","sponsored_post_name":"","sponsored_post_url":"","sponsored_post_logo_enable":"0","sponsored_post_logo":"","sponsored_post_desc":""},"jnews_primary_category":{"id":""},"jnews_social_meta":{"fb_title":"","fb_description":"","fb_image":"","twitter_title":"","twitter_description":"","twitter_image":""},"jnews_review":[],"enable_review":"0","type":"percentage","name":"","summary":"","brand":"","sku":"","good":[{"good_text":""}],"bad":[{"bad_text":""}],"score_override":"","override_value":"","rating":[{"rating_text":"","rating_number":"10"}],"price":[{"shop":"","price":"","link":"","icon":""}],"jnews_override_counter":{"override_view_counter":"0","view_counter_number":"0","override_share_counter":"0","share_counter_number":"0","override_like_counter":"0","like_counter_number":"0","override_dislike_counter":"0","dislike_counter_number":"0"},"jnews_post_split":{"enable_post_split":"0","post_split":[{"template":"1","tag":"h2","numbering":"asc","mode":"normal"}]},"footnotes":""},"categories":[10,34],"tags":[740],"class_list":["post-23755","post","type-post","status-publish","format-standard","has-post-thumbnail","hentry","category-accion-politica","category-seccionales","tag-campana-de-vacunacion-covid-19"],"jetpack_featured_media_url":"https:\/\/atecordoba.org\/wp-content\/uploads\/2020\/12\/21-12-ATE-vacunaci\u00f3n-3-100.jpg","_links":{"self":[{"href":"https:\/\/atecordoba.org\/index.php?rest_route=\/wp\/v2\/posts\/23755","targetHints":{"allow":["GET"]}}],"collection":[{"href":"https:\/\/atecordoba.org\/index.php?rest_route=\/wp\/v2\/posts"}],"about":[{"href":"https:\/\/atecordoba.org\/index.php?rest_route=\/wp\/v2\/types\/post"}],"author":[{"embeddable":true,"href":"https:\/\/atecordoba.org\/index.php?rest_route=\/wp\/v2\/users\/7"}],"replies":[{"embeddable":true,"href":"https:\/\/atecordoba.org\/index.php?rest_route=%2Fwp%2Fv2%2Fcomments&post=23755"}],"version-history":[{"count":9,"href":"https:\/\/atecordoba.org\/index.php?rest_route=\/wp\/v2\/posts\/23755\/revisions"}],"predecessor-version":[{"id":23828,"href":"https:\/\/atecordoba.org\/index.php?rest_route=\/wp\/v2\/posts\/23755\/revisions\/23828"}],"wp:featuredmedia":[{"embeddable":true,"href":"https:\/\/atecordoba.org\/index.php?rest_route=\/wp\/v2\/media\/23827"}],"wp:attachment":[{"href":"https:\/\/atecordoba.org\/index.php?rest_route=%2Fwp%2Fv2%2Fmedia&parent=23755"}],"wp:term":[{"taxonomy":"category","embeddable":true,"href":"https:\/\/atecordoba.org\/index.php?rest_route=%2Fwp%2Fv2%2Fcategories&post=23755"},{"taxonomy":"post_tag","embeddable":true,"href":"https:\/\/atecordoba.org\/index.php?rest_route=%2Fwp%2Fv2%2Ftags&post=23755"}],"curies":[{"name":"wp","href":"https:\/\/api.w.org\/{rel}","templated":true}]}}