{"id":23744,"date":"2020-12-16T11:46:07","date_gmt":"2020-12-16T14:46:07","guid":{"rendered":"https:\/\/atecordoba.org\/?p=23744"},"modified":"2020-12-16T13:55:21","modified_gmt":"2020-12-16T16:55:21","slug":"el-gobierno-anuncio-junto-a-ate-y-upcn-el-pase-a-planta-permanente-y-recategorizacion-de-29-mil-estatales","status":"publish","type":"post","link":"https:\/\/atecordoba.org\/?p=23744","title":{"rendered":"El Gobierno anunci\u00f3, junto a ATE y UPCN, el pase a planta permanente y recategorizaci\u00f3n de 29 mil estatales"},"content":{"rendered":"<figure id=\"attachment_23745\" aria-describedby=\"caption-attachment-23745\" style=\"width: 601px\" class=\"wp-caption aligncenter\"><img loading=\"lazy\" decoding=\"async\" class=\"wp-image-23745\" src=\"https:\/\/atecordoba.org\/wp-content\/uploads\/2020\/12\/casa-rosada-cachorro-cafiero-300x200.jpg\" alt=\"\" width=\"601\" height=\"400\" srcset=\"https:\/\/atecordoba.org\/wp-content\/uploads\/2020\/12\/casa-rosada-cachorro-cafiero-300x200.jpg 300w, https:\/\/atecordoba.org\/wp-content\/uploads\/2020\/12\/casa-rosada-cachorro-cafiero-768x512.jpg 768w, https:\/\/atecordoba.org\/wp-content\/uploads\/2020\/12\/casa-rosada-cachorro-cafiero-750x500.jpg 750w, https:\/\/atecordoba.org\/wp-content\/uploads\/2020\/12\/casa-rosada-cachorro-cafiero.jpg 900w\" sizes=\"auto, (max-width: 601px) 100vw, 601px\" \/><figcaption id=\"caption-attachment-23745\" class=\"wp-caption-text\">El anuncio en la Casa Rosada.<\/figcaption><\/figure>\n<p style=\"font-weight: 400;\">El lanzamiento del Plan Integral de Regularizaci\u00f3n del Empleo P\u00fablico 2021-2023, a trav\u00e9s del sistema Concursar 2.0 estuvo encabezado por\u00a0Santiago Cafiero, Jefe de Gabinete y\u00a0Ana Castellani, Secretaria de Gesti\u00f3n y Empleo P\u00fablico. La comitiva de ATE estuvo representada por el Secretario General,\u00a0Hugo \u201cCachorro\u201d Godoy, el Secretario Adjunto,\u00a0Rodolfo Aguiar; la Secretaria de Organizaci\u00f3n,\u00a0Mercedes Cabezas\u00a0y\u00a0Flavio Vergara, paritario nacional e integrante de la conducci\u00f3n nacional del gremio.<\/p>\n<p style=\"font-weight: 400;\"><img loading=\"lazy\" decoding=\"async\" class=\"size-medium wp-image-23746 alignleft\" src=\"https:\/\/atecordoba.org\/wp-content\/uploads\/2020\/12\/santiago-cafiero-junto-a-hugo___AtaoIQlNR_720x0__1-300x200.jpg\" alt=\"\" width=\"300\" height=\"200\" srcset=\"https:\/\/atecordoba.org\/wp-content\/uploads\/2020\/12\/santiago-cafiero-junto-a-hugo___AtaoIQlNR_720x0__1-300x200.jpg 300w, https:\/\/atecordoba.org\/wp-content\/uploads\/2020\/12\/santiago-cafiero-junto-a-hugo___AtaoIQlNR_720x0__1.jpg 720w\" sizes=\"auto, (max-width: 300px) 100vw, 300px\" \/>Este sistema, Concursar 2.0, va a permitir que los trabajadores y trabajadoras de todo el territorio nacional\u00a0 que cumplen funciones para la Administraci\u00f3n P\u00fablica Nacional tengan la posibilidad de regularizar su situaci\u00f3n. Es fundamental para aquellos trabajadorxs que hoy est\u00e1n contratados y puedan regularizar el empleo. Adem\u00e1s, el pase a planta permanente va a tener un sistema de promoci\u00f3n y de acceso a mejorar su situaci\u00f3n en la carrera de manera que todos las y los trabajadores van a poder mejorar la performance en el lugar en el que est\u00e1n.<\/p>\n<p style=\"font-weight: 400;\">El plan consiste en que los m\u00e1s de 29.000 cargos de la Administraci\u00f3n P\u00fablica Nacional, regularicen su situaci\u00f3n laboral en el per\u00edodo de tres a\u00f1os.<\/p>\n<p style=\"font-weight: 400;\"><img loading=\"lazy\" decoding=\"async\" class=\" wp-image-23748 alignright\" src=\"https:\/\/atecordoba.org\/wp-content\/uploads\/2020\/12\/WhatsApp-Image-2020-12-16-at-13.48.22-218x300.jpeg\" alt=\"\" width=\"266\" height=\"366\" srcset=\"https:\/\/atecordoba.org\/wp-content\/uploads\/2020\/12\/WhatsApp-Image-2020-12-16-at-13.48.22-218x300.jpeg 218w, https:\/\/atecordoba.org\/wp-content\/uploads\/2020\/12\/WhatsApp-Image-2020-12-16-at-13.48.22-745x1024.jpeg 745w, https:\/\/atecordoba.org\/wp-content\/uploads\/2020\/12\/WhatsApp-Image-2020-12-16-at-13.48.22-768x1056.jpeg 768w, https:\/\/atecordoba.org\/wp-content\/uploads\/2020\/12\/WhatsApp-Image-2020-12-16-at-13.48.22-750x1031.jpeg 750w, https:\/\/atecordoba.org\/wp-content\/uploads\/2020\/12\/WhatsApp-Image-2020-12-16-at-13.48.22.jpeg 800w\" sizes=\"auto, (max-width: 266px) 100vw, 266px\" \/>Luego del acto,\u00a0Hugo &#8220;Cachorro&#8221; Godoy\u00a0se\u00f1al\u00f3 que &#8220;desde ATE estamos muy satisfechos con este anuncio que hemos hecho en conjunto con el gobierno nacional, de avanzar en un proceso de pase a planta permanente y de avanzar en la recategorizaci\u00f3n de las y los trabajadores estatales, porque esto significa fortalecer su dignidad y el valor del Estado para entender las necesidades de la sociedad\u201d.<\/p>\n<p style=\"font-weight: 400;\">Y agreg\u00f3 que \u201ces un logro muy importante porque durante el gobierno neoliberal de Macri, echaron a trabajadores a mansalva con la excusa de que se les terminaba el contrato. Esta es la reafirmaci\u00f3n de garantizar la estabilidad laboral, pero por sobre todas las cosas, valorar esa lucha por su reincorporaci\u00f3n y por un Estado diferente. Desde ATE y la CTA Aut\u00f3noma estamos sumamente satisfechos con esta iniciativa y la saludamos expresando el sentir de las compa\u00f1eras y compa\u00f1eros de todo el pa\u00eds, porque adem\u00e1s esto derrama en valores y conceptos para que estas pol\u00edticas se apliquen en el orden provincial y municipal&#8221;.<\/p>\n<p style=\"font-weight: 400;\">Por su parte,\u00a0Rodolfo Aguiar, sostuvo que &#8220;es un d\u00eda hist\u00f3rico para todas las y los estatales del pa\u00eds. Estamos en la Casa Rosada porque una demanda persistente, sensible y un largo proceso de lucha que llev\u00f3 adelante nuestro sindicato a lo largo y a lo ancho de toda la Argentina, hoy encontr\u00f3 respuestas. Se present\u00f3 el Plan Integral de Regularizaci\u00f3n del Empleo P\u00fablico que permitir\u00e1 el pase a planta permanente de 30 mil trabajadores estatales. Hoy hemos logrado un paso gigante para terminar con la precarizaci\u00f3n laboral en toda la Administraci\u00f3n P\u00fablica Nacional. Felicitaciones a todas y a todos nuestros afiliados\u201d.<\/p>\n<p style=\"font-weight: 400;\">Adem\u00e1s de la comitiva de UPCN, tambi\u00e9n estuvieron presentes\u00a0Daniel Catalano, Secretario General de ATE Capital Federal y\u00a0Agustina Panissa, Secretaria Adjunta.<\/p>\n","protected":false},"excerpt":{"rendered":"<p>El lanzamiento del Plan Integral de Regularizaci\u00f3n del Empleo P\u00fablico 2021-2023, a trav\u00e9s del sistema Concursar 2.0 estuvo encabezado por\u00a0Santiago Cafiero, Jefe de Gabinete y\u00a0Ana Castellani, Secretaria de Gesti\u00f3n y Empleo P\u00fablico. La comitiva de ATE estuvo representada por el Secretario General,\u00a0Hugo \u201cCachorro\u201d Godoy, el Secretario Adjunto,\u00a0Rodolfo Aguiar; la Secretaria de Organizaci\u00f3n,\u00a0Mercedes Cabezas\u00a0y\u00a0Flavio Vergara, paritario [&hellip;]<\/p>\n","protected":false},"author":7,"featured_media":23745,"comment_status":"open","ping_status":"open","sticky":true,"template":"","format":"standard","meta":{"_exactmetrics_skip_tracking":false,"_exactmetrics_sitenote_active":false,"_exactmetrics_sitenote_note":"","_exactmetrics_sitenote_category":0,"jnews-multi-image_gallery":[],"jnews_single_post":{"source_name":"","source_url":"","via_name":"","via_url":"","override_template":"0","override":[{"template":"1","single_blog_custom":"","parallax":"1","fullscreen":"0","layout":"right-sidebar","sidebar":"default-sidebar","second_sidebar":"default-sidebar","sticky_sidebar":"1","share_position":"top","share_float_style":"share-monocrhome","show_share_counter":"1","show_view_counter":"1","show_featured":"1","show_post_meta":"1","show_post_author":"1","show_post_author_image":"1","show_post_date":"1","post_date_format":"default","post_date_format_custom":"Y\/m\/d","show_post_category":"1","show_post_reading_time":"0","post_reading_time_wpm":"300","show_zoom_button":"0","zoom_button_out_step":"2","zoom_button_in_step":"3","show_post_tag":"1","show_prev_next_post":"1","show_popup_post":"1","number_popup_post":"1","show_author_box":"0","show_post_related":"0","show_inline_post_related":"0"}],"override_image_size":"0","image_override":[{"single_post_thumbnail_size":"crop-500","single_post_gallery_size":"crop-500"}],"trending_post":"0","trending_post_position":"meta","trending_post_label":"Trending","sponsored_post":"0","sponsored_post_label":"Sponsored by","sponsored_post_name":"","sponsored_post_url":"","sponsored_post_logo_enable":"0","sponsored_post_logo":"","sponsored_post_desc":""},"jnews_primary_category":{"id":""},"jnews_social_meta":{"fb_title":"","fb_description":"","fb_image":"","twitter_title":"","twitter_description":"","twitter_image":""},"jnews_review":[],"enable_review":"0","type":"percentage","name":"","summary":"","brand":"","sku":"","good":[{"good_text":""}],"bad":[{"bad_text":""}],"score_override":"","override_value":"","rating":[{"rating_text":"","rating_number":"10"}],"price":[{"shop":"","price":"","link":"","icon":""}],"jnews_override_counter":{"override_view_counter":"0","view_counter_number":"0","override_share_counter":"0","share_counter_number":"0","override_like_counter":"0","like_counter_number":"0","override_dislike_counter":"0","dislike_counter_number":"0"},"jnews_post_split":{"enable_post_split":"0","post_split":[{"template":"1","tag":"h2","numbering":"asc","mode":"normal"}]},"footnotes":""},"categories":[18],"tags":[739,620,738],"class_list":["post-23744","post","type-post","status-publish","format-standard","has-post-thumbnail","hentry","category-nacionales","tag-concursar-2-0","tag-concursos","tag-pase-a-planta-permanente"],"jetpack_featured_media_url":"https:\/\/atecordoba.org\/wp-content\/uploads\/2020\/12\/casa-rosada-cachorro-cafiero.jpg","_links":{"self":[{"href":"https:\/\/atecordoba.org\/index.php?rest_route=\/wp\/v2\/posts\/23744","targetHints":{"allow":["GET"]}}],"collection":[{"href":"https:\/\/atecordoba.org\/index.php?rest_route=\/wp\/v2\/posts"}],"about":[{"href":"https:\/\/atecordoba.org\/index.php?rest_route=\/wp\/v2\/types\/post"}],"author":[{"embeddable":true,"href":"https:\/\/atecordoba.org\/index.php?rest_route=\/wp\/v2\/users\/7"}],"replies":[{"embeddable":true,"href":"https:\/\/atecordoba.org\/index.php?rest_route=%2Fwp%2Fv2%2Fcomments&post=23744"}],"version-history":[{"count":3,"href":"https:\/\/atecordoba.org\/index.php?rest_route=\/wp\/v2\/posts\/23744\/revisions"}],"predecessor-version":[{"id":23750,"href":"https:\/\/atecordoba.org\/index.php?rest_route=\/wp\/v2\/posts\/23744\/revisions\/23750"}],"wp:featuredmedia":[{"embeddable":true,"href":"https:\/\/atecordoba.org\/index.php?rest_route=\/wp\/v2\/media\/23745"}],"wp:attachment":[{"href":"https:\/\/atecordoba.org\/index.php?rest_route=%2Fwp%2Fv2%2Fmedia&parent=23744"}],"wp:term":[{"taxonomy":"category","embeddable":true,"href":"https:\/\/atecordoba.org\/index.php?rest_route=%2Fwp%2Fv2%2Fcategories&post=23744"},{"taxonomy":"post_tag","embeddable":true,"href":"https:\/\/atecordoba.org\/index.php?rest_route=%2Fwp%2Fv2%2Ftags&post=23744"}],"curies":[{"name":"wp","href":"https:\/\/api.w.org\/{rel}","templated":true}]}}