{"id":23737,"date":"2020-12-16T11:02:27","date_gmt":"2020-12-16T14:02:27","guid":{"rendered":"https:\/\/atecordoba.org\/?p=23737"},"modified":"2020-12-16T11:03:50","modified_gmt":"2020-12-16T14:03:50","slug":"23737","status":"publish","type":"post","link":"https:\/\/atecordoba.org\/?p=23737","title":{"rendered":"Cosqu\u00edn: tras la movilizaci\u00f3n ATE insiste en reclamar el fin de la violencia institucional"},"content":{"rendered":"<p><img loading=\"lazy\" decoding=\"async\" class=\" wp-image-23668 alignleft\" src=\"https:\/\/atecordoba.org\/wp-content\/uploads\/2020\/12\/volante-musso-213x300.jpg\" alt=\"\" width=\"485\" height=\"683\" srcset=\"https:\/\/atecordoba.org\/wp-content\/uploads\/2020\/12\/volante-musso-213x300.jpg 213w, https:\/\/atecordoba.org\/wp-content\/uploads\/2020\/12\/volante-musso-726x1024.jpg 726w, https:\/\/atecordoba.org\/wp-content\/uploads\/2020\/12\/volante-musso-768x1083.jpg 768w, https:\/\/atecordoba.org\/wp-content\/uploads\/2020\/12\/volante-musso-750x1057.jpg 750w, https:\/\/atecordoba.org\/wp-content\/uploads\/2020\/12\/volante-musso.jpg 908w\" sizes=\"auto, (max-width: 485px) 100vw, 485px\" \/>ATE Cosqu\u00edn, integrante de la seccional ATE Cruz del Eje, emiti\u00f3 un comunicado hoy reclamando que la Municipalidad de Cosqu\u00edn instrumente una mesa de di\u00e1logo que encamine la soluci\u00f3n de los graves problemas que las y los trabajadores sufren en la actualidad, resultado de las pol\u00edticas de amedrentamiento que pretenden interferir en el crecimiento organizativo de ATE en el sector.<\/p>\n<p>En tal sentido, la seccional reivindic\u00f3 \u201cla manifestaci\u00f3n ruidosa, masiva y pac\u00edfica\u201d frente a la Municipalidad \u201cporque es necesario hacer o\u00edr al Intendente, a funcionarios municipales y a la sociedad cosco\u00edna lo que pasa adentro de nuestra Municipalidad. Falta de libertad sindical, aprietes, humillaciones, recorte de salarios y jubilaciones, mentiras. Fue necesario llegar a esta instancia luego de varias presentaciones de notas, compromisos no cumplidos por parte del ejecutivo, asambleas con trabajadores y trabajadoras. Es un secreto a voces lo que padecemos los empleados y empleadas municipales en Cosqu\u00edn. El despido sin causa, injusto, ilegal y persecutorio de una trabajadora con fueros sindicales y en per\u00edodo de lactancia es la muestra cabal de la prepotencia e impunidad que cree tener el ejecutivo municipal\u201d.<\/p>\n<p>ATE celebr\u00f3 que la movilizaci\u00f3n fuera masiva y solidaria. \u201cDesde distintas instituciones del Estado que creemos en la unidad de los trabajadores, pese al miedo y las promesas de represalias, nos hicimos presente para acompa\u00f1ar el reclamo de los y las municipales para detener estas injusticias. Acompa\u00f1ados tambi\u00e9n por otras organizaciones sociales y sindicales con el compromiso de seguir estando y sumando\u201d.<\/p>\n<p>Adem\u00e1s, ATE reivindic\u00f3 el car\u00e1cter pac\u00edfico de la convocatoria \u201cpese a las mentiras para difamar de parte de Andrea Esp\u00edn\u201d. \u201cNo hubo ni agresi\u00f3n, ni roturas, ni bengalas, ni estruendo en el interior de la Municipalidad. Testigo de esto son los mismos empleados, el personal policial y las personas que se encontraban en el lugar, y que, luego de ser recibidos para reprogramar la reuni\u00f3n, se desocup\u00f3 de manera inmediata el edificio municipal\u201d, se\u00f1al\u00f3 el comunicado.<\/p>\n<p><strong>Musso no da la cara<\/strong><\/p>\n<p>ATE Cosqu\u00edn dijo tambi\u00e9n que la manifestaci\u00f3n fue \u201cconsecuencia de los problemas que hay adentro de la municipalidad. Es el resultado de la manera en que esta gesti\u00f3n administra la municipalidad y trata a sus empleados. \u00bfAcaso es normal que el intendente no aparezca para solucionar o al menos conocer de primera mano qu\u00e9 est\u00e1 pasando en el mism\u00edsimo lugar de su funci\u00f3n?\u201d<\/p>\n<p>El comunicado apunta a la falta de respuestas como \u201cel principal problema del Municipio\u201d. \u201cQue no se busquen soluciones a los problemas reales, que no se agarre el toro por las astas para resolverlos. El problema no es la manifestaci\u00f3n, sino la causa de por qu\u00e9 se obliga a llegar a esta instancia. Las funcionarias y funcionarios est\u00e1n m\u00e1s preocupados por lo que aparece en Facebook y en perseguir y sancionar trabajadores por su opci\u00f3n sindical que a solucionar los problemas reales\u201d.<\/p>\n<p>Y agrega \u201cel agua potable, la basura, la econom\u00eda local devastada, la estafa a los jubilados, son los problemas donde deber\u00eda ponerse el foco. Sin embargo, se hostiga y denigra a qui\u00e9nes trabajan para llevar estas soluciones a los vecinos de Cosqu\u00edn\u201d.<\/p>\n<p>Para las y los compa\u00f1eros de ATE Cosquin las funcionarias y funcionarios municipales est\u00e1n acostumbrados \u201cal sometimiento, la resignaci\u00f3n y la mansedumbre\u201d y se ven sorprendidos \u00a0cuando \u201caparece un sindicato decidido a defender derechos, a denunciar injusticias, a perder el miedo, a organizarse, a luchar. Exigimos el mismo respeto que se solicita, el di\u00e1logo no es decir para que otros obedezcan. Entendemos el di\u00e1logo como una instancia de escucha y reflexi\u00f3n, de debate y de propuestas superadoras. El deber de los funcionarios p\u00fablicos es garantizar el bien com\u00fan y el trato igualitario sin discriminaci\u00f3n, generando confianza en los ciudadanos\u201d.<\/p>\n<p>\u201cDesde ATE solicitamos al Ejecutivo afrontar esta situaci\u00f3n dif\u00edcil sin miedo, con valor y decisi\u00f3n. Va a encontrar en los trabajadores municipales de Cosqu\u00edn y en este sindicato una organizaci\u00f3n dispuesta para resolver los problemas, claro que sin sumisi\u00f3n ni arreglos mezquinos. Existen mecanismos como la Comisi\u00f3n de Asesoramiento Laboral establecidas en el Estatuto Municipal de Cosqu\u00edn u otro que podamos concertar\u201d, agregan.<\/p>\n<p>El comunicado concluye afirmando que \u201ccomo trabajadoras y trabajadores de la Municipalidad de Cosqu\u00edn organizados en la ATE estamos convencidos, y ya es evidente, que a trav\u00e9s de este gremio los logros que vamos conquistando repercuten en la mejora para todas y todos los municipales. M\u00e1s all\u00e1 de la afiliaci\u00f3n sindical que tengamos. Porque a la ATE no la reconocen los patrones, la reconocen las y los trabajadores\u201d.<\/p>\n<p>Por eso ATE Cosqu\u00edn entiende este conflicto \u201ccomo una oportunidad para construir de manera sincera, llana y democr\u00e1tica un nuevo contrato social entre los funcionarios y los trabajadores municipales. Inaugurando un tiempo de acercamiento, reconocimiento y b\u00fasqueda de soluciones superadoras desde la perspectiva de cada parte involucrada. Asumimos que la convocatoria es potestad del ejecutivo, persistimos en la idea de un abordaje integral y conjunto a la problem\u00e1tica de los y las municipales. Sin claudicar nuestros derechos, nos comprometemos a ello\u201d.<\/p>\n<p>Las y los municipales reclaman:<\/p>\n<ul>\n<li>Libertad sindical.<\/li>\n<li>Reincorporaci\u00f3n de la compa\u00f1era despedida. Basta de violencia en el trabajo.<\/li>\n<li>Basta de discriminaci\u00f3n.<\/li>\n<li>Recomposici\u00f3n salarial para activos y jubilados.<\/li>\n<li>Apertura de paritarias.<\/li>\n<\/ul>\n","protected":false},"excerpt":{"rendered":"<p>ATE Cosqu\u00edn, integrante de la seccional ATE Cruz del Eje, emiti\u00f3 un comunicado hoy reclamando que la Municipalidad de Cosqu\u00edn instrumente una mesa de di\u00e1logo que encamine la soluci\u00f3n de los graves problemas que las y los trabajadores sufren en la actualidad, resultado de las pol\u00edticas de amedrentamiento que pretenden interferir en el crecimiento organizativo [&hellip;]<\/p>\n","protected":false},"author":7,"featured_media":23668,"comment_status":"open","ping_status":"open","sticky":true,"template":"","format":"standard","meta":{"_exactmetrics_skip_tracking":false,"_exactmetrics_sitenote_active":false,"_exactmetrics_sitenote_note":"","_exactmetrics_sitenote_category":0,"jnews-multi-image_gallery":[],"jnews_single_post":{"source_name":"","source_url":"","via_name":"","via_url":"","override_template":"0","override":[{"template":"1","single_blog_custom":"","parallax":"1","fullscreen":"0","layout":"right-sidebar","sidebar":"default-sidebar","second_sidebar":"default-sidebar","sticky_sidebar":"1","share_position":"top","share_float_style":"share-monocrhome","show_share_counter":"1","show_view_counter":"1","show_featured":"1","show_post_meta":"1","show_post_author":"1","show_post_author_image":"1","show_post_date":"1","post_date_format":"default","post_date_format_custom":"Y\/m\/d","show_post_category":"1","show_post_reading_time":"0","post_reading_time_wpm":"300","show_zoom_button":"0","zoom_button_out_step":"2","zoom_button_in_step":"3","show_post_tag":"1","show_prev_next_post":"1","show_popup_post":"1","number_popup_post":"1","show_author_box":"0","show_post_related":"0","show_inline_post_related":"0"}],"override_image_size":"0","image_override":[{"single_post_thumbnail_size":"crop-500","single_post_gallery_size":"crop-500"}],"trending_post":"0","trending_post_position":"meta","trending_post_label":"Trending","sponsored_post":"0","sponsored_post_label":"Sponsored by","sponsored_post_name":"","sponsored_post_url":"","sponsored_post_logo_enable":"0","sponsored_post_logo":"","sponsored_post_desc":""},"jnews_primary_category":{"id":""},"jnews_social_meta":{"fb_title":"","fb_description":"","fb_image":"","twitter_title":"","twitter_description":"","twitter_image":""},"jnews_review":[],"enable_review":"0","type":"percentage","name":"","summary":"","brand":"","sku":"","good":[{"good_text":""}],"bad":[{"bad_text":""}],"score_override":"","override_value":"","rating":[{"rating_text":"","rating_number":"10"}],"price":[{"shop":"","price":"","link":"","icon":""}],"jnews_override_counter":{"override_view_counter":"0","view_counter_number":"0","override_share_counter":"0","share_counter_number":"0","override_like_counter":"0","like_counter_number":"0","override_dislike_counter":"0","dislike_counter_number":"0"},"jnews_post_split":{"enable_post_split":"0","post_split":[{"template":"1","tag":"h2","numbering":"asc","mode":"normal"}]},"footnotes":""},"categories":[150,20],"tags":[502],"class_list":["post-23737","post","type-post","status-publish","format-standard","has-post-thumbnail","hentry","category-cruz-del-eje","category-municipales","tag-cosquin"],"jetpack_featured_media_url":"https:\/\/atecordoba.org\/wp-content\/uploads\/2020\/12\/volante-musso.jpg","_links":{"self":[{"href":"https:\/\/atecordoba.org\/index.php?rest_route=\/wp\/v2\/posts\/23737","targetHints":{"allow":["GET"]}}],"collection":[{"href":"https:\/\/atecordoba.org\/index.php?rest_route=\/wp\/v2\/posts"}],"about":[{"href":"https:\/\/atecordoba.org\/index.php?rest_route=\/wp\/v2\/types\/post"}],"author":[{"embeddable":true,"href":"https:\/\/atecordoba.org\/index.php?rest_route=\/wp\/v2\/users\/7"}],"replies":[{"embeddable":true,"href":"https:\/\/atecordoba.org\/index.php?rest_route=%2Fwp%2Fv2%2Fcomments&post=23737"}],"version-history":[{"count":3,"href":"https:\/\/atecordoba.org\/index.php?rest_route=\/wp\/v2\/posts\/23737\/revisions"}],"predecessor-version":[{"id":23740,"href":"https:\/\/atecordoba.org\/index.php?rest_route=\/wp\/v2\/posts\/23737\/revisions\/23740"}],"wp:featuredmedia":[{"embeddable":true,"href":"https:\/\/atecordoba.org\/index.php?rest_route=\/wp\/v2\/media\/23668"}],"wp:attachment":[{"href":"https:\/\/atecordoba.org\/index.php?rest_route=%2Fwp%2Fv2%2Fmedia&parent=23737"}],"wp:term":[{"taxonomy":"category","embeddable":true,"href":"https:\/\/atecordoba.org\/index.php?rest_route=%2Fwp%2Fv2%2Fcategories&post=23737"},{"taxonomy":"post_tag","embeddable":true,"href":"https:\/\/atecordoba.org\/index.php?rest_route=%2Fwp%2Fv2%2Ftags&post=23737"}],"curies":[{"name":"wp","href":"https:\/\/api.w.org\/{rel}","templated":true}]}}