{"id":2372,"date":"2012-12-28T16:31:18","date_gmt":"2012-12-28T19:31:18","guid":{"rendered":"http:\/\/www.atecordoba.org\/?p=2372"},"modified":"2012-12-28T16:31:18","modified_gmt":"2012-12-28T19:31:18","slug":"ate-denuncia-el-despido-de-una-trabajadora-de-la-escuela-de-ciencias-de-la-informacion-unc","status":"publish","type":"post","link":"https:\/\/atecordoba.org\/?p=2372","title":{"rendered":"ATE denuncia el despido de una trabajadora de la Escuela de Ciencias de la Informaci\u00f3n (UNC)"},"content":{"rendered":"<p><span style=\"font-size: large;\">La Asociaci\u00f3n Trabajadores del Estado denuncia p\u00fablicamente el despido de una trabajadora de la Escuela de Ciencias de la Informaci\u00f3n (ECI) de la Universidad Nacional de C\u00f3rdoba. Se trata de la compa\u00f1era Virginia Armando que cumpl\u00eda funciones como administrativa en dicha instituci\u00f3n desde abril del 2010.<\/span><\/p>\n<p><span style=\"font-size: large;\">Armando fue informada por las autoridades de la ECI que a partir del\u00a01\u00ba de enero\u00a0dejar\u00e1 de trabajar como resultado de una decisi\u00f3n arbitraria, te\u00f1ida de fraude laboral, fruto de la precarizaci\u00f3n que la compa\u00f1era vino sufriendo desde el comienzo de su desempe\u00f1o como trabajadora.<\/span><\/p>\n<p><span style=\"font-size: large;\">En el d\u00eda de la fecha se llev\u00f3 a cabo una audiencia entre ATE y las autoridades de la dependencia para encontrar una v\u00eda de soluci\u00f3n, que resguarde los derechos laborales adquiridos por la trabajadora, donde nuestro gremio recibi\u00f3 como \u00fanica respuesta la total negativa a contemplar la situaci\u00f3n de la compa\u00f1era.<\/span><\/p>\n<p><span style=\"font-size: large;\">Ante tal situaci\u00f3n, ATE informa que llevar\u00e1 adelante todas las acciones pol\u00edticas, gremiales y legales a su alcance para restituir a la compa\u00f1era en su puesto de trabajo.<\/span><\/p>\n<p><span style=\"font-size: large;\"><br \/>\n<\/span><\/p>\n<p><span style=\"font-size: large;\">Mar\u00eda Teresa Romero<\/span><\/p>\n<p><span style=\"font-size: large;\">Secretaria General<\/span><\/p>\n<p><span style=\"font-size: large;\">ATE C\u00f3rdoba<\/span><\/p>\n","protected":false},"excerpt":{"rendered":"<p>La Asociaci\u00f3n Trabajadores del Estado denuncia p\u00fablicamente el despido de una trabajadora de la Escuela de Ciencias de la Informaci\u00f3n (ECI) de la Universidad Nacional de C\u00f3rdoba. Se trata de la compa\u00f1era Virginia Armando que cumpl\u00eda funciones como administrativa en dicha instituci\u00f3n desde abril del 2010. Armando fue informada por las autoridades de la ECI [&hellip;]<\/p>\n","protected":false},"author":1,"featured_media":19220,"comment_status":"open","ping_status":"open","sticky":false,"template":"","format":"standard","meta":{"_exactmetrics_skip_tracking":false,"_exactmetrics_sitenote_active":false,"_exactmetrics_sitenote_note":"","_exactmetrics_sitenote_category":0,"jnews-multi-image_gallery":[],"jnews_single_post":[],"jnews_primary_category":[],"jnews_social_meta":[],"jnews_review":[],"enable_review":"","type":"","name":"","summary":"","brand":"","sku":"","good":[],"bad":[],"score_override":"","override_value":"","rating":[],"price":[],"jnews_override_counter":[],"jnews_post_split":[],"footnotes":""},"categories":[18],"tags":[],"class_list":["post-2372","post","type-post","status-publish","format-standard","has-post-thumbnail","hentry","category-nacionales"],"jetpack_featured_media_url":"https:\/\/atecordoba.org\/wp-content\/uploads\/2020\/05\/logo-nuevochico-e1561581322808.png","_links":{"self":[{"href":"https:\/\/atecordoba.org\/index.php?rest_route=\/wp\/v2\/posts\/2372","targetHints":{"allow":["GET"]}}],"collection":[{"href":"https:\/\/atecordoba.org\/index.php?rest_route=\/wp\/v2\/posts"}],"about":[{"href":"https:\/\/atecordoba.org\/index.php?rest_route=\/wp\/v2\/types\/post"}],"author":[{"embeddable":true,"href":"https:\/\/atecordoba.org\/index.php?rest_route=\/wp\/v2\/users\/1"}],"replies":[{"embeddable":true,"href":"https:\/\/atecordoba.org\/index.php?rest_route=%2Fwp%2Fv2%2Fcomments&post=2372"}],"version-history":[{"count":0,"href":"https:\/\/atecordoba.org\/index.php?rest_route=\/wp\/v2\/posts\/2372\/revisions"}],"wp:featuredmedia":[{"embeddable":true,"href":"https:\/\/atecordoba.org\/index.php?rest_route=\/wp\/v2\/media\/19220"}],"wp:attachment":[{"href":"https:\/\/atecordoba.org\/index.php?rest_route=%2Fwp%2Fv2%2Fmedia&parent=2372"}],"wp:term":[{"taxonomy":"category","embeddable":true,"href":"https:\/\/atecordoba.org\/index.php?rest_route=%2Fwp%2Fv2%2Fcategories&post=2372"},{"taxonomy":"post_tag","embeddable":true,"href":"https:\/\/atecordoba.org\/index.php?rest_route=%2Fwp%2Fv2%2Ftags&post=2372"}],"curies":[{"name":"wp","href":"https:\/\/api.w.org\/{rel}","templated":true}]}}