{"id":23709,"date":"2020-12-14T11:14:39","date_gmt":"2020-12-14T14:14:39","guid":{"rendered":"https:\/\/atecordoba.org\/?p=23709"},"modified":"2020-12-14T11:15:59","modified_gmt":"2020-12-14T14:15:59","slug":"rio-tercero-el-presidente-ffmm-hablo-de-inversiones-vagones-y-las-indemnizaciones","status":"publish","type":"post","link":"https:\/\/atecordoba.org\/?p=23709","title":{"rendered":"R\u00edo Tercero: el presidente de FFMM habl\u00f3 de inversiones, vagones y las indemnizaciones"},"content":{"rendered":"<p><img loading=\"lazy\" decoding=\"async\" class=\" wp-image-23710 aligncenter\" src=\"https:\/\/atecordoba.org\/wp-content\/uploads\/2020\/12\/presidente-ffmm-300x218.jpg\" alt=\"\" width=\"636\" height=\"462\" srcset=\"https:\/\/atecordoba.org\/wp-content\/uploads\/2020\/12\/presidente-ffmm-300x218.jpg 300w, https:\/\/atecordoba.org\/wp-content\/uploads\/2020\/12\/presidente-ffmm-768x559.jpg 768w, https:\/\/atecordoba.org\/wp-content\/uploads\/2020\/12\/presidente-ffmm-120x86.jpg 120w, https:\/\/atecordoba.org\/wp-content\/uploads\/2020\/12\/presidente-ffmm-750x546.jpg 750w, https:\/\/atecordoba.org\/wp-content\/uploads\/2020\/12\/presidente-ffmm.jpg 773w\" sizes=\"auto, (max-width: 636px) 100vw, 636px\" \/>\u201cLa de R\u00edo Tercero, es una de las f\u00e1bricas m\u00e1s favorecidas en esta gesti\u00f3n en relaci\u00f3n a las inversiones. Tienen que ver con la seguridad, con el cuidado de nuestros trabajadores, tambi\u00e9n sobre las reincorporaciones, que en este \u00faltimo tiempo se van a dar algunas m\u00e1s. Y estamos trabajando mucho sobre el tema de las indemnizaciones\u201d, dijo el presidente de Fabricaciones Militares SE, Iv\u00e1n Dirug\u00f3n, a este sitio de noticias y Mestiza Rock.<\/p>\n<p>El funcionario lleg\u00f3 de visita a la planta riotercerense en la jornada del jueves. Es la primera de car\u00e1cter institucional que realiza tras haber asumido como director del establecimiento, Jos\u00e9 Mar\u00eda L\u00f3pez. Durig\u00f3n, hab\u00eda estado en la asunci\u00f3n del mismo, pero a trav\u00e9s de videoconferencia, a ra\u00edz de la pandemia. Manifest\u00f3 que era necesaria esta visita, para encontrarse con los trabajadores antes de fin de a\u00f1o y con el director del establecimiento, sobre el que se\u00f1al\u00f3, \u201cest\u00e1 realizando un esfuerzo enorme para poner de pie a la f\u00e1brica\u201d.<\/p>\n<p>El presidente de Fabricaciones Militares, indic\u00f3 que se est\u00e1n realizando inversiones en la industria, y que, en la jornada, mantendr\u00eda reuniones con accionistas y el gerente de Petroqu\u00edmica R\u00edo Tercero, principal cliente que compra el \u00e1cido n\u00edtrico a la planta estatal, con el que elabora TDI, adem\u00e1s de reunirse con representantes de los trabajadores.<\/p>\n<p>Con respecto a la empresa propiedad del Grupo Piero, indic\u00f3 que se lleg\u00f3 a \u201cun acuerdo exitoso\u201d. \u201cHemos logrado cerrar un nuevo contrato\u201d, indic\u00f3. Manifest\u00f3, adem\u00e1s, que ya est\u00e1 comprado un nuevo reactor para la planta de n\u00edtrico. \u201cEstimamos que para el a\u00f1o que viene estar\u00e1 instalado el nuevo reactor, lo que representa una inversi\u00f3n important\u00edsima para la f\u00e1brica y obviamente para toda la comunidad de R\u00edo Tercero\u201d, expres\u00f3.<\/p>\n<p>Durig\u00f3n explic\u00f3 sobre la funci\u00f3n del reactor, que es como si fuera el \u201ccoraz\u00f3n\u201d de la planta qu\u00edmica. Destac\u00f3 que en materia de seguridad se trata de un elemento de avanzada para el pa\u00eds. \u201cTiene la caracter\u00edstica de adaptarse a las normas ecol\u00f3gicas de Europa, m\u00e1s restrictivas que las impuestas tanto en la Provincia como en la Naci\u00f3n\u201d, dijo.<\/p>\n<p>Agreg\u00f3 que el mismo le otorgar\u00e1 a la planta de n\u00edtrico una \u201ccapacidad de producci\u00f3n mucho mayor\u201d. \u201cHace m\u00e1s de 40 a\u00f1os que no se cambiaba\u201d, dijo, lo que \u201cgenera muchas expectativas\u201d. Sobre los mayores m\u00e1rgenes de seguridad por el ambiente, se\u00f1al\u00f3: \u201cHoy es un tema que est\u00e1 en boga, que se discute, y uno aplaude que sea as\u00ed. A la f\u00e1brica tambi\u00e9n le preocupa y la inserci\u00f3n en la comunidad tambi\u00e9n tiene que ver no s\u00f3lo con la capacidad de producci\u00f3n, sino tambi\u00e9n con el cuidado que se tenga con el medio ambiente\u201d, expres\u00f3.<\/p>\n<p>\u201cEn eso estamos haciendo inversiones y el haber adquirido un reactor de estas caracter\u00edsticas, me parece que es una muy buena se\u00f1al para toda la comunidad de R\u00edo Tercero y para todo lo que sea inversi\u00f3n a futuro\u201d, manifest\u00f3 el funcionario estatal.<\/p>\n<h3><strong>Los 300 vagones<\/strong><\/h3>\n<p>Recientemente, cuando se entregaron 10 vagones construidos \u00edntegramente en la F\u00e1brica Militar de R\u00edo Tercero al Belgrano Cargas, el ministro de Defensa, Agust\u00edn Rossi, hab\u00eda indicado que 300 de otras mil unidades ferroviarias que se fabricar\u00e1n en el pa\u00eds para la misma empresa, a trav\u00e9s del Ministerio de Transporte, se construir\u00e1n en la industria.<\/p>\n<p>La inversi\u00f3n en este material ferroviario, se realizar\u00e1 con financiamiento de China. Durig\u00f3n expres\u00f3: \u201cEn estos d\u00edas, estimamos, el ministerio de Transporte y el Belgrano Cargas estar\u00edan firmando un convenio con China, lo que nos habilitar\u00e1 ya a la construcci\u00f3n de esos 300 vagones\u201d, expres\u00f3. Agreg\u00f3 el presidente de FM S.E: \u201cEstamos, adem\u00e1s, con un proyecto para ampliar esa producci\u00f3n y adquirir capacidad para fabricar los\u00a0<em>bogies<\/em>\u201c.<\/p>\n<p>Los\u00a0<em>bogies\u00a0<\/em>no se fabrican en el pa\u00eds. Se trata de pares de ruedas, montadas sobre ejes pr\u00f3ximos, paralelos, que se utilizan en ambos extremos de los veh\u00edculos de gran longitud destinados a circular sobre carriles. A trav\u00e9s de un convenio de FM S.E con la Universidad de La Plata, se avanza en prototipos, para elaborarlos en la f\u00e1brica riotercerense.<\/p>\n<p>Indic\u00f3 que la compra de los vagones para el Belgrano Cargas, \u201cviene atada a un convenio con China, que est\u00e1 en la parte final\u201d. \u201cYa est\u00e1 presupuestado y en eso ya tenemos un preconvenio (con el Belgrano Cargas), que nos habilita directamente a fabricar 300 de esos mil vagones en la planta que se inici\u00f3 en la anterior gesti\u00f3n del ministro Rossi\u201d, dijo. Y agreg\u00f3: \u201cSi se termina de concretar, que es un hecho, estar\u00eda la posibilidad de incorporar a mayor cantidad de trabajadores. El compromiso del ministro era que en la medida en que la producci\u00f3n se reactivara tendr\u00edan prioridad los trabajadores despedidos (fueron 100 los cesanteados por el anterior gobierno entre 2017 y 2018). Lo estamos cumpliendo\u201d.<\/p>\n<h3><strong>Indemnizaciones<\/strong><\/h3>\n<p>Durig\u00f3n, consultado sobre la ley que establece resarcimientos para quienes demandaron al Estado por la voladura de la f\u00e1brica en 1995, adhiriendo a la norma y desistiendo de la prosecuci\u00f3n judicial, dijo que se est\u00e1 avanzando y antes de cerrar este a\u00f1o podr\u00edan salir de Econom\u00eda los primeros pagos en bonos del Estado, como ha sucedido con leyes similares.<\/p>\n<p>\u201cCuando nos hicimos cargo, uno de los planteos fue ver como retom\u00e1bamos la relaci\u00f3n de la F\u00e1brica Militar con la sociedad. Particularmente, en R\u00edo Tercero, era no haber saldado el da\u00f1o que se caus\u00f3. Cre\u00ed que con la llegada de L\u00f3pez\u00a0 a la f\u00e1brica y la posibilidad de reincorporar a trabajadores, era sobre lo que se ten\u00eda que trabajar, pero tambi\u00e9n sobre las indemnizaciones. Lo que se propuso, es que hab\u00eda dos actores principales que ten\u00eda que intervenir, el ministerio (de Defensa) y Fabricaciones Militares\u201d, expres\u00f3 Durig\u00f3n.<\/p>\n<p>En ese sentido, record\u00f3 que se conform\u00f3 \u201cun grupo de trabajo\u201d. \u201cHab\u00eda que corregir alguna situaci\u00f3n que la administrac\u00ed\u00f3n anterior hab\u00eda hecho mal\u201d, expres\u00f3. Indic\u00f3 que se inici\u00f3 esa tarea con cada expediente de los demandantes. Agreg\u00f3 que la \u201ccorrecci\u00f3n de esos errores\u201d de la gesti\u00f3n anterior \u201cya estar\u00edan finalizados\u201d. \u201cSon cinco pasos\u201d, detall\u00f3 sobre el proceso para que se lleguen a abonar los montos establecidos por la ley. El primero, record\u00f3, incluy\u00f3 a unos tres mil expedientes corregidos y a la firma de los primeros certificados.<\/p>\n<p>\u201cLos abogados de los damnificados ya est\u00e1n viniendo a la f\u00e1brica para comenzar a firmar los primeros\u201d, indic\u00f3. Luego, prosigui\u00f3, retornan los expedientes al Ministerio de Defensa. All\u00ed se realiza una segunda revisi\u00f3n. Y posteriormente se firma el segundo formulario pasando luego a Econom\u00eda para que se realice el pago \u201cdespu\u00e9s de una serie de controles\u201d.<\/p>\n<p>\u201cYa con m\u00e1s de tres mil expedientes trabajados y 200 con un principio de firma para el pase a Econom\u00eda, estamos con la expectativa de que algunos puedan pagarse antes de fin de a\u00f1o, adem\u00e1s de ir regularizando (el resto), mes a mes, el a\u00f1o que viene, para terminar 2021 con todo saldado\u201d, expres\u00f3 el director de la empresa estatal, quien adem\u00e1s es abogado.<\/p>\n<p>Explic\u00f3 que tanto el personal de Fabricaciones Militares como el del Ministerio de Defensa, est\u00e1n trabajando para que se pueda concluir con este tema. \u201cY muchos trabajadores de R\u00edo Tercero se han sumado voluntariamente\u201d, record\u00f3. Aclar\u00f3 que todo ese tr\u00e1mite que se realiza, es necesario por los organismos de control. \u201cSe trata de los controles internos de la administraci\u00f3n p\u00fablica, que tienen que ver con auditor\u00edas y la Sigen (el \u00f3rgano de control interno del Poder Ejecutivo Nacional). Luego de esos controles pasan a Econom\u00eda, que ya es un organismo distinto al que trabaj\u00f3 el expediente internamente\u201d, detall\u00f3.<\/p>\n<p>El director de Fabricaciones Militares, indic\u00f3 que la ley implicaba \u201cun cierre\u201d en cuanto a las demandas iniciadas, pero se ampli\u00f3. \u201cLos abogados representantes de cada uno tiene la posibilidad de hacerlo\u201d, se\u00f1al\u00f3. De unos nueve mil, se pas\u00f3 a m\u00e1s de 12 mil expedientes. Existen distintos montos, dependiendo del da\u00f1o, seg\u00fan lo establece la norma aprobada y promulgada antes del cierre de 2015 y reglamentada casi cuatro a\u00f1os despu\u00e9s.<\/p>\n<p><strong>Fuente: www.3rionoticias.com.ar<\/strong><\/p>\n","protected":false},"excerpt":{"rendered":"<p>\u201cLa de R\u00edo Tercero, es una de las f\u00e1bricas m\u00e1s favorecidas en esta gesti\u00f3n en relaci\u00f3n a las inversiones. Tienen que ver con la seguridad, con el cuidado de nuestros trabajadores, tambi\u00e9n sobre las reincorporaciones, que en este \u00faltimo tiempo se van a dar algunas m\u00e1s. Y estamos trabajando mucho sobre el tema de las [&hellip;]<\/p>\n","protected":false},"author":7,"featured_media":23710,"comment_status":"open","ping_status":"open","sticky":true,"template":"","format":"standard","meta":{"_exactmetrics_skip_tracking":false,"_exactmetrics_sitenote_active":false,"_exactmetrics_sitenote_note":"","_exactmetrics_sitenote_category":0,"jnews-multi-image_gallery":[],"jnews_single_post":{"source_name":"","source_url":"","via_name":"","via_url":"","override_template":"0","override":[{"template":"1","single_blog_custom":"","parallax":"1","fullscreen":"0","layout":"right-sidebar","sidebar":"default-sidebar","second_sidebar":"default-sidebar","sticky_sidebar":"1","share_position":"top","share_float_style":"share-monocrhome","show_share_counter":"1","show_view_counter":"1","show_featured":"1","show_post_meta":"1","show_post_author":"1","show_post_author_image":"1","show_post_date":"1","post_date_format":"default","post_date_format_custom":"Y\/m\/d","show_post_category":"1","show_post_reading_time":"0","post_reading_time_wpm":"300","show_zoom_button":"0","zoom_button_out_step":"2","zoom_button_in_step":"3","show_post_tag":"1","show_prev_next_post":"1","show_popup_post":"1","number_popup_post":"1","show_author_box":"0","show_post_related":"0","show_inline_post_related":"0"}],"override_image_size":"0","image_override":[{"single_post_thumbnail_size":"crop-500","single_post_gallery_size":"crop-500"}],"trending_post":"0","trending_post_position":"meta","trending_post_label":"Trending","sponsored_post":"0","sponsored_post_label":"Sponsored by","sponsored_post_name":"","sponsored_post_url":"","sponsored_post_logo_enable":"0","sponsored_post_logo":"","sponsored_post_desc":""},"jnews_primary_category":{"id":""},"jnews_social_meta":{"fb_title":"","fb_description":"","fb_image":"","twitter_title":"","twitter_description":"","twitter_image":""},"jnews_review":[],"enable_review":"0","type":"percentage","name":"","summary":"","brand":"","sku":"","good":[{"good_text":""}],"bad":[{"bad_text":""}],"score_override":"","override_value":"","rating":[{"rating_text":"","rating_number":"10"}],"price":[{"shop":"","price":"","link":"","icon":""}],"jnews_override_counter":{"override_view_counter":"0","view_counter_number":"0","override_share_counter":"0","share_counter_number":"0","override_like_counter":"0","like_counter_number":"0","override_dislike_counter":"0","dislike_counter_number":"0"},"jnews_post_split":{"enable_post_split":"0","post_split":[{"template":"1","tag":"h2","numbering":"asc","mode":"normal"}]},"footnotes":""},"categories":[18,13],"tags":[570],"class_list":["post-23709","post","type-post","status-publish","format-standard","has-post-thumbnail","hentry","category-nacionales","category-rio-tercero","tag-direccion-general-de-fabricaciones-militares"],"jetpack_featured_media_url":"https:\/\/atecordoba.org\/wp-content\/uploads\/2020\/12\/presidente-ffmm.jpg","_links":{"self":[{"href":"https:\/\/atecordoba.org\/index.php?rest_route=\/wp\/v2\/posts\/23709","targetHints":{"allow":["GET"]}}],"collection":[{"href":"https:\/\/atecordoba.org\/index.php?rest_route=\/wp\/v2\/posts"}],"about":[{"href":"https:\/\/atecordoba.org\/index.php?rest_route=\/wp\/v2\/types\/post"}],"author":[{"embeddable":true,"href":"https:\/\/atecordoba.org\/index.php?rest_route=\/wp\/v2\/users\/7"}],"replies":[{"embeddable":true,"href":"https:\/\/atecordoba.org\/index.php?rest_route=%2Fwp%2Fv2%2Fcomments&post=23709"}],"version-history":[{"count":2,"href":"https:\/\/atecordoba.org\/index.php?rest_route=\/wp\/v2\/posts\/23709\/revisions"}],"predecessor-version":[{"id":23712,"href":"https:\/\/atecordoba.org\/index.php?rest_route=\/wp\/v2\/posts\/23709\/revisions\/23712"}],"wp:featuredmedia":[{"embeddable":true,"href":"https:\/\/atecordoba.org\/index.php?rest_route=\/wp\/v2\/media\/23710"}],"wp:attachment":[{"href":"https:\/\/atecordoba.org\/index.php?rest_route=%2Fwp%2Fv2%2Fmedia&parent=23709"}],"wp:term":[{"taxonomy":"category","embeddable":true,"href":"https:\/\/atecordoba.org\/index.php?rest_route=%2Fwp%2Fv2%2Fcategories&post=23709"},{"taxonomy":"post_tag","embeddable":true,"href":"https:\/\/atecordoba.org\/index.php?rest_route=%2Fwp%2Fv2%2Ftags&post=23709"}],"curies":[{"name":"wp","href":"https:\/\/api.w.org\/{rel}","templated":true}]}}