{"id":23708,"date":"2020-12-14T14:06:52","date_gmt":"2020-12-14T17:06:52","guid":{"rendered":"https:\/\/atecordoba.org\/?p=23708"},"modified":"2020-12-14T14:07:32","modified_gmt":"2020-12-14T17:07:32","slug":"ddhh-ate-cordoba-adhiere-al-repudio-de-la-intersindical-de-mujeres-a-palazzo-y-barbara","status":"publish","type":"post","link":"https:\/\/atecordoba.org\/?p=23708","title":{"rendered":"DDHH: ATE C\u00f3rdoba adhiere al repudio de la Intersindical de Mujeres a Palazzo y Barbar\u00e1"},"content":{"rendered":"<figure id=\"attachment_23713\" aria-describedby=\"caption-attachment-23713\" style=\"width: 602px\" class=\"wp-caption aligncenter\"><img loading=\"lazy\" decoding=\"async\" class=\"wp-image-23713\" src=\"https:\/\/atecordoba.org\/wp-content\/uploads\/2020\/12\/intersindical-mujeres-cordoba-2-300x169.jpg\" alt=\"\" width=\"602\" height=\"339\" srcset=\"https:\/\/atecordoba.org\/wp-content\/uploads\/2020\/12\/intersindical-mujeres-cordoba-2-300x169.jpg 300w, https:\/\/atecordoba.org\/wp-content\/uploads\/2020\/12\/intersindical-mujeres-cordoba-2-1024x576.jpg 1024w, https:\/\/atecordoba.org\/wp-content\/uploads\/2020\/12\/intersindical-mujeres-cordoba-2-768x432.jpg 768w, https:\/\/atecordoba.org\/wp-content\/uploads\/2020\/12\/intersindical-mujeres-cordoba-2-750x422.jpg 750w, https:\/\/atecordoba.org\/wp-content\/uploads\/2020\/12\/intersindical-mujeres-cordoba-2.jpg 1058w\" sizes=\"auto, (max-width: 602px) 100vw, 602px\" \/><figcaption id=\"caption-attachment-23713\" class=\"wp-caption-text\">Foto gentileza La Tinta.<\/figcaption><\/figure>\n<p>Desde la Intersindical de Mujeres de C\u00f3rdoba sumamos nuestra voz para repudiar y rechazar la propuesta de la Facultad de Derecho de nombrar profesores em\u00e9ritos a los abogados Jos\u00e9 Luis Palazzo y Jorge Edmundo Barbar\u00e1. Las mujeres organizadas en nuestros sindicatos exhortamos al Consejo Superior de la Universidad Nacional de C\u00f3rdoba a rechazar esta propuesta.<\/p>\n<p>Es sabido que ambos docentes se desempe\u00f1aron como funcionarios p\u00fablicos en lugares claves de la gesti\u00f3n de la \u00faltima dictadura c\u00edvico-militar y eclesi\u00e1stica que sembr\u00f3 el terror en nuestro pa\u00eds.<\/p>\n<p>En el caso de Jorge Edmundo Barbar\u00e1, fue funcionario de la administraci\u00f3n de Rub\u00e9n Juan Pellanda, interventor municipal desde abril de 1981 hasta enero de 1982, momento en el que pas\u00f3 a ser interventor de la provincia. El v\u00ednculo de Jos\u00e9 Luis Palazzo con el gobierno de facto tiene como evidencia haber sido subsecretario de Estado de la provincia en junio de 1979.<\/p>\n<p>Pero no solo eso: en la megacausa por delitos de lesa humanidad cometidos en el Centro Clandestino de Detenci\u00f3n y Tortura La Perla se aport\u00f3 como prueba una carta de pu\u00f1o y letra que dirigi\u00f3 Men\u00e9ndez al entonces Ministro de Gobierno de la gobernaci\u00f3n de facto. En ella Men\u00e9ndez le dice al destinatario que Palazzo \u201cha sido un luchador frontal y abierto\u201d contra los \u201celementos izquierdistas\u201d que \u201cinfestaron\u201d la provincia de C\u00f3rdoba, \u201cy en particular en la Empresa Provincial de Energ\u00eda El\u00e9ctrica\u201d. Podr\u00eda ser una simple recomendaci\u00f3n pero hay un triste contexto que la convierte en una especie de \u201ccondecoraci\u00f3n\u201d: los alrededor de siete desaparecidos y desaparecidas de EPEC.<\/p>\n<p>Precisamente por dicha carta en el mencionado juicio se lo ha se\u00f1alado como part\u00edcipe civil de la desaparici\u00f3n de Tom\u00e1s Di Toffino, referente del Sindicato de Luz. El 30 de noviembre de 1976, Di Toffino fue secuestrado por la patota de La Perla, a la salida de su trabajo en la Epec, \u00e9poca en la que Palazzo, se desempe\u00f1aba como gerente de Personal de la empresa de energ\u00eda de la provincia de C\u00f3rdoba, cargo en el que hab\u00eda sido designado por el propio Men\u00e9ndez.<\/p>\n<p>Las y los trabajadores fueron los principales blancos de la represi\u00f3n dictatorial que para imponer su plan econ\u00f3mico utiliz\u00f3 la desaparici\u00f3n f\u00edsica e intent\u00f3 desarticular las organizaciones sindicales.<\/p>\n<p>Por ello como Intersindical de Mujeres formamos parte del inmenso movimiento social que a\u00f1o a a\u00f1o renueva su compromiso de lucha por la Memoria, la Verdad y la Justicia. Esta tarea de construcci\u00f3n de la memoria reclama un ejercicio permanente, en todos los \u00e1mbitos, y ese compromiso ha sido asumido por la Universidad Nacional de C\u00f3rdoba con una larga trayectoria.<\/p>\n<p>Por todo ello y la memoria de los 30.400 desaparecidas y desaparecidos solicitamos al Consejo Superior de la Universidad Nacional de C\u00f3rdoba rechazar la propuesta de designaci\u00f3n de profesores em\u00e9ritos de la Universidad P\u00fablica a Jos\u00e9 Luis Palazzo y Jorge Edmundo Barbar\u00e1.<\/p>\n","protected":false},"excerpt":{"rendered":"<p>Desde la Intersindical de Mujeres de C\u00f3rdoba sumamos nuestra voz para repudiar y rechazar la propuesta de la Facultad de Derecho de nombrar profesores em\u00e9ritos a los abogados Jos\u00e9 Luis Palazzo y Jorge Edmundo Barbar\u00e1. Las mujeres organizadas en nuestros sindicatos exhortamos al Consejo Superior de la Universidad Nacional de C\u00f3rdoba a rechazar esta propuesta. [&hellip;]<\/p>\n","protected":false},"author":7,"featured_media":23713,"comment_status":"open","ping_status":"open","sticky":true,"template":"","format":"standard","meta":{"_exactmetrics_skip_tracking":false,"_exactmetrics_sitenote_active":false,"_exactmetrics_sitenote_note":"","_exactmetrics_sitenote_category":0,"jnews-multi-image_gallery":[],"jnews_single_post":{"source_name":"","source_url":"","via_name":"","via_url":"","override_template":"0","override":[{"template":"1","single_blog_custom":"","parallax":"1","fullscreen":"0","layout":"right-sidebar","sidebar":"default-sidebar","second_sidebar":"default-sidebar","sticky_sidebar":"1","share_position":"top","share_float_style":"share-monocrhome","show_share_counter":"1","show_view_counter":"1","show_featured":"1","show_post_meta":"1","show_post_author":"1","show_post_author_image":"1","show_post_date":"1","post_date_format":"default","post_date_format_custom":"Y\/m\/d","show_post_category":"1","show_post_reading_time":"0","post_reading_time_wpm":"300","show_zoom_button":"0","zoom_button_out_step":"2","zoom_button_in_step":"3","show_post_tag":"1","show_prev_next_post":"1","show_popup_post":"1","number_popup_post":"1","show_author_box":"0","show_post_related":"0","show_inline_post_related":"0"}],"override_image_size":"0","image_override":[{"single_post_thumbnail_size":"crop-500","single_post_gallery_size":"crop-500"}],"trending_post":"0","trending_post_position":"meta","trending_post_label":"Trending","sponsored_post":"0","sponsored_post_label":"Sponsored by","sponsored_post_name":"","sponsored_post_url":"","sponsored_post_logo_enable":"0","sponsored_post_logo":"","sponsored_post_desc":""},"jnews_primary_category":{"id":""},"jnews_social_meta":{"fb_title":"","fb_description":"","fb_image":"","twitter_title":"","twitter_description":"","twitter_image":""},"jnews_review":[],"enable_review":"0","type":"percentage","name":"","summary":"","brand":"","sku":"","good":[{"good_text":""}],"bad":[{"bad_text":""}],"score_override":"","override_value":"","rating":[{"rating_text":"","rating_number":"10"}],"price":[{"shop":"","price":"","link":"","icon":""}],"jnews_override_counter":{"override_view_counter":"0","view_counter_number":"0","override_share_counter":"0","share_counter_number":"0","override_like_counter":"0","like_counter_number":"0","override_dislike_counter":"0","dislike_counter_number":"0"},"jnews_post_split":{"enable_post_split":"0","post_split":[{"template":"1","tag":"h2","numbering":"asc","mode":"normal"}]},"footnotes":""},"categories":[10,122],"tags":[733],"class_list":["post-23708","post","type-post","status-publish","format-standard","has-post-thumbnail","hentry","category-accion-politica","category-ddhh","tag-intersindical-de-mujeres"],"jetpack_featured_media_url":"https:\/\/atecordoba.org\/wp-content\/uploads\/2020\/12\/intersindical-mujeres-cordoba-2.jpg","_links":{"self":[{"href":"https:\/\/atecordoba.org\/index.php?rest_route=\/wp\/v2\/posts\/23708","targetHints":{"allow":["GET"]}}],"collection":[{"href":"https:\/\/atecordoba.org\/index.php?rest_route=\/wp\/v2\/posts"}],"about":[{"href":"https:\/\/atecordoba.org\/index.php?rest_route=\/wp\/v2\/types\/post"}],"author":[{"embeddable":true,"href":"https:\/\/atecordoba.org\/index.php?rest_route=\/wp\/v2\/users\/7"}],"replies":[{"embeddable":true,"href":"https:\/\/atecordoba.org\/index.php?rest_route=%2Fwp%2Fv2%2Fcomments&post=23708"}],"version-history":[{"count":2,"href":"https:\/\/atecordoba.org\/index.php?rest_route=\/wp\/v2\/posts\/23708\/revisions"}],"predecessor-version":[{"id":23715,"href":"https:\/\/atecordoba.org\/index.php?rest_route=\/wp\/v2\/posts\/23708\/revisions\/23715"}],"wp:featuredmedia":[{"embeddable":true,"href":"https:\/\/atecordoba.org\/index.php?rest_route=\/wp\/v2\/media\/23713"}],"wp:attachment":[{"href":"https:\/\/atecordoba.org\/index.php?rest_route=%2Fwp%2Fv2%2Fmedia&parent=23708"}],"wp:term":[{"taxonomy":"category","embeddable":true,"href":"https:\/\/atecordoba.org\/index.php?rest_route=%2Fwp%2Fv2%2Fcategories&post=23708"},{"taxonomy":"post_tag","embeddable":true,"href":"https:\/\/atecordoba.org\/index.php?rest_route=%2Fwp%2Fv2%2Ftags&post=23708"}],"curies":[{"name":"wp","href":"https:\/\/api.w.org\/{rel}","templated":true}]}}